{"id":86451,"date":"2024-10-23T12:30:21","date_gmt":"2024-10-23T12:30:21","guid":{"rendered":"https:\/\/www.pelayo.com\/teloaseguro\/?p=86451"},"modified":"2024-10-16T08:29:37","modified_gmt":"2024-10-16T08:29:37","slug":"dgt-ocu-coche-desuso","status":"publish","type":"post","link":"https:\/\/www.pelayo.com\/teloaseguro\/coche-y-moto\/dgt-ocu-coche-desuso\/","title":{"rendered":"\u00bfQu\u00e9 recomiendan la DGT y la OCU para ahorrar con tu coche en desuso?"},"content":{"rendered":"<p><b><span data-contrast=\"auto\">Las herencias o el cambio de coche por un modelo m\u00e1s nuevo pueden hacer que los veh\u00edculos queden inmovilizados durante una temporada. Sin embargo, estas circunstancias no eximen de algunas obligaciones para ofrecer ciertas garant\u00edas al titular del coche en desuso y a terceros. <\/span><\/b><span data-ccp-props=\"{&quot;201341983&quot;:0,&quot;335559739&quot;:0,&quot;335559740&quot;:240}\">\u00a0<\/span><\/p>\n<p><span data-contrast=\"auto\">Los veh\u00edculos parados tambi\u00e9n pueden ser una fuente de da\u00f1os. Si por causa de un incendio o de un atropello protagonizado por un coche robado y sin seguro se producen da\u00f1os materiales o personales, las indemnizaciones por los perjuicios causados podr\u00edan ser reclamadas al titular del veh\u00edculo.\u00a0<\/span><span data-ccp-props=\"{&quot;201341983&quot;:0,&quot;335559739&quot;:0,&quot;335559740&quot;:240}\">\u00a0<\/span><\/p>\n<h2 aria-level=\"2\"><span data-contrast=\"none\">\u00bfEs obligatorio tener el coche asegurado si no lo voy a usar?<\/span><span data-ccp-props=\"{&quot;134233117&quot;:false,&quot;134233118&quot;:false,&quot;201341983&quot;:0,&quot;335551550&quot;:6,&quot;335551620&quot;:6,&quot;335557856&quot;:16777215,&quot;335559738&quot;:0,&quot;335559739&quot;:0,&quot;335559740&quot;:240}\">\u00a0<\/span><\/h2>\n<p><span data-contrast=\"auto\">La actual legislaci\u00f3n establece que <\/span><b><span data-contrast=\"auto\">cualquier veh\u00edculo dado de alta en Tr\u00e1fico<\/span><\/b><span data-contrast=\"auto\"> debe disponer de un seguro a terceros. Esto implica que, aunque el coche no se vaya a utilizar, debe estar asegurado.\u00a0<\/span><span data-ccp-props=\"{&quot;201341983&quot;:0,&quot;335559739&quot;:0,&quot;335559740&quot;:240}\">\u00a0<\/span><\/p>\n<p><span data-contrast=\"auto\">El motivo es f\u00e1cil de entender. Incluso los veh\u00edculos estacionados pueden ser el origen de un siniestro (p. ej., un incendio), y provocar da\u00f1os a terceros. Los <\/span><a href=\"https:\/\/www.pelayo.com\/seguros-coche\"><span data-contrast=\"none\">seguros de coche<\/span><\/a><span data-contrast=\"auto\"> ofrecen otro tipo de coberturas, aparte de las estrictamente relacionadas con la circulaci\u00f3n.\u00a0<\/span><span data-ccp-props=\"{&quot;201341983&quot;:0,&quot;335559739&quot;:0,&quot;335559740&quot;:240}\">\u00a0<\/span><\/p>\n<p><span data-contrast=\"auto\">En aparcamientos p\u00fablicos (p. ej., el de una comunidad de vecinos) o en plazas de garaje privadas en un edificio, el seguro es obligatorio. En <\/span><b><span data-contrast=\"auto\">fincas privadas y aisladas<\/span><\/b><span data-contrast=\"auto\"> en las que es poco probable que el coche pueda causar da\u00f1os a terceros, no es obligatorio, pero s\u00ed recomendable.\u00a0\u00a0<\/span><span data-ccp-props=\"{&quot;201341983&quot;:0,&quot;335559739&quot;:0,&quot;335559740&quot;:240}\">\u00a0<\/span><\/p>\n<p><span data-contrast=\"auto\">Por otro lado, los veh\u00edculos inutilizados que est\u00e9n aparcados en la v\u00eda p\u00fablica no solo deber\u00e1n disponer de seguro sino <\/span><b><span data-contrast=\"auto\">tener la ITV en vigor<\/span><\/b><span data-contrast=\"auto\">. Aunque la Ley de Tr\u00e1fico y Seguridad Vial es algo ambigua en este supuesto, lo m\u00e1s recomendable es evitar esta pr\u00e1ctica y ahorrarse la multa de 200 euros o la necesidad de recurrir dicha sanci\u00f3n (abierta a interpretaci\u00f3n).\u00a0<\/span><span data-ccp-props=\"{&quot;201341983&quot;:0,&quot;335559739&quot;:0,&quot;335559740&quot;:240}\">\u00a0<\/span><\/p>\n<h2 aria-level=\"2\"><span data-contrast=\"none\">Soluciones alternativas para los coches en desuso<\/span><span data-ccp-props=\"{&quot;134233117&quot;:false,&quot;134233118&quot;:false,&quot;201341983&quot;:0,&quot;335551550&quot;:6,&quot;335551620&quot;:6,&quot;335557856&quot;:16777215,&quot;335559738&quot;:0,&quot;335559739&quot;:0,&quot;335559740&quot;:240}\">\u00a0<\/span><\/h2>\n<p><span data-contrast=\"auto\">Existen dos modos de <\/span><b><span data-contrast=\"auto\">evitar sanciones y otros problemas m\u00e1s graves<\/span><\/b><span data-contrast=\"auto\"> por tener un veh\u00edculo inmovilizado y sin seguro:<\/span><span data-ccp-props=\"{&quot;201341983&quot;:0,&quot;335559739&quot;:0,&quot;335559740&quot;:240}\">\u00a0<\/span><\/p>\n<ul>\n<li data-leveltext=\"\uf0b7\" data-font=\"Symbol\" data-listid=\"7\" data-list-defn-props=\"{&quot;335552541&quot;:1,&quot;335559685&quot;:720,&quot;335559991&quot;:360,&quot;469769226&quot;:&quot;Symbol&quot;,&quot;469769242&quot;:[8226],&quot;469777803&quot;:&quot;left&quot;,&quot;469777804&quot;:&quot;\uf0b7&quot;,&quot;469777815&quot;:&quot;hybridMultilevel&quot;}\" aria-setsize=\"-1\" data-aria-posinset=\"1\" data-aria-level=\"1\"><span data-contrast=\"auto\">Contratar un <\/span><b><span data-contrast=\"auto\">seguro a terceros econ\u00f3mico<\/span><\/b><span data-contrast=\"auto\">. Es posible obtener seguros para coches con precios que rondan los 150 euros al a\u00f1o.\u00a0<\/span><span data-ccp-props=\"{&quot;201341983&quot;:0,&quot;335559739&quot;:0,&quot;335559740&quot;:240}\">\u00a0<\/span><\/li>\n<\/ul>\n<ul>\n<li data-leveltext=\"\uf0b7\" data-font=\"Symbol\" data-listid=\"7\" data-list-defn-props=\"{&quot;335552541&quot;:1,&quot;335559685&quot;:720,&quot;335559991&quot;:360,&quot;469769226&quot;:&quot;Symbol&quot;,&quot;469769242&quot;:[8226],&quot;469777803&quot;:&quot;left&quot;,&quot;469777804&quot;:&quot;\uf0b7&quot;,&quot;469777815&quot;:&quot;hybridMultilevel&quot;}\" aria-setsize=\"-1\" data-aria-posinset=\"2\" data-aria-level=\"1\"><span data-contrast=\"auto\">Proceder a la <\/span><b><span data-contrast=\"auto\">baja temporal del veh\u00edculo<\/span><\/b><span data-contrast=\"auto\"> en la DGT. Con este tr\u00e1mite no solo desaparece la obligatoriedad de disponer de un seguro, sino que el veh\u00edculo quedar\u00e1 exento de pagar el impuesto de circulaci\u00f3n.\u00a0<\/span><span data-ccp-props=\"{&quot;201341983&quot;:0,&quot;335559739&quot;:0,&quot;335559740&quot;:240}\">\u00a0<\/span><\/li>\n<\/ul>\n<p><span data-contrast=\"auto\">Con todo, es importante tener en cuenta que un veh\u00edculo en desuso estacionado durante varios meses en la v\u00eda p\u00fablica puede considerarse como abandonado. En estos casos se notifica al titular de esta circunstancia y se le da un plazo de 48 horas para que retire el veh\u00edculo antes de que lo haga la gr\u00faa.\u00a0<\/span><span data-ccp-props=\"{&quot;201341983&quot;:0,&quot;335559739&quot;:0,&quot;335559740&quot;:240}\">\u00a0<\/span><\/p>\n<p><img loading=\"lazy\" class=\"alignnone size-full wp-image-86453\" src=\"\/teloaseguro\/wp-content\/uploads\/2024\/10\/shutterstock_24590891231.jpg\" alt=\"Coche en desuso\" width=\"800\" height=\"414\" srcset=\"\/teloaseguro\/wp-content\/uploads\/2024\/10\/shutterstock_24590891231.jpg 800w, \/teloaseguro\/wp-content\/uploads\/2024\/10\/shutterstock_24590891231-300x155.jpg 300w, \/teloaseguro\/wp-content\/uploads\/2024\/10\/shutterstock_24590891231-768x397.jpg 768w\" sizes=\"(max-width: 800px) 100vw, 800px\" \/><\/p>\n","protected":false},"excerpt":{"rendered":"<p>Las herencias o el cambio de coche por un modelo m\u00e1s nuevo pueden hacer que los veh\u00edculos queden inmovilizados durante<\/p>\n","protected":false},"author":7,"featured_media":86452,"comment_status":"closed","ping_status":"open","sticky":false,"template":"","format":"standard","meta":[],"categories":[5],"tags":[32,47,45,4],"yoast_head":"<!-- This site is optimized with the Yoast SEO plugin v17.5 - https:\/\/yoast.com\/wordpress\/plugins\/seo\/ -->\n<title>Recomendaciones de la DGT para coches en desuso | Pelayo<\/title>\n<meta name=\"description\" content=\"Los veh\u00edculos parados tambi\u00e9n pueden sufrir da\u00f1os, pero \u00bfes obligatorio tener el coche asegurado si no se usa? \u00a1Desc\u00fabrelo y evita sanciones!\" \/>\n<meta name=\"robots\" content=\"index, follow, max-snippet:-1, max-image-preview:large, max-video-preview:-1\" \/>\n<link rel=\"canonical\" href=\"https:\/\/www.pelayo.com\/teloaseguro\/coche-y-moto\/dgt-ocu-coche-desuso\/\" \/>\n<meta property=\"og:locale\" content=\"es_ES\" \/>\n<meta property=\"og:type\" content=\"article\" \/>\n<meta property=\"og:title\" content=\"Recomendaciones de la DGT para coches en desuso | Pelayo\" \/>\n<meta property=\"og:description\" content=\"Los veh\u00edculos parados tambi\u00e9n pueden sufrir da\u00f1os, pero \u00bfes obligatorio tener el coche asegurado si no se usa? \u00a1Desc\u00fabrelo y evita sanciones!\" \/>\n<meta property=\"og:url\" content=\"https:\/\/www.pelayo.com\/teloaseguro\/coche-y-moto\/dgt-ocu-coche-desuso\/\" \/>\n<meta property=\"og:site_name\" content=\"Pelayo\" \/>\n<meta property=\"article:published_time\" content=\"2024-10-23T12:30:21+00:00\" \/>\n<meta property=\"article:modified_time\" content=\"2024-10-16T08:29:37+00:00\" \/>\n<meta property=\"og:image\" content=\"https:\/\/www.pelayo.com\/teloaseguro\/wp-content\/uploads\/2024\/10\/shutterstock_2459089123.jpg\" \/>\n\t<meta property=\"og:image:width\" content=\"800\" \/>\n\t<meta property=\"og:image:height\" content=\"533\" \/>\n<meta name=\"twitter:card\" content=\"summary_large_image\" \/>\n<meta name=\"twitter:label1\" content=\"Escrito por\" \/>\n\t<meta name=\"twitter:data1\" content=\"Seguros Pelayo\" \/>\n\t<meta name=\"twitter:label2\" content=\"Tiempo de lectura\" \/>\n\t<meta name=\"twitter:data2\" content=\"2 minutos\" \/>\n<script type=\"application\/ld+json\" class=\"yoast-schema-graph\">{\"@context\":\"https:\/\/schema.org\",\"@graph\":[{\"@type\":\"WebSite\",\"@id\":\"https:\/\/www.pelayo.com\/teloaseguro\/#website\",\"url\":\"https:\/\/www.pelayo.com\/teloaseguro\/\",\"name\":\"Pelayo\",\"description\":\"\",\"potentialAction\":[{\"@type\":\"SearchAction\",\"target\":{\"@type\":\"EntryPoint\",\"urlTemplate\":\"https:\/\/www.pelayo.com\/teloaseguro\/?s={search_term_string}\"},\"query-input\":\"required name=search_term_string\"}],\"inLanguage\":\"es\"},{\"@type\":\"ImageObject\",\"@id\":\"https:\/\/www.pelayo.com\/teloaseguro\/coche-y-moto\/dgt-ocu-coche-desuso\/#primaryimage\",\"inLanguage\":\"es\",\"url\":\"\/teloaseguro\/wp-content\/uploads\/2024\/10\/shutterstock_2459089123.jpg\",\"contentUrl\":\"\/teloaseguro\/wp-content\/uploads\/2024\/10\/shutterstock_2459089123.jpg\",\"width\":800,\"height\":533,\"caption\":\"Coche en desuso\"},{\"@type\":\"WebPage\",\"@id\":\"https:\/\/www.pelayo.com\/teloaseguro\/coche-y-moto\/dgt-ocu-coche-desuso\/#webpage\",\"url\":\"https:\/\/www.pelayo.com\/teloaseguro\/coche-y-moto\/dgt-ocu-coche-desuso\/\",\"name\":\"Recomendaciones de la DGT para coches en desuso | Pelayo\",\"isPartOf\":{\"@id\":\"https:\/\/www.pelayo.com\/teloaseguro\/#website\"},\"primaryImageOfPage\":{\"@id\":\"https:\/\/www.pelayo.com\/teloaseguro\/coche-y-moto\/dgt-ocu-coche-desuso\/#primaryimage\"},\"datePublished\":\"2024-10-23T12:30:21+00:00\",\"dateModified\":\"2024-10-16T08:29:37+00:00\",\"author\":{\"@id\":\"https:\/\/www.pelayo.com\/teloaseguro\/#\/schema\/person\/378d14d33c168734fd01fdad1cb58607\"},\"description\":\"Los veh\\u00edculos parados tambi\\u00e9n pueden sufrir da\\u00f1os, pero \\u00bfes obligatorio tener el coche asegurado si no se usa? \\u00a1Desc\\u00fabrelo y evita sanciones!\",\"breadcrumb\":{\"@id\":\"https:\/\/www.pelayo.com\/teloaseguro\/coche-y-moto\/dgt-ocu-coche-desuso\/#breadcrumb\"},\"inLanguage\":\"es\",\"potentialAction\":[{\"@type\":\"ReadAction\",\"target\":[\"https:\/\/www.pelayo.com\/teloaseguro\/coche-y-moto\/dgt-ocu-coche-desuso\/\"]}]},{\"@type\":\"BreadcrumbList\",\"@id\":\"https:\/\/www.pelayo.com\/teloaseguro\/coche-y-moto\/dgt-ocu-coche-desuso\/#breadcrumb\",\"itemListElement\":[{\"@type\":\"ListItem\",\"position\":1,\"name\":\"Portada\",\"item\":\"https:\/\/www.pelayo.com\/teloaseguro\/\"},{\"@type\":\"ListItem\",\"position\":2,\"name\":\"\\u00bfQu\\u00e9 recomiendan la DGT y la OCU para ahorrar con tu coche en desuso?\"}]},{\"@type\":\"Person\",\"@id\":\"https:\/\/www.pelayo.com\/teloaseguro\/#\/schema\/person\/378d14d33c168734fd01fdad1cb58607\",\"name\":\"Seguros Pelayo\",\"image\":{\"@type\":\"ImageObject\",\"@id\":\"https:\/\/www.pelayo.com\/teloaseguro\/#personlogo\",\"inLanguage\":\"es\",\"url\":\"https:\/\/secure.gravatar.com\/avatar\/b9ab97b59c5b011e9e6b31499851eeef?s=96&d=mm&r=g\",\"contentUrl\":\"https:\/\/secure.gravatar.com\/avatar\/b9ab97b59c5b011e9e6b31499851eeef?s=96&d=mm&r=g\",\"caption\":\"Seguros Pelayo\"},\"url\":\"https:\/\/www.pelayo.com\/teloaseguro\/author\/dentsu\/\"}]}<\/script>\n<!-- \/ Yoast SEO plugin. -->","yoast_head_json":{"title":"Recomendaciones de la DGT para coches en desuso | Pelayo","description":"Los veh\u00edculos parados tambi\u00e9n pueden sufrir da\u00f1os, pero \u00bfes obligatorio tener el coche asegurado si no se usa? \u00a1Desc\u00fabrelo y evita sanciones!","robots":{"index":"index","follow":"follow","max-snippet":"max-snippet:-1","max-image-preview":"max-image-preview:large","max-video-preview":"max-video-preview:-1"},"canonical":"https:\/\/www.pelayo.com\/teloaseguro\/coche-y-moto\/dgt-ocu-coche-desuso\/","og_locale":"es_ES","og_type":"article","og_title":"Recomendaciones de la DGT para coches en desuso | Pelayo","og_description":"Los veh\u00edculos parados tambi\u00e9n pueden sufrir da\u00f1os, pero \u00bfes obligatorio tener el coche asegurado si no se usa? \u00a1Desc\u00fabrelo y evita sanciones!","og_url":"https:\/\/www.pelayo.com\/teloaseguro\/coche-y-moto\/dgt-ocu-coche-desuso\/","og_site_name":"Pelayo","article_published_time":"2024-10-23T12:30:21+00:00","article_modified_time":"2024-10-16T08:29:37+00:00","og_image":[{"width":800,"height":533,"url":"https:\/\/www.pelayo.com\/teloaseguro\/wp-content\/uploads\/2024\/10\/shutterstock_2459089123.jpg","type":"image\/jpeg"}],"twitter_card":"summary_large_image","twitter_misc":{"Escrito por":"Seguros Pelayo","Tiempo de lectura":"2 minutos"},"schema":{"@context":"https:\/\/schema.org","@graph":[{"@type":"WebSite","@id":"https:\/\/www.pelayo.com\/teloaseguro\/#website","url":"https:\/\/www.pelayo.com\/teloaseguro\/","name":"Pelayo","description":"","potentialAction":[{"@type":"SearchAction","target":{"@type":"EntryPoint","urlTemplate":"https:\/\/www.pelayo.com\/teloaseguro\/?s={search_term_string}"},"query-input":"required name=search_term_string"}],"inLanguage":"es"},{"@type":"ImageObject","@id":"https:\/\/www.pelayo.com\/teloaseguro\/coche-y-moto\/dgt-ocu-coche-desuso\/#primaryimage","inLanguage":"es","url":"\/teloaseguro\/wp-content\/uploads\/2024\/10\/shutterstock_2459089123.jpg","contentUrl":"\/teloaseguro\/wp-content\/uploads\/2024\/10\/shutterstock_2459089123.jpg","width":800,"height":533,"caption":"Coche en desuso"},{"@type":"WebPage","@id":"https:\/\/www.pelayo.com\/teloaseguro\/coche-y-moto\/dgt-ocu-coche-desuso\/#webpage","url":"https:\/\/www.pelayo.com\/teloaseguro\/coche-y-moto\/dgt-ocu-coche-desuso\/","name":"Recomendaciones de la DGT para coches en desuso | Pelayo","isPartOf":{"@id":"https:\/\/www.pelayo.com\/teloaseguro\/#website"},"primaryImageOfPage":{"@id":"https:\/\/www.pelayo.com\/teloaseguro\/coche-y-moto\/dgt-ocu-coche-desuso\/#primaryimage"},"datePublished":"2024-10-23T12:30:21+00:00","dateModified":"2024-10-16T08:29:37+00:00","author":{"@id":"https:\/\/www.pelayo.com\/teloaseguro\/#\/schema\/person\/378d14d33c168734fd01fdad1cb58607"},"description":"Los veh\u00edculos parados tambi\u00e9n pueden sufrir da\u00f1os, pero \u00bfes obligatorio tener el coche asegurado si no se usa? \u00a1Desc\u00fabrelo y evita sanciones!","breadcrumb":{"@id":"https:\/\/www.pelayo.com\/teloaseguro\/coche-y-moto\/dgt-ocu-coche-desuso\/#breadcrumb"},"inLanguage":"es","potentialAction":[{"@type":"ReadAction","target":["https:\/\/www.pelayo.com\/teloaseguro\/coche-y-moto\/dgt-ocu-coche-desuso\/"]}]},{"@type":"BreadcrumbList","@id":"https:\/\/www.pelayo.com\/teloaseguro\/coche-y-moto\/dgt-ocu-coche-desuso\/#breadcrumb","itemListElement":[{"@type":"ListItem","position":1,"name":"Portada","item":"https:\/\/www.pelayo.com\/teloaseguro\/"},{"@type":"ListItem","position":2,"name":"\u00bfQu\u00e9 recomiendan la DGT y la OCU para ahorrar con tu coche en desuso?"}]},{"@type":"Person","@id":"https:\/\/www.pelayo.com\/teloaseguro\/#\/schema\/person\/378d14d33c168734fd01fdad1cb58607","name":"Seguros Pelayo","image":{"@type":"ImageObject","@id":"https:\/\/www.pelayo.com\/teloaseguro\/#personlogo","inLanguage":"es","url":"https:\/\/secure.gravatar.com\/avatar\/b9ab97b59c5b011e9e6b31499851eeef?s=96&d=mm&r=g","contentUrl":"https:\/\/secure.gravatar.com\/avatar\/b9ab97b59c5b011e9e6b31499851eeef?s=96&d=mm&r=g","caption":"Seguros Pelayo"},"url":"https:\/\/www.pelayo.com\/teloaseguro\/author\/dentsu\/"}]}},"_links":{"self":[{"href":"https:\/\/www.pelayo.com\/teloaseguro\/wp-json\/wp\/v2\/posts\/86451"}],"collection":[{"href":"https:\/\/www.pelayo.com\/teloaseguro\/wp-json\/wp\/v2\/posts"}],"about":[{"href":"https:\/\/www.pelayo.com\/teloaseguro\/wp-json\/wp\/v2\/types\/post"}],"author":[{"embeddable":true,"href":"https:\/\/www.pelayo.com\/teloaseguro\/wp-json\/wp\/v2\/users\/7"}],"replies":[{"embeddable":true,"href":"https:\/\/www.pelayo.com\/teloaseguro\/wp-json\/wp\/v2\/comments?post=86451"}],"version-history":[{"count":1,"href":"https:\/\/www.pelayo.com\/teloaseguro\/wp-json\/wp\/v2\/posts\/86451\/revisions"}],"predecessor-version":[{"id":86454,"href":"https:\/\/www.pelayo.com\/teloaseguro\/wp-json\/wp\/v2\/posts\/86451\/revisions\/86454"}],"wp:featuredmedia":[{"embeddable":true,"href":"https:\/\/www.pelayo.com\/teloaseguro\/wp-json\/wp\/v2\/media\/86452"}],"wp:attachment":[{"href":"https:\/\/www.pelayo.com\/teloaseguro\/wp-json\/wp\/v2\/media?parent=86451"}],"wp:term":[{"taxonomy":"category","embeddable":true,"href":"https:\/\/www.pelayo.com\/teloaseguro\/wp-json\/wp\/v2\/categories?post=86451"},{"taxonomy":"post_tag","embeddable":true,"href":"https:\/\/www.pelayo.com\/teloaseguro\/wp-json\/wp\/v2\/tags?post=86451"}],"curies":[{"name":"wp","href":"https:\/\/api.w.org\/{rel}","templated":true}]}}