{"id":86409,"date":"2024-08-27T12:30:19","date_gmt":"2024-08-27T12:30:19","guid":{"rendered":"https:\/\/www.pelayo.com\/teloaseguro\/?p=86409"},"modified":"2024-07-31T07:53:46","modified_gmt":"2024-07-31T07:53:46","slug":"incapacidad-depresion","status":"publish","type":"post","link":"https:\/\/www.pelayo.com\/teloaseguro\/vida-y-salud\/incapacidad-depresion\/","title":{"rendered":"\u00bfQu\u00e9 es la incapacidad por depresi\u00f3n?"},"content":{"rendered":"<p><b><span data-contrast=\"auto\">Seg\u00fan el informe Fundamed, en Espa\u00f1a hay 3 millones de personas diagnosticadas con depresi\u00f3n. Esta enfermedad mental es, adem\u00e1s, la primera causa de discapacidad en el mundo, afectando a la vida familiar, social y profesional.\u00a0\u00a0\u00a0<\/span><\/b><span data-ccp-props=\"{&quot;201341983&quot;:0,&quot;335559739&quot;:0,&quot;335559740&quot;:240}\">\u00a0<\/span><\/p>\n<p><span data-contrast=\"auto\">Las consecuencias mentales, f\u00edsicas y sociales de la depresi\u00f3n pueden llegar a suponer una limitaci\u00f3n importante para las personas que padecen este trastorno mental. El asesoramiento psicol\u00f3gico resulta fundamental para superar la enfermedad y retomar las actividades de la vida cotidiana.\u00a0\u00a0<\/span><span data-ccp-props=\"{&quot;201341983&quot;:0,&quot;335559739&quot;:0,&quot;335559740&quot;:240}\">\u00a0<\/span><\/p>\n<h2 aria-level=\"2\"><span data-contrast=\"none\">\u00bfQu\u00e9 es la depresi\u00f3n?<\/span><span data-ccp-props=\"{&quot;134233117&quot;:false,&quot;134233118&quot;:false,&quot;201341983&quot;:0,&quot;335551550&quot;:6,&quot;335551620&quot;:6,&quot;335557856&quot;:16777215,&quot;335559738&quot;:0,&quot;335559739&quot;:0,&quot;335559740&quot;:240}\">\u00a0<\/span><\/h2>\n<p><span data-contrast=\"auto\">Las personas que sufren depresi\u00f3n experimentan una <\/span><b><span data-contrast=\"auto\">p\u00e9rdida progresiva de motivaci\u00f3n y autoestima<\/span><\/b><span data-contrast=\"auto\">, cambios en el estado de \u00e1nimo (tristeza) y otros problemas que afectan a la calidad del sue\u00f1o y al equilibrio emocional.\u00a0<\/span><span data-ccp-props=\"{&quot;201341983&quot;:0,&quot;335559739&quot;:0,&quot;335559740&quot;:240}\">\u00a0<\/span><\/p>\n<p><span data-contrast=\"auto\">Los s\u00edntomas de la depresi\u00f3n pueden desencadenarse de<\/span><b><span data-contrast=\"auto\"> manera puntual<\/span><\/b> <b><span data-contrast=\"auto\">y transitoria<\/span><\/b><span data-contrast=\"auto\">, o<\/span><b><span data-contrast=\"auto\"> cronificarse y mantenerse<\/span><\/b><span data-contrast=\"auto\"> a lo largo del tiempo. En cualquier caso, para diagnosticar un cuadro depresivo, estos s\u00edntomas deben manifestarse <\/span><b><span data-contrast=\"auto\">durante al menos dos semanas<\/span><\/b><span data-contrast=\"auto\"> consecutivas y estar presentes la mayor parte del d\u00eda.\u00a0<\/span><span data-ccp-props=\"{&quot;201341983&quot;:0,&quot;335559739&quot;:0,&quot;335559740&quot;:240}\">\u00a0<\/span><\/p>\n<h2 aria-level=\"2\"><span data-contrast=\"none\">\u00bfEn qu\u00e9 se diferencia la depresi\u00f3n de la ansiedad y la distimia?<\/span><span data-ccp-props=\"{&quot;134233117&quot;:false,&quot;134233118&quot;:false,&quot;201341983&quot;:0,&quot;335551550&quot;:6,&quot;335551620&quot;:6,&quot;335557856&quot;:16777215,&quot;335559738&quot;:0,&quot;335559739&quot;:0,&quot;335559740&quot;:240}\">\u00a0<\/span><\/h2>\n<p><span data-contrast=\"auto\">Es habitual confundir la depresi\u00f3n con otras patolog\u00edas como la distimia y la ansiedad. No en vano, son trastornos que tambi\u00e9n provocan incapacitaci\u00f3n a quienes los padecen. Sin embargo, cada enfermedad presenta unos rasgos particulares.\u00a0<\/span><span data-ccp-props=\"{&quot;201341983&quot;:0,&quot;335559739&quot;:0,&quot;335559740&quot;:240}\">\u00a0<\/span><\/p>\n<p><span data-contrast=\"auto\">Los s\u00edntomas de la distimia son <\/span><b><span data-contrast=\"auto\">menos graves<\/span><\/b><span data-contrast=\"auto\"> que los de la depresi\u00f3n, y est\u00e1n m\u00e1s relacionados con la fatiga, la p\u00e9rdida de apetito, el insomnio o la falta de concentraci\u00f3n. Con todo, los s\u00edntomas de la distimia suelen <\/span><b><span data-contrast=\"auto\">prolongarse m\u00e1s en el tiempo<\/span><\/b><span data-contrast=\"auto\">.\u00a0<\/span><span data-ccp-props=\"{&quot;201341983&quot;:0,&quot;335559739&quot;:0,&quot;335559740&quot;:240}\">\u00a0<\/span><\/p>\n<p><span data-contrast=\"auto\">La ansiedad es un trastorno que se caracteriza por una <\/span><b><span data-contrast=\"auto\">sensaci\u00f3n de angustia y de miedo constantes<\/span><\/b><span data-contrast=\"auto\">. Adem\u00e1s, mientras que la depresi\u00f3n se relaciona m\u00e1s con momentos del pasado, la ansiedad est\u00e1 relacionada con problemas emocionales provocados por la <\/span><b><span data-contrast=\"auto\">anticipaci\u00f3n del futuro<\/span><\/b><span data-contrast=\"auto\">.\u00a0<\/span><span data-ccp-props=\"{&quot;201341983&quot;:0,&quot;335559739&quot;:0,&quot;335559740&quot;:240}\">\u00a0<\/span><\/p>\n<h2 aria-level=\"2\"><span data-contrast=\"none\">Grados de discapacidad por depresi\u00f3n <\/span><span data-ccp-props=\"{&quot;134233117&quot;:false,&quot;134233118&quot;:false,&quot;201341983&quot;:0,&quot;335551550&quot;:6,&quot;335551620&quot;:6,&quot;335557856&quot;:16777215,&quot;335559738&quot;:0,&quot;335559739&quot;:0,&quot;335559740&quot;:240}\">\u00a0<\/span><\/h2>\n<p><span data-contrast=\"auto\">Como ocurre con otras enfermedades mentales, en la depresi\u00f3n se distinguen diferentes grados de incapacitaci\u00f3n:<\/span><span data-ccp-props=\"{&quot;201341983&quot;:0,&quot;335559739&quot;:0,&quot;335559740&quot;:240}\">\u00a0<\/span><\/p>\n<ul>\n<li data-leveltext=\"\uf0b7\" data-font=\"Symbol\" data-listid=\"9\" data-list-defn-props=\"{&quot;335552541&quot;:1,&quot;335559685&quot;:720,&quot;335559991&quot;:360,&quot;469769226&quot;:&quot;Symbol&quot;,&quot;469769242&quot;:[8226],&quot;469777803&quot;:&quot;left&quot;,&quot;469777804&quot;:&quot;\uf0b7&quot;,&quot;469777815&quot;:&quot;hybridMultilevel&quot;}\" aria-setsize=\"-1\" data-aria-posinset=\"1\" data-aria-level=\"1\"><b><span data-contrast=\"auto\">Clase 1: <\/span><\/b><span data-contrast=\"auto\">aunque la depresi\u00f3n est\u00e1 diagnosticada, esta no afecta a las capacidades funcionales del paciente (incapacidad: 0 %).<\/span><span data-ccp-props=\"{&quot;201341983&quot;:0,&quot;335559739&quot;:0,&quot;335559740&quot;:240}\">\u00a0<\/span><\/li>\n<\/ul>\n<ul>\n<li data-leveltext=\"\uf0b7\" data-font=\"Symbol\" data-listid=\"9\" data-list-defn-props=\"{&quot;335552541&quot;:1,&quot;335559685&quot;:720,&quot;335559991&quot;:360,&quot;469769226&quot;:&quot;Symbol&quot;,&quot;469769242&quot;:[8226],&quot;469777803&quot;:&quot;left&quot;,&quot;469777804&quot;:&quot;\uf0b7&quot;,&quot;469777815&quot;:&quot;hybridMultilevel&quot;}\" aria-setsize=\"-1\" data-aria-posinset=\"2\" data-aria-level=\"1\"><b><span data-contrast=\"auto\">Clase 2:<\/span><\/b><span data-contrast=\"auto\"> el paciente puede desarrollar su vida con normalidad, excepto cuando se producen cuadros de estr\u00e9s (incapacidad entre 1-24 %).\u00a0<\/span><span data-ccp-props=\"{&quot;201341983&quot;:0,&quot;335559739&quot;:0,&quot;335559740&quot;:240}\">\u00a0<\/span><\/li>\n<\/ul>\n<ul>\n<li data-leveltext=\"\uf0b7\" data-font=\"Symbol\" data-listid=\"9\" data-list-defn-props=\"{&quot;335552541&quot;:1,&quot;335559685&quot;:720,&quot;335559991&quot;:360,&quot;469769226&quot;:&quot;Symbol&quot;,&quot;469769242&quot;:[8226],&quot;469777803&quot;:&quot;left&quot;,&quot;469777804&quot;:&quot;\uf0b7&quot;,&quot;469777815&quot;:&quot;hybridMultilevel&quot;}\" aria-setsize=\"-1\" data-aria-posinset=\"3\" data-aria-level=\"1\"><b><span data-contrast=\"auto\">Clase 3: <\/span><\/b><span data-contrast=\"auto\">empiezan a identificarse ciertas limitaciones a la hora de desarrollar actividades cotidianas o ciertos trabajos (incapacidad entre 25-59 %).\u00a0<\/span><span data-ccp-props=\"{&quot;201341983&quot;:0,&quot;335559739&quot;:0,&quot;335559740&quot;:240}\">\u00a0<\/span><\/li>\n<\/ul>\n<ul>\n<li data-leveltext=\"\uf0b7\" data-font=\"Symbol\" data-listid=\"9\" data-list-defn-props=\"{&quot;335552541&quot;:1,&quot;335559685&quot;:720,&quot;335559991&quot;:360,&quot;469769226&quot;:&quot;Symbol&quot;,&quot;469769242&quot;:[8226],&quot;469777803&quot;:&quot;left&quot;,&quot;469777804&quot;:&quot;\uf0b7&quot;,&quot;469777815&quot;:&quot;hybridMultilevel&quot;}\" aria-setsize=\"-1\" data-aria-posinset=\"4\" data-aria-level=\"1\"><b><span data-contrast=\"auto\">Clase 4: <\/span><\/b><span data-contrast=\"auto\">la incapacidad laboral es m\u00e1s que notable, aparte de que el paciente necesita de supervisi\u00f3n para poder realizar vida normal (incapacidad entre 60-74 %).\u00a0<\/span><span data-ccp-props=\"{&quot;201341983&quot;:0,&quot;335559739&quot;:0,&quot;335559740&quot;:240}\">\u00a0<\/span><\/li>\n<\/ul>\n<ul>\n<li data-leveltext=\"\uf0b7\" data-font=\"Symbol\" data-listid=\"9\" data-list-defn-props=\"{&quot;335552541&quot;:1,&quot;335559685&quot;:720,&quot;335559991&quot;:360,&quot;469769226&quot;:&quot;Symbol&quot;,&quot;469769242&quot;:[8226],&quot;469777803&quot;:&quot;left&quot;,&quot;469777804&quot;:&quot;\uf0b7&quot;,&quot;469777815&quot;:&quot;hybridMultilevel&quot;}\" aria-setsize=\"-1\" data-aria-posinset=\"5\" data-aria-level=\"1\"><b><span data-contrast=\"auto\">Clase 5: <\/span><\/b><span data-contrast=\"auto\">el nivel de incapacidad es muy grave, impidiendo que la persona afectada pueda cuidar de s\u00ed misma o desarrollar ning\u00fan trabajo (incapacidad superior al 75%).<\/span><\/li>\n<\/ul>\n<p><span data-contrast=\"auto\">El diagn\u00f3stico de un cuadro depresivo debe ir acompa\u00f1ado de un plan de tratamiento. Dependiendo del grado de discapacidad, es posible que los pacientes deban abandonar su trabajo para recibir la asistencia necesaria. Un <\/span><a href=\"https:\/\/www.pelayo.com\/seguros-vida\/integral\"><span data-contrast=\"none\">seguro de vida integral<\/span><\/a><span data-contrast=\"auto\"> contempla estos supuestos e incluye soluciones para abordar la enfermedad, minimizando el impacto econ\u00f3mico y emocional que esta situaci\u00f3n pueda suponer para la persona afectada y para su familia.<\/span><\/p>\n<p><img loading=\"lazy\" class=\"alignnone size-full wp-image-86411\" src=\"\/teloaseguro\/wp-content\/uploads\/2024\/07\/pexels-andrew-3132388-1-scaled.jpg\" alt=\"\" width=\"2560\" height=\"1048\" srcset=\"\/teloaseguro\/wp-content\/uploads\/2024\/07\/pexels-andrew-3132388-1-scaled.jpg 2560w, \/teloaseguro\/wp-content\/uploads\/2024\/07\/pexels-andrew-3132388-1-300x123.jpg 300w, \/teloaseguro\/wp-content\/uploads\/2024\/07\/pexels-andrew-3132388-1-1024x419.jpg 1024w, \/teloaseguro\/wp-content\/uploads\/2024\/07\/pexels-andrew-3132388-1-768x315.jpg 768w, \/teloaseguro\/wp-content\/uploads\/2024\/07\/pexels-andrew-3132388-1-1536x629.jpg 1536w, \/teloaseguro\/wp-content\/uploads\/2024\/07\/pexels-andrew-3132388-1-2048x839.jpg 2048w\" sizes=\"(max-width: 2560px) 100vw, 2560px\" \/><\/p>\n","protected":false},"excerpt":{"rendered":"<p>Seg\u00fan el informe Fundamed, en Espa\u00f1a hay 3 millones de personas diagnosticadas con depresi\u00f3n. Esta enfermedad mental es, adem\u00e1s, la<\/p>\n","protected":false},"author":7,"featured_media":86410,"comment_status":"closed","ping_status":"open","sticky":false,"template":"","format":"standard","meta":[],"categories":[2],"tags":[],"yoast_head":"<!-- This site is optimized with the Yoast SEO plugin v17.5 - https:\/\/yoast.com\/wordpress\/plugins\/seo\/ -->\n<title>Qu\u00e9 es la incapacidad por depresi\u00f3n | Pelayo<\/title>\n<meta name=\"description\" content=\"\u00bfConoces los distintos grados de discapacidad por depresi\u00f3n que existen? El asesoramiento psicol\u00f3gico resulta fundamental para superar la enfermedad.\" \/>\n<meta name=\"robots\" content=\"index, follow, max-snippet:-1, max-image-preview:large, max-video-preview:-1\" \/>\n<link rel=\"canonical\" href=\"https:\/\/www.pelayo.com\/teloaseguro\/vida-y-salud\/incapacidad-depresion\/\" \/>\n<meta property=\"og:locale\" content=\"es_ES\" \/>\n<meta property=\"og:type\" content=\"article\" \/>\n<meta property=\"og:title\" content=\"Qu\u00e9 es la incapacidad por depresi\u00f3n | Pelayo\" \/>\n<meta property=\"og:description\" content=\"\u00bfConoces los distintos grados de discapacidad por depresi\u00f3n que existen? El asesoramiento psicol\u00f3gico resulta fundamental para superar la enfermedad.\" \/>\n<meta property=\"og:url\" content=\"https:\/\/www.pelayo.com\/teloaseguro\/vida-y-salud\/incapacidad-depresion\/\" \/>\n<meta property=\"og:site_name\" content=\"Pelayo\" \/>\n<meta property=\"article:published_time\" content=\"2024-08-27T12:30:19+00:00\" \/>\n<meta property=\"article:modified_time\" content=\"2024-07-31T07:53:46+00:00\" \/>\n<meta property=\"og:image\" content=\"https:\/\/www.pelayo.com\/teloaseguro\/wp-content\/uploads\/2024\/07\/pexels-andrew-3132388-scaled.jpg\" \/>\n\t<meta property=\"og:image:width\" content=\"2560\" \/>\n\t<meta property=\"og:image:height\" content=\"1707\" \/>\n<meta name=\"twitter:card\" content=\"summary_large_image\" \/>\n<meta name=\"twitter:label1\" content=\"Escrito por\" \/>\n\t<meta name=\"twitter:data1\" content=\"Seguros Pelayo\" \/>\n\t<meta name=\"twitter:label2\" content=\"Tiempo de lectura\" \/>\n\t<meta name=\"twitter:data2\" content=\"3 minutos\" \/>\n<script type=\"application\/ld+json\" class=\"yoast-schema-graph\">{\"@context\":\"https:\/\/schema.org\",\"@graph\":[{\"@type\":\"WebSite\",\"@id\":\"https:\/\/www.pelayo.com\/teloaseguro\/#website\",\"url\":\"https:\/\/www.pelayo.com\/teloaseguro\/\",\"name\":\"Pelayo\",\"description\":\"\",\"potentialAction\":[{\"@type\":\"SearchAction\",\"target\":{\"@type\":\"EntryPoint\",\"urlTemplate\":\"https:\/\/www.pelayo.com\/teloaseguro\/?s={search_term_string}\"},\"query-input\":\"required name=search_term_string\"}],\"inLanguage\":\"es\"},{\"@type\":\"ImageObject\",\"@id\":\"https:\/\/www.pelayo.com\/teloaseguro\/vida-y-salud\/incapacidad-depresion\/#primaryimage\",\"inLanguage\":\"es\",\"url\":\"\/teloaseguro\/wp-content\/uploads\/2024\/07\/pexels-andrew-3132388-scaled.jpg\",\"contentUrl\":\"\/teloaseguro\/wp-content\/uploads\/2024\/07\/pexels-andrew-3132388-scaled.jpg\",\"width\":2560,\"height\":1707},{\"@type\":\"WebPage\",\"@id\":\"https:\/\/www.pelayo.com\/teloaseguro\/vida-y-salud\/incapacidad-depresion\/#webpage\",\"url\":\"https:\/\/www.pelayo.com\/teloaseguro\/vida-y-salud\/incapacidad-depresion\/\",\"name\":\"Qu\\u00e9 es la incapacidad por depresi\\u00f3n | Pelayo\",\"isPartOf\":{\"@id\":\"https:\/\/www.pelayo.com\/teloaseguro\/#website\"},\"primaryImageOfPage\":{\"@id\":\"https:\/\/www.pelayo.com\/teloaseguro\/vida-y-salud\/incapacidad-depresion\/#primaryimage\"},\"datePublished\":\"2024-08-27T12:30:19+00:00\",\"dateModified\":\"2024-07-31T07:53:46+00:00\",\"author\":{\"@id\":\"https:\/\/www.pelayo.com\/teloaseguro\/#\/schema\/person\/378d14d33c168734fd01fdad1cb58607\"},\"description\":\"\\u00bfConoces los distintos grados de discapacidad por depresi\\u00f3n que existen? El asesoramiento psicol\\u00f3gico resulta fundamental para superar la enfermedad.\",\"breadcrumb\":{\"@id\":\"https:\/\/www.pelayo.com\/teloaseguro\/vida-y-salud\/incapacidad-depresion\/#breadcrumb\"},\"inLanguage\":\"es\",\"potentialAction\":[{\"@type\":\"ReadAction\",\"target\":[\"https:\/\/www.pelayo.com\/teloaseguro\/vida-y-salud\/incapacidad-depresion\/\"]}]},{\"@type\":\"BreadcrumbList\",\"@id\":\"https:\/\/www.pelayo.com\/teloaseguro\/vida-y-salud\/incapacidad-depresion\/#breadcrumb\",\"itemListElement\":[{\"@type\":\"ListItem\",\"position\":1,\"name\":\"Portada\",\"item\":\"https:\/\/www.pelayo.com\/teloaseguro\/\"},{\"@type\":\"ListItem\",\"position\":2,\"name\":\"\\u00bfQu\\u00e9 es la incapacidad por depresi\\u00f3n?\"}]},{\"@type\":\"Person\",\"@id\":\"https:\/\/www.pelayo.com\/teloaseguro\/#\/schema\/person\/378d14d33c168734fd01fdad1cb58607\",\"name\":\"Seguros Pelayo\",\"image\":{\"@type\":\"ImageObject\",\"@id\":\"https:\/\/www.pelayo.com\/teloaseguro\/#personlogo\",\"inLanguage\":\"es\",\"url\":\"https:\/\/secure.gravatar.com\/avatar\/b9ab97b59c5b011e9e6b31499851eeef?s=96&d=mm&r=g\",\"contentUrl\":\"https:\/\/secure.gravatar.com\/avatar\/b9ab97b59c5b011e9e6b31499851eeef?s=96&d=mm&r=g\",\"caption\":\"Seguros Pelayo\"},\"url\":\"https:\/\/www.pelayo.com\/teloaseguro\/author\/dentsu\/\"}]}<\/script>\n<!-- \/ Yoast SEO plugin. -->","yoast_head_json":{"title":"Qu\u00e9 es la incapacidad por depresi\u00f3n | Pelayo","description":"\u00bfConoces los distintos grados de discapacidad por depresi\u00f3n que existen? El asesoramiento psicol\u00f3gico resulta fundamental para superar la enfermedad.","robots":{"index":"index","follow":"follow","max-snippet":"max-snippet:-1","max-image-preview":"max-image-preview:large","max-video-preview":"max-video-preview:-1"},"canonical":"https:\/\/www.pelayo.com\/teloaseguro\/vida-y-salud\/incapacidad-depresion\/","og_locale":"es_ES","og_type":"article","og_title":"Qu\u00e9 es la incapacidad por depresi\u00f3n | Pelayo","og_description":"\u00bfConoces los distintos grados de discapacidad por depresi\u00f3n que existen? El asesoramiento psicol\u00f3gico resulta fundamental para superar la enfermedad.","og_url":"https:\/\/www.pelayo.com\/teloaseguro\/vida-y-salud\/incapacidad-depresion\/","og_site_name":"Pelayo","article_published_time":"2024-08-27T12:30:19+00:00","article_modified_time":"2024-07-31T07:53:46+00:00","og_image":[{"width":2560,"height":1707,"url":"https:\/\/www.pelayo.com\/teloaseguro\/wp-content\/uploads\/2024\/07\/pexels-andrew-3132388-scaled.jpg","type":"image\/jpeg"}],"twitter_card":"summary_large_image","twitter_misc":{"Escrito por":"Seguros Pelayo","Tiempo de lectura":"3 minutos"},"schema":{"@context":"https:\/\/schema.org","@graph":[{"@type":"WebSite","@id":"https:\/\/www.pelayo.com\/teloaseguro\/#website","url":"https:\/\/www.pelayo.com\/teloaseguro\/","name":"Pelayo","description":"","potentialAction":[{"@type":"SearchAction","target":{"@type":"EntryPoint","urlTemplate":"https:\/\/www.pelayo.com\/teloaseguro\/?s={search_term_string}"},"query-input":"required name=search_term_string"}],"inLanguage":"es"},{"@type":"ImageObject","@id":"https:\/\/www.pelayo.com\/teloaseguro\/vida-y-salud\/incapacidad-depresion\/#primaryimage","inLanguage":"es","url":"\/teloaseguro\/wp-content\/uploads\/2024\/07\/pexels-andrew-3132388-scaled.jpg","contentUrl":"\/teloaseguro\/wp-content\/uploads\/2024\/07\/pexels-andrew-3132388-scaled.jpg","width":2560,"height":1707},{"@type":"WebPage","@id":"https:\/\/www.pelayo.com\/teloaseguro\/vida-y-salud\/incapacidad-depresion\/#webpage","url":"https:\/\/www.pelayo.com\/teloaseguro\/vida-y-salud\/incapacidad-depresion\/","name":"Qu\u00e9 es la incapacidad por depresi\u00f3n | Pelayo","isPartOf":{"@id":"https:\/\/www.pelayo.com\/teloaseguro\/#website"},"primaryImageOfPage":{"@id":"https:\/\/www.pelayo.com\/teloaseguro\/vida-y-salud\/incapacidad-depresion\/#primaryimage"},"datePublished":"2024-08-27T12:30:19+00:00","dateModified":"2024-07-31T07:53:46+00:00","author":{"@id":"https:\/\/www.pelayo.com\/teloaseguro\/#\/schema\/person\/378d14d33c168734fd01fdad1cb58607"},"description":"\u00bfConoces los distintos grados de discapacidad por depresi\u00f3n que existen? El asesoramiento psicol\u00f3gico resulta fundamental para superar la enfermedad.","breadcrumb":{"@id":"https:\/\/www.pelayo.com\/teloaseguro\/vida-y-salud\/incapacidad-depresion\/#breadcrumb"},"inLanguage":"es","potentialAction":[{"@type":"ReadAction","target":["https:\/\/www.pelayo.com\/teloaseguro\/vida-y-salud\/incapacidad-depresion\/"]}]},{"@type":"BreadcrumbList","@id":"https:\/\/www.pelayo.com\/teloaseguro\/vida-y-salud\/incapacidad-depresion\/#breadcrumb","itemListElement":[{"@type":"ListItem","position":1,"name":"Portada","item":"https:\/\/www.pelayo.com\/teloaseguro\/"},{"@type":"ListItem","position":2,"name":"\u00bfQu\u00e9 es la incapacidad por depresi\u00f3n?"}]},{"@type":"Person","@id":"https:\/\/www.pelayo.com\/teloaseguro\/#\/schema\/person\/378d14d33c168734fd01fdad1cb58607","name":"Seguros Pelayo","image":{"@type":"ImageObject","@id":"https:\/\/www.pelayo.com\/teloaseguro\/#personlogo","inLanguage":"es","url":"https:\/\/secure.gravatar.com\/avatar\/b9ab97b59c5b011e9e6b31499851eeef?s=96&d=mm&r=g","contentUrl":"https:\/\/secure.gravatar.com\/avatar\/b9ab97b59c5b011e9e6b31499851eeef?s=96&d=mm&r=g","caption":"Seguros Pelayo"},"url":"https:\/\/www.pelayo.com\/teloaseguro\/author\/dentsu\/"}]}},"_links":{"self":[{"href":"https:\/\/www.pelayo.com\/teloaseguro\/wp-json\/wp\/v2\/posts\/86409"}],"collection":[{"href":"https:\/\/www.pelayo.com\/teloaseguro\/wp-json\/wp\/v2\/posts"}],"about":[{"href":"https:\/\/www.pelayo.com\/teloaseguro\/wp-json\/wp\/v2\/types\/post"}],"author":[{"embeddable":true,"href":"https:\/\/www.pelayo.com\/teloaseguro\/wp-json\/wp\/v2\/users\/7"}],"replies":[{"embeddable":true,"href":"https:\/\/www.pelayo.com\/teloaseguro\/wp-json\/wp\/v2\/comments?post=86409"}],"version-history":[{"count":2,"href":"https:\/\/www.pelayo.com\/teloaseguro\/wp-json\/wp\/v2\/posts\/86409\/revisions"}],"predecessor-version":[{"id":86413,"href":"https:\/\/www.pelayo.com\/teloaseguro\/wp-json\/wp\/v2\/posts\/86409\/revisions\/86413"}],"wp:featuredmedia":[{"embeddable":true,"href":"https:\/\/www.pelayo.com\/teloaseguro\/wp-json\/wp\/v2\/media\/86410"}],"wp:attachment":[{"href":"https:\/\/www.pelayo.com\/teloaseguro\/wp-json\/wp\/v2\/media?parent=86409"}],"wp:term":[{"taxonomy":"category","embeddable":true,"href":"https:\/\/www.pelayo.com\/teloaseguro\/wp-json\/wp\/v2\/categories?post=86409"},{"taxonomy":"post_tag","embeddable":true,"href":"https:\/\/www.pelayo.com\/teloaseguro\/wp-json\/wp\/v2\/tags?post=86409"}],"curies":[{"name":"wp","href":"https:\/\/api.w.org\/{rel}","templated":true}]}}