{"id":86273,"date":"2024-02-29T12:30:34","date_gmt":"2024-02-29T12:30:34","guid":{"rendered":"https:\/\/www.pelayo.com\/teloaseguro\/?p=86273"},"modified":"2025-06-24T07:42:18","modified_gmt":"2025-06-24T07:42:18","slug":"carnet-b-plus-para-suv","status":"publish","type":"post","link":"https:\/\/www.pelayo.com\/teloaseguro\/coche-y-moto\/carnet-b-plus-para-suv\/","title":{"rendered":"Carnet B+: as\u00ed funciona el carnet de conducir para SUV propuesto por la Uni\u00f3n Europea"},"content":{"rendered":"<p><b><span data-contrast=\"auto\">El mercado de la automoci\u00f3n ha experimentado importantes cambios en los \u00faltimos a\u00f1os. Aparte de la expansi\u00f3n de otras alternativas de movilidad m\u00e1s sostenibles, tambi\u00e9n se ha popularizado el uso del SUV, un veh\u00edculo a mitad de camino entre un todoterreno y un turismo que presenta ciertas particularidades en su modo de conducci\u00f3n.\u00a0<\/span><\/b><span data-ccp-props=\"{&quot;201341983&quot;:0,&quot;335559739&quot;:0,&quot;335559740&quot;:240}\">\u00a0<\/span><\/p>\n<p><span data-contrast=\"auto\">Mayor volumen, mayor peso y mayor velocidad. Son tres rasgos que definen muy bien las principales caracter\u00edsticas de un SUV en comparaci\u00f3n con un turismo tradicional, y algunos de los motivos por los que resulta muy recomendable la contrataci\u00f3n de un <\/span><a href=\"https:\/\/www.pelayo.com\/seguros-coche\/todo-riesgo\"><span data-contrast=\"none\">seguro a todo riesgo<\/span><\/a><span data-contrast=\"auto\">. Tambi\u00e9n son razones que explican por qu\u00e9 la din\u00e1mica al volante de un SUV es algo diferente a de la de otros veh\u00edculos de menor tama\u00f1o, raz\u00f3n por la que desde la Uni\u00f3n Europea est\u00e1n planteando la posibilidad de crear un permiso de conducir espec\u00edfico para estos modelos.\u00a0<\/span><span data-ccp-props=\"{&quot;201341983&quot;:0,&quot;335559739&quot;:0,&quot;335559740&quot;:240}\">\u00a0<\/span><\/p>\n<h2 aria-level=\"2\"><span data-contrast=\"none\">\u00bfQu\u00e9 es el carnet B+?<\/span><span data-ccp-props=\"{&quot;134233117&quot;:false,&quot;134233118&quot;:false,&quot;201341983&quot;:0,&quot;335551550&quot;:6,&quot;335551620&quot;:6,&quot;335559738&quot;:0,&quot;335559739&quot;:0,&quot;335559740&quot;:240}\">\u00a0<\/span><\/h2>\n<p><span data-contrast=\"auto\">La popularizaci\u00f3n de los SUV ha impulsado a la Uni\u00f3n Europea a lanzar una propuesta de cambio en los permisos de conducci\u00f3n con el fin de aumentar la seguridad en las carreteras. <\/span><b><span data-contrast=\"auto\">El carnet B+ se plantea como una nueva licencia de conducir orientada a quienes se pongan al volante de un veh\u00edculo de m\u00e1s de 1.800 kg<\/span><\/b><span data-contrast=\"auto\">. Su objetivo es aumentar la seguridad en la carretera y reducir el impacto medioambiental promoviendo un estilo de conducci\u00f3n m\u00e1s eficiente.\u00a0<\/span><span data-ccp-props=\"{&quot;201341983&quot;:0,&quot;335559739&quot;:0,&quot;335559740&quot;:240}\">\u00a0<\/span><\/p>\n<h2 aria-level=\"2\"><span data-contrast=\"none\">\u00bfSer\u00e1 obligatorio tener el carnet B+ para conducir un SUV?<\/span><span data-ccp-props=\"{&quot;134233117&quot;:false,&quot;134233118&quot;:false,&quot;201341983&quot;:0,&quot;335551550&quot;:6,&quot;335551620&quot;:6,&quot;335559738&quot;:0,&quot;335559739&quot;:0,&quot;335559740&quot;:240}\">\u00a0<\/span><\/h2>\n<p><span data-contrast=\"auto\">Por el momento se trata \u00fanicamente de una propuesta presentada por la eurodiputada Karima Delli junto a otros cambios referentes a la seguridad vial. Sin embargo, si estas medidas siguen adelante y finalmente se aprueban, el carnet B+ ser\u00e1 obligatorio para todos aquellos conductores de veh\u00edculos comerciales superiores a los 1.800 kg, grupo en el que se encuentran los SUV.<\/span><span data-ccp-props=\"{&quot;201341983&quot;:0,&quot;335559739&quot;:0,&quot;335559740&quot;:240}\">\u00a0<\/span><\/p>\n<h2 aria-level=\"2\"><span data-contrast=\"none\">Condiciones para obtener el carnet B+<\/span><span data-ccp-props=\"{&quot;134233117&quot;:false,&quot;134233118&quot;:false,&quot;201341983&quot;:0,&quot;335551550&quot;:6,&quot;335551620&quot;:6,&quot;335559738&quot;:0,&quot;335559739&quot;:0,&quot;335559740&quot;:240}\">\u00a0<\/span><\/h2>\n<p><span data-contrast=\"auto\">Tal como est\u00e1 redactada actualmente la propuesta, para la obtenci\u00f3n del carnet B+ habr\u00eda que <\/span><b><span data-contrast=\"auto\">cumplir con los siguientes requisitos<\/span><\/b><span data-contrast=\"auto\">:<\/span><span data-ccp-props=\"{&quot;201341983&quot;:0,&quot;335559739&quot;:0,&quot;335559740&quot;:240}\">\u00a0<\/span><\/p>\n<ul>\n<li data-leveltext=\"\uf0b7\" data-font=\"Symbol\" data-listid=\"7\" data-list-defn-props=\"{&quot;335552541&quot;:1,&quot;335559684&quot;:-2,&quot;335559685&quot;:720,&quot;335559991&quot;:360,&quot;469769226&quot;:&quot;Symbol&quot;,&quot;469769242&quot;:[8226],&quot;469777803&quot;:&quot;left&quot;,&quot;469777804&quot;:&quot;\uf0b7&quot;,&quot;469777815&quot;:&quot;hybridMultilevel&quot;}\" aria-setsize=\"-1\" data-aria-posinset=\"1\" data-aria-level=\"1\"><span data-contrast=\"auto\">Ser mayor de 21 a\u00f1os<\/span><span data-ccp-props=\"{&quot;201341983&quot;:0,&quot;335559739&quot;:0,&quot;335559740&quot;:240}\">\u00a0<\/span><\/li>\n<li data-leveltext=\"\uf0b7\" data-font=\"Symbol\" data-listid=\"7\" data-list-defn-props=\"{&quot;335552541&quot;:1,&quot;335559684&quot;:-2,&quot;335559685&quot;:720,&quot;335559991&quot;:360,&quot;469769226&quot;:&quot;Symbol&quot;,&quot;469769242&quot;:[8226],&quot;469777803&quot;:&quot;left&quot;,&quot;469777804&quot;:&quot;\uf0b7&quot;,&quot;469777815&quot;:&quot;hybridMultilevel&quot;}\" aria-setsize=\"-1\" data-aria-posinset=\"2\" data-aria-level=\"1\"><span data-contrast=\"auto\">Estar en posesi\u00f3n del carnet B est\u00e1ndar (m\u00ednimo 2 a\u00f1os)<\/span><span data-ccp-props=\"{&quot;201341983&quot;:0,&quot;335559739&quot;:0,&quot;335559740&quot;:240}\">\u00a0<\/span><\/li>\n<li data-leveltext=\"\uf0b7\" data-font=\"Symbol\" data-listid=\"7\" data-list-defn-props=\"{&quot;335552541&quot;:1,&quot;335559684&quot;:-2,&quot;335559685&quot;:720,&quot;335559991&quot;:360,&quot;469769226&quot;:&quot;Symbol&quot;,&quot;469769242&quot;:[8226],&quot;469777803&quot;:&quot;left&quot;,&quot;469777804&quot;:&quot;\uf0b7&quot;,&quot;469777815&quot;:&quot;hybridMultilevel&quot;}\" aria-setsize=\"-1\" data-aria-posinset=\"3\" data-aria-level=\"1\"><span data-contrast=\"auto\">Completar una formaci\u00f3n de conducci\u00f3n adicional<\/span><span data-ccp-props=\"{&quot;201341983&quot;:0,&quot;335559739&quot;:0,&quot;335559740&quot;:240}\">\u00a0<\/span><\/li>\n<\/ul>\n<p><span data-contrast=\"auto\">La norma tambi\u00e9n prev\u00e9 algunas excepciones, como la conducci\u00f3n de veh\u00edculos de emergencia (p. ej., ambulancias) o en circunstancias profesionales que as\u00ed lo exijan.\u00a0\u00a0<\/span><span data-ccp-props=\"{&quot;201341983&quot;:0,&quot;335559739&quot;:0,&quot;335559740&quot;:240}\">\u00a0<\/span><\/p>\n<p><img loading=\"lazy\" class=\"alignnone size-full wp-image-86276\" src=\"\/teloaseguro\/wp-content\/uploads\/2024\/02\/shutterstock_10869030982-scaled.jpg\" alt=\"carnet b para suv\" width=\"2560\" height=\"1121\" srcset=\"\/teloaseguro\/wp-content\/uploads\/2024\/02\/shutterstock_10869030982-scaled.jpg 2560w, \/teloaseguro\/wp-content\/uploads\/2024\/02\/shutterstock_10869030982-300x131.jpg 300w, \/teloaseguro\/wp-content\/uploads\/2024\/02\/shutterstock_10869030982-1024x448.jpg 1024w, \/teloaseguro\/wp-content\/uploads\/2024\/02\/shutterstock_10869030982-768x336.jpg 768w, \/teloaseguro\/wp-content\/uploads\/2024\/02\/shutterstock_10869030982-1536x672.jpg 1536w, \/teloaseguro\/wp-content\/uploads\/2024\/02\/shutterstock_10869030982-2048x897.jpg 2048w\" sizes=\"(max-width: 2560px) 100vw, 2560px\" \/><\/p>\n","protected":false},"excerpt":{"rendered":"<p>El mercado de la automoci\u00f3n ha experimentado importantes cambios en los \u00faltimos a\u00f1os. Aparte de la expansi\u00f3n de otras alternativas<\/p>\n","protected":false},"author":7,"featured_media":86275,"comment_status":"closed","ping_status":"open","sticky":false,"template":"","format":"standard","meta":[],"categories":[5],"tags":[],"yoast_head":"<!-- This site is optimized with the Yoast SEO plugin v17.5 - https:\/\/yoast.com\/wordpress\/plugins\/seo\/ -->\n<title>As\u00ed funciona el Carnet de conducir B+ para SUV | Pelayo<\/title>\n<meta name=\"description\" content=\"\u00bfEn qu\u00e9 consiste el Carnet B+? \u00bfQu\u00e9 es el SUV? Descubre la \u00faltima propuesta de la Uni\u00f3n Europea para una movilidad sostenible.\" \/>\n<meta name=\"robots\" content=\"index, follow, max-snippet:-1, max-image-preview:large, max-video-preview:-1\" \/>\n<link rel=\"canonical\" href=\"https:\/\/www.pelayo.com\/teloaseguro\/coche-y-moto\/carnet-b-plus-para-suv\/\" \/>\n<meta property=\"og:locale\" content=\"es_ES\" \/>\n<meta property=\"og:type\" content=\"article\" \/>\n<meta property=\"og:title\" content=\"As\u00ed funciona el Carnet de conducir B+ para SUV | Pelayo\" \/>\n<meta property=\"og:description\" content=\"\u00bfEn qu\u00e9 consiste el Carnet B+? \u00bfQu\u00e9 es el SUV? Descubre la \u00faltima propuesta de la Uni\u00f3n Europea para una movilidad sostenible.\" \/>\n<meta property=\"og:url\" content=\"https:\/\/www.pelayo.com\/teloaseguro\/coche-y-moto\/carnet-b-plus-para-suv\/\" \/>\n<meta property=\"og:site_name\" content=\"Pelayo\" \/>\n<meta property=\"article:published_time\" content=\"2024-02-29T12:30:34+00:00\" \/>\n<meta property=\"article:modified_time\" content=\"2025-06-24T07:42:18+00:00\" \/>\n<meta property=\"og:image\" content=\"https:\/\/www.pelayo.com\/teloaseguro\/wp-content\/uploads\/2024\/02\/shutterstock_1086903098-scaled.jpg\" \/>\n\t<meta property=\"og:image:width\" content=\"2560\" \/>\n\t<meta property=\"og:image:height\" content=\"1709\" \/>\n<meta name=\"twitter:card\" content=\"summary_large_image\" \/>\n<meta name=\"twitter:label1\" content=\"Escrito por\" \/>\n\t<meta name=\"twitter:data1\" content=\"Seguros Pelayo\" \/>\n\t<meta name=\"twitter:label2\" content=\"Tiempo de lectura\" \/>\n\t<meta name=\"twitter:data2\" content=\"2 minutos\" \/>\n<script type=\"application\/ld+json\" class=\"yoast-schema-graph\">{\"@context\":\"https:\/\/schema.org\",\"@graph\":[{\"@type\":\"WebSite\",\"@id\":\"https:\/\/www.pelayo.com\/teloaseguro\/#website\",\"url\":\"https:\/\/www.pelayo.com\/teloaseguro\/\",\"name\":\"Pelayo\",\"description\":\"\",\"potentialAction\":[{\"@type\":\"SearchAction\",\"target\":{\"@type\":\"EntryPoint\",\"urlTemplate\":\"https:\/\/www.pelayo.com\/teloaseguro\/?s={search_term_string}\"},\"query-input\":\"required name=search_term_string\"}],\"inLanguage\":\"es\"},{\"@type\":\"ImageObject\",\"@id\":\"https:\/\/www.pelayo.com\/teloaseguro\/coche-y-moto\/carnet-b-plus-para-suv\/#primaryimage\",\"inLanguage\":\"es\",\"url\":\"\/teloaseguro\/wp-content\/uploads\/2024\/02\/shutterstock_1086903098-scaled.jpg\",\"contentUrl\":\"\/teloaseguro\/wp-content\/uploads\/2024\/02\/shutterstock_1086903098-scaled.jpg\",\"width\":2560,\"height\":1709,\"caption\":\"suv\"},{\"@type\":\"WebPage\",\"@id\":\"https:\/\/www.pelayo.com\/teloaseguro\/coche-y-moto\/carnet-b-plus-para-suv\/#webpage\",\"url\":\"https:\/\/www.pelayo.com\/teloaseguro\/coche-y-moto\/carnet-b-plus-para-suv\/\",\"name\":\"As\\u00ed funciona el Carnet de conducir B+ para SUV | Pelayo\",\"isPartOf\":{\"@id\":\"https:\/\/www.pelayo.com\/teloaseguro\/#website\"},\"primaryImageOfPage\":{\"@id\":\"https:\/\/www.pelayo.com\/teloaseguro\/coche-y-moto\/carnet-b-plus-para-suv\/#primaryimage\"},\"datePublished\":\"2024-02-29T12:30:34+00:00\",\"dateModified\":\"2025-06-24T07:42:18+00:00\",\"author\":{\"@id\":\"https:\/\/www.pelayo.com\/teloaseguro\/#\/schema\/person\/378d14d33c168734fd01fdad1cb58607\"},\"description\":\"\\u00bfEn qu\\u00e9 consiste el Carnet B+? \\u00bfQu\\u00e9 es el SUV? Descubre la \\u00faltima propuesta de la Uni\\u00f3n Europea para una movilidad sostenible.\",\"breadcrumb\":{\"@id\":\"https:\/\/www.pelayo.com\/teloaseguro\/coche-y-moto\/carnet-b-plus-para-suv\/#breadcrumb\"},\"inLanguage\":\"es\",\"potentialAction\":[{\"@type\":\"ReadAction\",\"target\":[\"https:\/\/www.pelayo.com\/teloaseguro\/coche-y-moto\/carnet-b-plus-para-suv\/\"]}]},{\"@type\":\"BreadcrumbList\",\"@id\":\"https:\/\/www.pelayo.com\/teloaseguro\/coche-y-moto\/carnet-b-plus-para-suv\/#breadcrumb\",\"itemListElement\":[{\"@type\":\"ListItem\",\"position\":1,\"name\":\"Portada\",\"item\":\"https:\/\/www.pelayo.com\/teloaseguro\/\"},{\"@type\":\"ListItem\",\"position\":2,\"name\":\"Carnet B+: as\\u00ed funciona el carnet de conducir para SUV propuesto por la Uni\\u00f3n Europea\"}]},{\"@type\":\"Person\",\"@id\":\"https:\/\/www.pelayo.com\/teloaseguro\/#\/schema\/person\/378d14d33c168734fd01fdad1cb58607\",\"name\":\"Seguros Pelayo\",\"image\":{\"@type\":\"ImageObject\",\"@id\":\"https:\/\/www.pelayo.com\/teloaseguro\/#personlogo\",\"inLanguage\":\"es\",\"url\":\"https:\/\/secure.gravatar.com\/avatar\/b9ab97b59c5b011e9e6b31499851eeef?s=96&d=mm&r=g\",\"contentUrl\":\"https:\/\/secure.gravatar.com\/avatar\/b9ab97b59c5b011e9e6b31499851eeef?s=96&d=mm&r=g\",\"caption\":\"Seguros Pelayo\"},\"url\":\"https:\/\/www.pelayo.com\/teloaseguro\/author\/dentsu\/\"}]}<\/script>\n<!-- \/ Yoast SEO plugin. -->","yoast_head_json":{"title":"As\u00ed funciona el Carnet de conducir B+ para SUV | Pelayo","description":"\u00bfEn qu\u00e9 consiste el Carnet B+? \u00bfQu\u00e9 es el SUV? Descubre la \u00faltima propuesta de la Uni\u00f3n Europea para una movilidad sostenible.","robots":{"index":"index","follow":"follow","max-snippet":"max-snippet:-1","max-image-preview":"max-image-preview:large","max-video-preview":"max-video-preview:-1"},"canonical":"https:\/\/www.pelayo.com\/teloaseguro\/coche-y-moto\/carnet-b-plus-para-suv\/","og_locale":"es_ES","og_type":"article","og_title":"As\u00ed funciona el Carnet de conducir B+ para SUV | Pelayo","og_description":"\u00bfEn qu\u00e9 consiste el Carnet B+? \u00bfQu\u00e9 es el SUV? Descubre la \u00faltima propuesta de la Uni\u00f3n Europea para una movilidad sostenible.","og_url":"https:\/\/www.pelayo.com\/teloaseguro\/coche-y-moto\/carnet-b-plus-para-suv\/","og_site_name":"Pelayo","article_published_time":"2024-02-29T12:30:34+00:00","article_modified_time":"2025-06-24T07:42:18+00:00","og_image":[{"width":2560,"height":1709,"url":"https:\/\/www.pelayo.com\/teloaseguro\/wp-content\/uploads\/2024\/02\/shutterstock_1086903098-scaled.jpg","type":"image\/jpeg"}],"twitter_card":"summary_large_image","twitter_misc":{"Escrito por":"Seguros Pelayo","Tiempo de lectura":"2 minutos"},"schema":{"@context":"https:\/\/schema.org","@graph":[{"@type":"WebSite","@id":"https:\/\/www.pelayo.com\/teloaseguro\/#website","url":"https:\/\/www.pelayo.com\/teloaseguro\/","name":"Pelayo","description":"","potentialAction":[{"@type":"SearchAction","target":{"@type":"EntryPoint","urlTemplate":"https:\/\/www.pelayo.com\/teloaseguro\/?s={search_term_string}"},"query-input":"required name=search_term_string"}],"inLanguage":"es"},{"@type":"ImageObject","@id":"https:\/\/www.pelayo.com\/teloaseguro\/coche-y-moto\/carnet-b-plus-para-suv\/#primaryimage","inLanguage":"es","url":"\/teloaseguro\/wp-content\/uploads\/2024\/02\/shutterstock_1086903098-scaled.jpg","contentUrl":"\/teloaseguro\/wp-content\/uploads\/2024\/02\/shutterstock_1086903098-scaled.jpg","width":2560,"height":1709,"caption":"suv"},{"@type":"WebPage","@id":"https:\/\/www.pelayo.com\/teloaseguro\/coche-y-moto\/carnet-b-plus-para-suv\/#webpage","url":"https:\/\/www.pelayo.com\/teloaseguro\/coche-y-moto\/carnet-b-plus-para-suv\/","name":"As\u00ed funciona el Carnet de conducir B+ para SUV | Pelayo","isPartOf":{"@id":"https:\/\/www.pelayo.com\/teloaseguro\/#website"},"primaryImageOfPage":{"@id":"https:\/\/www.pelayo.com\/teloaseguro\/coche-y-moto\/carnet-b-plus-para-suv\/#primaryimage"},"datePublished":"2024-02-29T12:30:34+00:00","dateModified":"2025-06-24T07:42:18+00:00","author":{"@id":"https:\/\/www.pelayo.com\/teloaseguro\/#\/schema\/person\/378d14d33c168734fd01fdad1cb58607"},"description":"\u00bfEn qu\u00e9 consiste el Carnet B+? \u00bfQu\u00e9 es el SUV? Descubre la \u00faltima propuesta de la Uni\u00f3n Europea para una movilidad sostenible.","breadcrumb":{"@id":"https:\/\/www.pelayo.com\/teloaseguro\/coche-y-moto\/carnet-b-plus-para-suv\/#breadcrumb"},"inLanguage":"es","potentialAction":[{"@type":"ReadAction","target":["https:\/\/www.pelayo.com\/teloaseguro\/coche-y-moto\/carnet-b-plus-para-suv\/"]}]},{"@type":"BreadcrumbList","@id":"https:\/\/www.pelayo.com\/teloaseguro\/coche-y-moto\/carnet-b-plus-para-suv\/#breadcrumb","itemListElement":[{"@type":"ListItem","position":1,"name":"Portada","item":"https:\/\/www.pelayo.com\/teloaseguro\/"},{"@type":"ListItem","position":2,"name":"Carnet B+: as\u00ed funciona el carnet de conducir para SUV propuesto por la Uni\u00f3n Europea"}]},{"@type":"Person","@id":"https:\/\/www.pelayo.com\/teloaseguro\/#\/schema\/person\/378d14d33c168734fd01fdad1cb58607","name":"Seguros Pelayo","image":{"@type":"ImageObject","@id":"https:\/\/www.pelayo.com\/teloaseguro\/#personlogo","inLanguage":"es","url":"https:\/\/secure.gravatar.com\/avatar\/b9ab97b59c5b011e9e6b31499851eeef?s=96&d=mm&r=g","contentUrl":"https:\/\/secure.gravatar.com\/avatar\/b9ab97b59c5b011e9e6b31499851eeef?s=96&d=mm&r=g","caption":"Seguros Pelayo"},"url":"https:\/\/www.pelayo.com\/teloaseguro\/author\/dentsu\/"}]}},"_links":{"self":[{"href":"https:\/\/www.pelayo.com\/teloaseguro\/wp-json\/wp\/v2\/posts\/86273"}],"collection":[{"href":"https:\/\/www.pelayo.com\/teloaseguro\/wp-json\/wp\/v2\/posts"}],"about":[{"href":"https:\/\/www.pelayo.com\/teloaseguro\/wp-json\/wp\/v2\/types\/post"}],"author":[{"embeddable":true,"href":"https:\/\/www.pelayo.com\/teloaseguro\/wp-json\/wp\/v2\/users\/7"}],"replies":[{"embeddable":true,"href":"https:\/\/www.pelayo.com\/teloaseguro\/wp-json\/wp\/v2\/comments?post=86273"}],"version-history":[{"count":2,"href":"https:\/\/www.pelayo.com\/teloaseguro\/wp-json\/wp\/v2\/posts\/86273\/revisions"}],"predecessor-version":[{"id":86277,"href":"https:\/\/www.pelayo.com\/teloaseguro\/wp-json\/wp\/v2\/posts\/86273\/revisions\/86277"}],"wp:featuredmedia":[{"embeddable":true,"href":"https:\/\/www.pelayo.com\/teloaseguro\/wp-json\/wp\/v2\/media\/86275"}],"wp:attachment":[{"href":"https:\/\/www.pelayo.com\/teloaseguro\/wp-json\/wp\/v2\/media?parent=86273"}],"wp:term":[{"taxonomy":"category","embeddable":true,"href":"https:\/\/www.pelayo.com\/teloaseguro\/wp-json\/wp\/v2\/categories?post=86273"},{"taxonomy":"post_tag","embeddable":true,"href":"https:\/\/www.pelayo.com\/teloaseguro\/wp-json\/wp\/v2\/tags?post=86273"}],"curies":[{"name":"wp","href":"https:\/\/api.w.org\/{rel}","templated":true}]}}