{"id":86171,"date":"2023-09-13T12:30:13","date_gmt":"2023-09-13T12:30:13","guid":{"rendered":"https:\/\/www.pelayo.com\/teloaseguro\/?p=86171"},"modified":"2023-08-30T07:48:27","modified_gmt":"2023-08-30T07:48:27","slug":"nueva-ley-personas-cancer","status":"publish","type":"post","link":"https:\/\/www.pelayo.com\/teloaseguro\/vida-y-salud\/nueva-ley-personas-cancer\/","title":{"rendered":"La nueva ley que protege a personas que han tenido c\u00e1ncer"},"content":{"rendered":"<p><b><span data-contrast=\"auto\">La reciente modificaci\u00f3n en el art\u00edculo 10 de la Ley de Contrato de Seguro abre una nueva puerta a quienes han padecido un c\u00e1ncer. Seg\u00fan la nueva legislaci\u00f3n, las aseguradoras no podr\u00e1n denegarles la contrataci\u00f3n de una p\u00f3liza con cobertura en caso de fallecimiento.\u00a0<\/span><\/b><span data-ccp-props=\"{&quot;201341983&quot;:0,&quot;335559739&quot;:0,&quot;335559740&quot;:240}\">\u00a0<\/span><\/p>\n<p><span data-contrast=\"auto\">El cambio en la Ley equipara a este segmento de la poblaci\u00f3n al resto de contratantes de un seguro de vida o un <\/span><a href=\"https:\/\/www.pelayo.com\/seguros-vida\/amortizacion-de-prestamos\"><span data-contrast=\"none\">seguro de amortizaci\u00f3n de pr\u00e9stamos<\/span><\/a><span data-contrast=\"auto\">. Sin embargo, existen algunos matices que no se deben pasar por alto.\u00a0\u00a0\u00a0<\/span><span data-ccp-props=\"{&quot;201341983&quot;:0,&quot;335559739&quot;:0,&quot;335559740&quot;:240}\">\u00a0<\/span><\/p>\n<h2 aria-level=\"2\"><span data-contrast=\"none\">Un riesgo que la aseguradora todav\u00eda puede valorar\u00a0<\/span><span data-ccp-props=\"{&quot;134233117&quot;:false,&quot;134233118&quot;:false,&quot;201341983&quot;:0,&quot;335551550&quot;:6,&quot;335551620&quot;:6,&quot;335559738&quot;:0,&quot;335559739&quot;:0,&quot;335559740&quot;:240}\">\u00a0<\/span><\/h2>\n<p><span data-contrast=\"auto\">Los cambios introducidos en la Ley de Contrato de Seguro suponen un importante paso adelante en la lucha por la igualdad. Es un principio de no discriminaci\u00f3n que permitir\u00e1 a muchas personas que han padecido c\u00e1ncer tener acceso a las mismas ventajas y coberturas que el resto de contratantes.\u00a0<\/span><span data-ccp-props=\"{&quot;201341983&quot;:0,&quot;335559739&quot;:0,&quot;335559740&quot;:240}\">\u00a0<\/span><\/p>\n<p><span data-contrast=\"auto\">No obstante, hay que tener en cuenta que las aseguradoras todav\u00eda tienen una posibilidad de denegar el acceso a este tipo de productos a determinados perfiles de tomador. En el caso de una persona que ha padecido c\u00e1ncer, la empresa se puede negar a suscribir el contrato si puede demostrar que existe un alto riesgo de muerte prematura.\u00a0<\/span><span data-ccp-props=\"{&quot;201341983&quot;:0,&quot;335559739&quot;:0,&quot;335559740&quot;:240}\">\u00a0<\/span><\/p>\n<p><span data-contrast=\"auto\">As\u00ed, aunque las garant\u00edas de contrataci\u00f3n no son inmediatas, s\u00ed que se abren muchas posibilidades para las personas que han estado enfermas. Esto les permitir\u00e1 disfrutar de una mayor tranquilidad, sabiendo que su familia se beneficiar\u00e1 de una protecci\u00f3n extra en caso de fallecimiento.\u00a0<\/span><span data-ccp-props=\"{&quot;201341983&quot;:0,&quot;335559739&quot;:0,&quot;335559740&quot;:240}\">\u00a0<\/span><\/p>\n<h2 aria-level=\"2\"><span data-contrast=\"none\">Coberturas de los seguros de vida para personas que han tenido c\u00e1ncer<\/span><span data-ccp-props=\"{&quot;134233117&quot;:false,&quot;134233118&quot;:false,&quot;201341983&quot;:0,&quot;335551550&quot;:6,&quot;335551620&quot;:6,&quot;335559738&quot;:0,&quot;335559739&quot;:0,&quot;335559740&quot;:240}\">\u00a0<\/span><\/h2>\n<p><span data-contrast=\"auto\">Los seguros de vida para una persona que ha superado la enfermedad no difieren de los de cualquier otro usuario. Con la actualizaci\u00f3n del Real Decreto a finales de junio de 2023 y la consecuente modificaci\u00f3n de la Ley de Contrato de Seguro, se proh\u00edbe expresamente la inclusi\u00f3n de cl\u00e1usulas concretas por parte de la aseguradora que supongan una exclusi\u00f3n de las personas que han padecido un c\u00e1ncer. <\/span><span data-ccp-props=\"{&quot;201341983&quot;:0,&quot;335559739&quot;:0,&quot;335559740&quot;:240}\">\u00a0<\/span><\/p>\n<p><span data-contrast=\"auto\">La obligatoriedad de aplicar este derecho al olvido oncol\u00f3gico afecta \u00fanicamente a los seguros de vida y a los seguros de salud. Pero, al menos de momento, deja al margen los seguros de decesos.\u00a0<\/span><span data-ccp-props=\"{&quot;201341983&quot;:0,&quot;335559739&quot;:0,&quot;335559740&quot;:240}\">\u00a0<\/span><\/p>\n<p><img loading=\"lazy\" class=\"alignnone size-full wp-image-86174\" src=\"\/teloaseguro\/wp-content\/uploads\/2023\/08\/copiapexels-thirdman-7659556-scaled.jpg\" alt=\"\" width=\"2560\" height=\"1169\" srcset=\"\/teloaseguro\/wp-content\/uploads\/2023\/08\/copiapexels-thirdman-7659556-scaled.jpg 2560w, \/teloaseguro\/wp-content\/uploads\/2023\/08\/copiapexels-thirdman-7659556-300x137.jpg 300w, \/teloaseguro\/wp-content\/uploads\/2023\/08\/copiapexels-thirdman-7659556-1024x468.jpg 1024w, \/teloaseguro\/wp-content\/uploads\/2023\/08\/copiapexels-thirdman-7659556-768x351.jpg 768w, \/teloaseguro\/wp-content\/uploads\/2023\/08\/copiapexels-thirdman-7659556-1536x702.jpg 1536w, \/teloaseguro\/wp-content\/uploads\/2023\/08\/copiapexels-thirdman-7659556-2048x936.jpg 2048w\" sizes=\"(max-width: 2560px) 100vw, 2560px\" \/><\/p>\n","protected":false},"excerpt":{"rendered":"<p>La reciente modificaci\u00f3n en el art\u00edculo 10 de la Ley de Contrato de Seguro abre una nueva puerta a quienes<\/p>\n","protected":false},"author":7,"featured_media":86173,"comment_status":"closed","ping_status":"open","sticky":false,"template":"","format":"standard","meta":[],"categories":[2],"tags":[],"yoast_head":"<!-- This site is optimized with the Yoast SEO plugin v17.5 - https:\/\/yoast.com\/wordpress\/plugins\/seo\/ -->\n<title>La nueva ley que protege a personas con c\u00e1ncer | Pelayo<\/title>\n<meta name=\"description\" content=\"Inf\u00f3rmate en Pelayo sobre la nueva ley que protege a quienes han sufrido: p\u00f3liza con cobertura en caso de fallecimiento.\u00a0\u00a0\" \/>\n<meta name=\"robots\" content=\"index, follow, max-snippet:-1, max-image-preview:large, max-video-preview:-1\" \/>\n<link rel=\"canonical\" href=\"https:\/\/www.pelayo.com\/teloaseguro\/vida-y-salud\/nueva-ley-personas-cancer\/\" \/>\n<meta property=\"og:locale\" content=\"es_ES\" \/>\n<meta property=\"og:type\" content=\"article\" \/>\n<meta property=\"og:title\" content=\"La nueva ley que protege a personas con c\u00e1ncer | Pelayo\" \/>\n<meta property=\"og:description\" content=\"Inf\u00f3rmate en Pelayo sobre la nueva ley que protege a quienes han sufrido: p\u00f3liza con cobertura en caso de fallecimiento.\u00a0\u00a0\" \/>\n<meta property=\"og:url\" content=\"https:\/\/www.pelayo.com\/teloaseguro\/vida-y-salud\/nueva-ley-personas-cancer\/\" \/>\n<meta property=\"og:site_name\" content=\"Pelayo\" \/>\n<meta property=\"article:published_time\" content=\"2023-09-13T12:30:13+00:00\" \/>\n<meta property=\"article:modified_time\" content=\"2023-08-30T07:48:27+00:00\" \/>\n<meta property=\"og:image\" content=\"https:\/\/www.pelayo.com\/teloaseguro\/wp-content\/uploads\/2023\/08\/pexels-thirdman-7659556-scaled.jpg\" \/>\n\t<meta property=\"og:image:width\" content=\"2560\" \/>\n\t<meta property=\"og:image:height\" content=\"1707\" \/>\n<meta name=\"twitter:card\" content=\"summary_large_image\" \/>\n<meta name=\"twitter:label1\" content=\"Escrito por\" \/>\n\t<meta name=\"twitter:data1\" content=\"Seguros Pelayo\" \/>\n\t<meta name=\"twitter:label2\" content=\"Tiempo de lectura\" \/>\n\t<meta name=\"twitter:data2\" content=\"2 minutos\" \/>\n<script type=\"application\/ld+json\" class=\"yoast-schema-graph\">{\"@context\":\"https:\/\/schema.org\",\"@graph\":[{\"@type\":\"WebSite\",\"@id\":\"https:\/\/www.pelayo.com\/teloaseguro\/#website\",\"url\":\"https:\/\/www.pelayo.com\/teloaseguro\/\",\"name\":\"Pelayo\",\"description\":\"\",\"potentialAction\":[{\"@type\":\"SearchAction\",\"target\":{\"@type\":\"EntryPoint\",\"urlTemplate\":\"https:\/\/www.pelayo.com\/teloaseguro\/?s={search_term_string}\"},\"query-input\":\"required name=search_term_string\"}],\"inLanguage\":\"es\"},{\"@type\":\"ImageObject\",\"@id\":\"https:\/\/www.pelayo.com\/teloaseguro\/vida-y-salud\/nueva-ley-personas-cancer\/#primaryimage\",\"inLanguage\":\"es\",\"url\":\"\/teloaseguro\/wp-content\/uploads\/2023\/08\/pexels-thirdman-7659556-scaled.jpg\",\"contentUrl\":\"\/teloaseguro\/wp-content\/uploads\/2023\/08\/pexels-thirdman-7659556-scaled.jpg\",\"width\":2560,\"height\":1707},{\"@type\":\"WebPage\",\"@id\":\"https:\/\/www.pelayo.com\/teloaseguro\/vida-y-salud\/nueva-ley-personas-cancer\/#webpage\",\"url\":\"https:\/\/www.pelayo.com\/teloaseguro\/vida-y-salud\/nueva-ley-personas-cancer\/\",\"name\":\"La nueva ley que protege a personas con c\\u00e1ncer | Pelayo\",\"isPartOf\":{\"@id\":\"https:\/\/www.pelayo.com\/teloaseguro\/#website\"},\"primaryImageOfPage\":{\"@id\":\"https:\/\/www.pelayo.com\/teloaseguro\/vida-y-salud\/nueva-ley-personas-cancer\/#primaryimage\"},\"datePublished\":\"2023-09-13T12:30:13+00:00\",\"dateModified\":\"2023-08-30T07:48:27+00:00\",\"author\":{\"@id\":\"https:\/\/www.pelayo.com\/teloaseguro\/#\/schema\/person\/378d14d33c168734fd01fdad1cb58607\"},\"description\":\"Inf\\u00f3rmate en Pelayo sobre la nueva ley que protege a quienes han sufrido: p\\u00f3liza con cobertura en caso de fallecimiento.\\u00a0\\u00a0\",\"breadcrumb\":{\"@id\":\"https:\/\/www.pelayo.com\/teloaseguro\/vida-y-salud\/nueva-ley-personas-cancer\/#breadcrumb\"},\"inLanguage\":\"es\",\"potentialAction\":[{\"@type\":\"ReadAction\",\"target\":[\"https:\/\/www.pelayo.com\/teloaseguro\/vida-y-salud\/nueva-ley-personas-cancer\/\"]}]},{\"@type\":\"BreadcrumbList\",\"@id\":\"https:\/\/www.pelayo.com\/teloaseguro\/vida-y-salud\/nueva-ley-personas-cancer\/#breadcrumb\",\"itemListElement\":[{\"@type\":\"ListItem\",\"position\":1,\"name\":\"Portada\",\"item\":\"https:\/\/www.pelayo.com\/teloaseguro\/\"},{\"@type\":\"ListItem\",\"position\":2,\"name\":\"La nueva ley que protege a personas que han tenido c\\u00e1ncer\"}]},{\"@type\":\"Person\",\"@id\":\"https:\/\/www.pelayo.com\/teloaseguro\/#\/schema\/person\/378d14d33c168734fd01fdad1cb58607\",\"name\":\"Seguros Pelayo\",\"image\":{\"@type\":\"ImageObject\",\"@id\":\"https:\/\/www.pelayo.com\/teloaseguro\/#personlogo\",\"inLanguage\":\"es\",\"url\":\"https:\/\/secure.gravatar.com\/avatar\/b9ab97b59c5b011e9e6b31499851eeef?s=96&d=mm&r=g\",\"contentUrl\":\"https:\/\/secure.gravatar.com\/avatar\/b9ab97b59c5b011e9e6b31499851eeef?s=96&d=mm&r=g\",\"caption\":\"Seguros Pelayo\"},\"url\":\"https:\/\/www.pelayo.com\/teloaseguro\/author\/dentsu\/\"}]}<\/script>\n<!-- \/ Yoast SEO plugin. -->","yoast_head_json":{"title":"La nueva ley que protege a personas con c\u00e1ncer | Pelayo","description":"Inf\u00f3rmate en Pelayo sobre la nueva ley que protege a quienes han sufrido: p\u00f3liza con cobertura en caso de fallecimiento.\u00a0\u00a0","robots":{"index":"index","follow":"follow","max-snippet":"max-snippet:-1","max-image-preview":"max-image-preview:large","max-video-preview":"max-video-preview:-1"},"canonical":"https:\/\/www.pelayo.com\/teloaseguro\/vida-y-salud\/nueva-ley-personas-cancer\/","og_locale":"es_ES","og_type":"article","og_title":"La nueva ley que protege a personas con c\u00e1ncer | Pelayo","og_description":"Inf\u00f3rmate en Pelayo sobre la nueva ley que protege a quienes han sufrido: p\u00f3liza con cobertura en caso de fallecimiento.\u00a0\u00a0","og_url":"https:\/\/www.pelayo.com\/teloaseguro\/vida-y-salud\/nueva-ley-personas-cancer\/","og_site_name":"Pelayo","article_published_time":"2023-09-13T12:30:13+00:00","article_modified_time":"2023-08-30T07:48:27+00:00","og_image":[{"width":2560,"height":1707,"url":"https:\/\/www.pelayo.com\/teloaseguro\/wp-content\/uploads\/2023\/08\/pexels-thirdman-7659556-scaled.jpg","type":"image\/jpeg"}],"twitter_card":"summary_large_image","twitter_misc":{"Escrito por":"Seguros Pelayo","Tiempo de lectura":"2 minutos"},"schema":{"@context":"https:\/\/schema.org","@graph":[{"@type":"WebSite","@id":"https:\/\/www.pelayo.com\/teloaseguro\/#website","url":"https:\/\/www.pelayo.com\/teloaseguro\/","name":"Pelayo","description":"","potentialAction":[{"@type":"SearchAction","target":{"@type":"EntryPoint","urlTemplate":"https:\/\/www.pelayo.com\/teloaseguro\/?s={search_term_string}"},"query-input":"required name=search_term_string"}],"inLanguage":"es"},{"@type":"ImageObject","@id":"https:\/\/www.pelayo.com\/teloaseguro\/vida-y-salud\/nueva-ley-personas-cancer\/#primaryimage","inLanguage":"es","url":"\/teloaseguro\/wp-content\/uploads\/2023\/08\/pexels-thirdman-7659556-scaled.jpg","contentUrl":"\/teloaseguro\/wp-content\/uploads\/2023\/08\/pexels-thirdman-7659556-scaled.jpg","width":2560,"height":1707},{"@type":"WebPage","@id":"https:\/\/www.pelayo.com\/teloaseguro\/vida-y-salud\/nueva-ley-personas-cancer\/#webpage","url":"https:\/\/www.pelayo.com\/teloaseguro\/vida-y-salud\/nueva-ley-personas-cancer\/","name":"La nueva ley que protege a personas con c\u00e1ncer | Pelayo","isPartOf":{"@id":"https:\/\/www.pelayo.com\/teloaseguro\/#website"},"primaryImageOfPage":{"@id":"https:\/\/www.pelayo.com\/teloaseguro\/vida-y-salud\/nueva-ley-personas-cancer\/#primaryimage"},"datePublished":"2023-09-13T12:30:13+00:00","dateModified":"2023-08-30T07:48:27+00:00","author":{"@id":"https:\/\/www.pelayo.com\/teloaseguro\/#\/schema\/person\/378d14d33c168734fd01fdad1cb58607"},"description":"Inf\u00f3rmate en Pelayo sobre la nueva ley que protege a quienes han sufrido: p\u00f3liza con cobertura en caso de fallecimiento.\u00a0\u00a0","breadcrumb":{"@id":"https:\/\/www.pelayo.com\/teloaseguro\/vida-y-salud\/nueva-ley-personas-cancer\/#breadcrumb"},"inLanguage":"es","potentialAction":[{"@type":"ReadAction","target":["https:\/\/www.pelayo.com\/teloaseguro\/vida-y-salud\/nueva-ley-personas-cancer\/"]}]},{"@type":"BreadcrumbList","@id":"https:\/\/www.pelayo.com\/teloaseguro\/vida-y-salud\/nueva-ley-personas-cancer\/#breadcrumb","itemListElement":[{"@type":"ListItem","position":1,"name":"Portada","item":"https:\/\/www.pelayo.com\/teloaseguro\/"},{"@type":"ListItem","position":2,"name":"La nueva ley que protege a personas que han tenido c\u00e1ncer"}]},{"@type":"Person","@id":"https:\/\/www.pelayo.com\/teloaseguro\/#\/schema\/person\/378d14d33c168734fd01fdad1cb58607","name":"Seguros Pelayo","image":{"@type":"ImageObject","@id":"https:\/\/www.pelayo.com\/teloaseguro\/#personlogo","inLanguage":"es","url":"https:\/\/secure.gravatar.com\/avatar\/b9ab97b59c5b011e9e6b31499851eeef?s=96&d=mm&r=g","contentUrl":"https:\/\/secure.gravatar.com\/avatar\/b9ab97b59c5b011e9e6b31499851eeef?s=96&d=mm&r=g","caption":"Seguros Pelayo"},"url":"https:\/\/www.pelayo.com\/teloaseguro\/author\/dentsu\/"}]}},"_links":{"self":[{"href":"https:\/\/www.pelayo.com\/teloaseguro\/wp-json\/wp\/v2\/posts\/86171"}],"collection":[{"href":"https:\/\/www.pelayo.com\/teloaseguro\/wp-json\/wp\/v2\/posts"}],"about":[{"href":"https:\/\/www.pelayo.com\/teloaseguro\/wp-json\/wp\/v2\/types\/post"}],"author":[{"embeddable":true,"href":"https:\/\/www.pelayo.com\/teloaseguro\/wp-json\/wp\/v2\/users\/7"}],"replies":[{"embeddable":true,"href":"https:\/\/www.pelayo.com\/teloaseguro\/wp-json\/wp\/v2\/comments?post=86171"}],"version-history":[{"count":2,"href":"https:\/\/www.pelayo.com\/teloaseguro\/wp-json\/wp\/v2\/posts\/86171\/revisions"}],"predecessor-version":[{"id":86175,"href":"https:\/\/www.pelayo.com\/teloaseguro\/wp-json\/wp\/v2\/posts\/86171\/revisions\/86175"}],"wp:featuredmedia":[{"embeddable":true,"href":"https:\/\/www.pelayo.com\/teloaseguro\/wp-json\/wp\/v2\/media\/86173"}],"wp:attachment":[{"href":"https:\/\/www.pelayo.com\/teloaseguro\/wp-json\/wp\/v2\/media?parent=86171"}],"wp:term":[{"taxonomy":"category","embeddable":true,"href":"https:\/\/www.pelayo.com\/teloaseguro\/wp-json\/wp\/v2\/categories?post=86171"},{"taxonomy":"post_tag","embeddable":true,"href":"https:\/\/www.pelayo.com\/teloaseguro\/wp-json\/wp\/v2\/tags?post=86171"}],"curies":[{"name":"wp","href":"https:\/\/api.w.org\/{rel}","templated":true}]}}