{"id":86156,"date":"2023-08-30T12:30:36","date_gmt":"2023-08-30T12:30:36","guid":{"rendered":"https:\/\/www.pelayo.com\/teloaseguro\/?p=86156"},"modified":"2023-08-29T12:06:57","modified_gmt":"2023-08-29T12:06:57","slug":"coches-electricos-superan-diesel","status":"publish","type":"post","link":"https:\/\/www.pelayo.com\/teloaseguro\/coche-y-moto\/coches-electricos-superan-diesel\/","title":{"rendered":"En junio, las ventas de coches el\u00e9ctricos superaron a las de di\u00e9sel"},"content":{"rendered":"<p><b><span data-contrast=\"auto\">La industria automovil\u00edstica est\u00e1 en pleno proceso de transformaci\u00f3n. Prueba de ello es el incremento en las ventas de coches el\u00e9ctricos frente a los de combusti\u00f3n di\u00e9sel.\u00a0<\/span><\/b><span data-ccp-props=\"{&quot;201341983&quot;:0,&quot;335559739&quot;:0,&quot;335559740&quot;:240}\">\u00a0<\/span><\/p>\n<p><span data-contrast=\"auto\">El pasado mes de junio se produjo un hito en el mercado de veh\u00edculos europeo: por primera vez, la venta de coches el\u00e9ctricos puros superaba la de veh\u00edculos di\u00e9sel. Con un aumento de casi 5 puntos porcentuales, la cuota de mercado de el\u00e9ctricos se elev\u00f3 hasta el 15,1 %, superando as\u00ed las ventas de coches di\u00e9sel, con un 13,4 % del total.<\/span><span data-ccp-props=\"{&quot;201341983&quot;:0,&quot;335559739&quot;:0,&quot;335559740&quot;:240}\">\u00a0<\/span><\/p>\n<h2 aria-level=\"2\"><span data-contrast=\"none\">\u00bfC\u00f3mo se presenta el mercado de el\u00e9ctricos en Espa\u00f1a?<\/span><span data-ccp-props=\"{&quot;134233117&quot;:false,&quot;134233118&quot;:false,&quot;201341983&quot;:0,&quot;335551550&quot;:6,&quot;335551620&quot;:6,&quot;335559738&quot;:0,&quot;335559739&quot;:0,&quot;335559740&quot;:240}\">\u00a0<\/span><\/h2>\n<p><span data-contrast=\"auto\">El escenario en Espa\u00f1a mantiene la tendencia alcista que se est\u00e1 observando a nivel europeo. De hecho, el mismo informe de la Asociaci\u00f3n Europea de Constructores de Autom\u00f3viles (ACEA) revela que Espa\u00f1a est\u00e1 entre los pa\u00edses europeos con una mayor tasa de matriculaci\u00f3n de veh\u00edculos sostenibles. Solo en el mes de junio las ventas de veh\u00edculos h\u00edbridos enchufables subieron un 51,7 % y las de h\u00edbridos el\u00e9ctricos (h\u00edbridos puros) un 22,7 %.\u00a0<\/span><span data-ccp-props=\"{&quot;201341983&quot;:0,&quot;335559739&quot;:0,&quot;335559740&quot;:240}\">\u00a0<\/span><\/p>\n<p><span data-contrast=\"auto\">Con todo, tanto el mercado europeo como el espa\u00f1ol siguen estando dominados por las matriculaciones de veh\u00edculos de gasolina. En Europa, estos acaparan un 37,2 % de las ventas, mientras que a nivel nacional las ventas de este tipo de veh\u00edculos aumentaban un 11,9 % en el mes de junio con respecto al mes anterior. En este sentido, solo Alemania superaba a Espa\u00f1a en matriculaci\u00f3n de veh\u00edculos de gasolina durante el sexto mes de 2023.\u00a0<\/span><span data-ccp-props=\"{&quot;201341983&quot;:0,&quot;335559739&quot;:0,&quot;335559740&quot;:240}\">\u00a0<\/span><\/p>\n<h2 aria-level=\"2\"><span data-contrast=\"none\">Marcas de coches el\u00e9ctricos m\u00e1s vendidas <\/span><span data-ccp-props=\"{&quot;134233117&quot;:false,&quot;134233118&quot;:false,&quot;201341983&quot;:0,&quot;335551550&quot;:6,&quot;335551620&quot;:6,&quot;335559738&quot;:0,&quot;335559739&quot;:0,&quot;335559740&quot;:240}\">\u00a0<\/span><\/h2>\n<p><span data-contrast=\"auto\">El podio de <a href=\"https:\/\/www.pelayo.com\/seguros-coche\/comparativa\/electricos-hibridos-enchufables\">coches el\u00e9ctricos<\/a> con m\u00e1s \u00e9xito en el mercado automovil\u00edstico espa\u00f1ol est\u00e1 formado por el Tesla Model Y, el Tesla Model 3 y el MG4 Electric en tercera posici\u00f3n.\u00a0<\/span><span data-ccp-props=\"{&quot;201341983&quot;:0,&quot;335559739&quot;:0,&quot;335559740&quot;:240}\">\u00a0<\/span><\/p>\n<p><span data-contrast=\"auto\">Pese a que Tesla domina las ventas actuales y marca una evidente distancia frente a la competencia, otros modelos como el Volkswagen ID.4 y el Polestar 2 han encontrado su nicho de mercado en segmentos de venta con precios m\u00e1s elevados.\u00a0<\/span><span data-ccp-props=\"{&quot;201341983&quot;:0,&quot;335559739&quot;:0,&quot;335559740&quot;:240}\">\u00a0<\/span><\/p>\n<p><img loading=\"lazy\" class=\"alignnone size-full wp-image-86159\" src=\"\/teloaseguro\/wp-content\/uploads\/2023\/08\/hombre-enchufando-cargador-coche-electrico-estacion-carga-COPIA-scaled.jpg\" alt=\"\" width=\"2560\" height=\"994\" srcset=\"\/teloaseguro\/wp-content\/uploads\/2023\/08\/hombre-enchufando-cargador-coche-electrico-estacion-carga-COPIA-scaled.jpg 2560w, \/teloaseguro\/wp-content\/uploads\/2023\/08\/hombre-enchufando-cargador-coche-electrico-estacion-carga-COPIA-300x116.jpg 300w, \/teloaseguro\/wp-content\/uploads\/2023\/08\/hombre-enchufando-cargador-coche-electrico-estacion-carga-COPIA-1024x397.jpg 1024w, \/teloaseguro\/wp-content\/uploads\/2023\/08\/hombre-enchufando-cargador-coche-electrico-estacion-carga-COPIA-768x298.jpg 768w, \/teloaseguro\/wp-content\/uploads\/2023\/08\/hombre-enchufando-cargador-coche-electrico-estacion-carga-COPIA-1536x596.jpg 1536w, \/teloaseguro\/wp-content\/uploads\/2023\/08\/hombre-enchufando-cargador-coche-electrico-estacion-carga-COPIA-2048x795.jpg 2048w\" sizes=\"(max-width: 2560px) 100vw, 2560px\" \/><\/p>\n","protected":false},"excerpt":{"rendered":"<p>La industria automovil\u00edstica est\u00e1 en pleno proceso de transformaci\u00f3n. Prueba de ello es el incremento en las ventas de coches<\/p>\n","protected":false},"author":7,"featured_media":86158,"comment_status":"closed","ping_status":"open","sticky":false,"template":"","format":"standard","meta":[],"categories":[5],"tags":[],"yoast_head":"<!-- This site is optimized with the Yoast SEO plugin v17.5 - https:\/\/yoast.com\/wordpress\/plugins\/seo\/ -->\n<title>Las ventas de coches el\u00e9ctricos superan a las de di\u00e9sel | Pelayo<\/title>\n<meta name=\"description\" content=\"\u00bfSabes que en junio las ventas de coches el\u00e9ctricos superaron a las de di\u00e9sel? Aprende en Pelayo sobre el mercado de el\u00e9ctricos y sus marcas.\" \/>\n<meta name=\"robots\" content=\"index, follow, max-snippet:-1, max-image-preview:large, max-video-preview:-1\" \/>\n<link rel=\"canonical\" href=\"https:\/\/www.pelayo.com\/teloaseguro\/coche-y-moto\/coches-electricos-superan-diesel\/\" \/>\n<meta property=\"og:locale\" content=\"es_ES\" \/>\n<meta property=\"og:type\" content=\"article\" \/>\n<meta property=\"og:title\" content=\"Las ventas de coches el\u00e9ctricos superan a las de di\u00e9sel | Pelayo\" \/>\n<meta property=\"og:description\" content=\"\u00bfSabes que en junio las ventas de coches el\u00e9ctricos superaron a las de di\u00e9sel? Aprende en Pelayo sobre el mercado de el\u00e9ctricos y sus marcas.\" \/>\n<meta property=\"og:url\" content=\"https:\/\/www.pelayo.com\/teloaseguro\/coche-y-moto\/coches-electricos-superan-diesel\/\" \/>\n<meta property=\"og:site_name\" content=\"Pelayo\" \/>\n<meta property=\"article:published_time\" content=\"2023-08-30T12:30:36+00:00\" \/>\n<meta property=\"article:modified_time\" content=\"2023-08-29T12:06:57+00:00\" \/>\n<meta property=\"og:image\" content=\"https:\/\/www.pelayo.com\/teloaseguro\/wp-content\/uploads\/2023\/08\/hombre-enchufando-cargador-coche-electrico-estacion-carga-scaled.jpg\" \/>\n\t<meta property=\"og:image:width\" content=\"2560\" \/>\n\t<meta property=\"og:image:height\" content=\"1440\" \/>\n<meta name=\"twitter:card\" content=\"summary_large_image\" \/>\n<meta name=\"twitter:label1\" content=\"Escrito por\" \/>\n\t<meta name=\"twitter:data1\" content=\"Seguros Pelayo\" \/>\n\t<meta name=\"twitter:label2\" content=\"Tiempo de lectura\" \/>\n\t<meta name=\"twitter:data2\" content=\"2 minutos\" \/>\n<script type=\"application\/ld+json\" class=\"yoast-schema-graph\">{\"@context\":\"https:\/\/schema.org\",\"@graph\":[{\"@type\":\"WebSite\",\"@id\":\"https:\/\/www.pelayo.com\/teloaseguro\/#website\",\"url\":\"https:\/\/www.pelayo.com\/teloaseguro\/\",\"name\":\"Pelayo\",\"description\":\"\",\"potentialAction\":[{\"@type\":\"SearchAction\",\"target\":{\"@type\":\"EntryPoint\",\"urlTemplate\":\"https:\/\/www.pelayo.com\/teloaseguro\/?s={search_term_string}\"},\"query-input\":\"required name=search_term_string\"}],\"inLanguage\":\"es\"},{\"@type\":\"ImageObject\",\"@id\":\"https:\/\/www.pelayo.com\/teloaseguro\/coche-y-moto\/coches-electricos-superan-diesel\/#primaryimage\",\"inLanguage\":\"es\",\"url\":\"\/teloaseguro\/wp-content\/uploads\/2023\/08\/hombre-enchufando-cargador-coche-electrico-estacion-carga-scaled.jpg\",\"contentUrl\":\"\/teloaseguro\/wp-content\/uploads\/2023\/08\/hombre-enchufando-cargador-coche-electrico-estacion-carga-scaled.jpg\",\"width\":2560,\"height\":1440},{\"@type\":\"WebPage\",\"@id\":\"https:\/\/www.pelayo.com\/teloaseguro\/coche-y-moto\/coches-electricos-superan-diesel\/#webpage\",\"url\":\"https:\/\/www.pelayo.com\/teloaseguro\/coche-y-moto\/coches-electricos-superan-diesel\/\",\"name\":\"Las ventas de coches el\\u00e9ctricos superan a las de di\\u00e9sel | Pelayo\",\"isPartOf\":{\"@id\":\"https:\/\/www.pelayo.com\/teloaseguro\/#website\"},\"primaryImageOfPage\":{\"@id\":\"https:\/\/www.pelayo.com\/teloaseguro\/coche-y-moto\/coches-electricos-superan-diesel\/#primaryimage\"},\"datePublished\":\"2023-08-30T12:30:36+00:00\",\"dateModified\":\"2023-08-29T12:06:57+00:00\",\"author\":{\"@id\":\"https:\/\/www.pelayo.com\/teloaseguro\/#\/schema\/person\/378d14d33c168734fd01fdad1cb58607\"},\"description\":\"\\u00bfSabes que en junio las ventas de coches el\\u00e9ctricos superaron a las de di\\u00e9sel? Aprende en Pelayo sobre el mercado de el\\u00e9ctricos y sus marcas.\",\"breadcrumb\":{\"@id\":\"https:\/\/www.pelayo.com\/teloaseguro\/coche-y-moto\/coches-electricos-superan-diesel\/#breadcrumb\"},\"inLanguage\":\"es\",\"potentialAction\":[{\"@type\":\"ReadAction\",\"target\":[\"https:\/\/www.pelayo.com\/teloaseguro\/coche-y-moto\/coches-electricos-superan-diesel\/\"]}]},{\"@type\":\"BreadcrumbList\",\"@id\":\"https:\/\/www.pelayo.com\/teloaseguro\/coche-y-moto\/coches-electricos-superan-diesel\/#breadcrumb\",\"itemListElement\":[{\"@type\":\"ListItem\",\"position\":1,\"name\":\"Portada\",\"item\":\"https:\/\/www.pelayo.com\/teloaseguro\/\"},{\"@type\":\"ListItem\",\"position\":2,\"name\":\"En junio, las ventas de coches el\\u00e9ctricos superaron a las de di\\u00e9sel\"}]},{\"@type\":\"Person\",\"@id\":\"https:\/\/www.pelayo.com\/teloaseguro\/#\/schema\/person\/378d14d33c168734fd01fdad1cb58607\",\"name\":\"Seguros Pelayo\",\"image\":{\"@type\":\"ImageObject\",\"@id\":\"https:\/\/www.pelayo.com\/teloaseguro\/#personlogo\",\"inLanguage\":\"es\",\"url\":\"https:\/\/secure.gravatar.com\/avatar\/b9ab97b59c5b011e9e6b31499851eeef?s=96&d=mm&r=g\",\"contentUrl\":\"https:\/\/secure.gravatar.com\/avatar\/b9ab97b59c5b011e9e6b31499851eeef?s=96&d=mm&r=g\",\"caption\":\"Seguros Pelayo\"},\"url\":\"https:\/\/www.pelayo.com\/teloaseguro\/author\/dentsu\/\"}]}<\/script>\n<!-- \/ Yoast SEO plugin. -->","yoast_head_json":{"title":"Las ventas de coches el\u00e9ctricos superan a las de di\u00e9sel | Pelayo","description":"\u00bfSabes que en junio las ventas de coches el\u00e9ctricos superaron a las de di\u00e9sel? Aprende en Pelayo sobre el mercado de el\u00e9ctricos y sus marcas.","robots":{"index":"index","follow":"follow","max-snippet":"max-snippet:-1","max-image-preview":"max-image-preview:large","max-video-preview":"max-video-preview:-1"},"canonical":"https:\/\/www.pelayo.com\/teloaseguro\/coche-y-moto\/coches-electricos-superan-diesel\/","og_locale":"es_ES","og_type":"article","og_title":"Las ventas de coches el\u00e9ctricos superan a las de di\u00e9sel | Pelayo","og_description":"\u00bfSabes que en junio las ventas de coches el\u00e9ctricos superaron a las de di\u00e9sel? Aprende en Pelayo sobre el mercado de el\u00e9ctricos y sus marcas.","og_url":"https:\/\/www.pelayo.com\/teloaseguro\/coche-y-moto\/coches-electricos-superan-diesel\/","og_site_name":"Pelayo","article_published_time":"2023-08-30T12:30:36+00:00","article_modified_time":"2023-08-29T12:06:57+00:00","og_image":[{"width":2560,"height":1440,"url":"https:\/\/www.pelayo.com\/teloaseguro\/wp-content\/uploads\/2023\/08\/hombre-enchufando-cargador-coche-electrico-estacion-carga-scaled.jpg","type":"image\/jpeg"}],"twitter_card":"summary_large_image","twitter_misc":{"Escrito por":"Seguros Pelayo","Tiempo de lectura":"2 minutos"},"schema":{"@context":"https:\/\/schema.org","@graph":[{"@type":"WebSite","@id":"https:\/\/www.pelayo.com\/teloaseguro\/#website","url":"https:\/\/www.pelayo.com\/teloaseguro\/","name":"Pelayo","description":"","potentialAction":[{"@type":"SearchAction","target":{"@type":"EntryPoint","urlTemplate":"https:\/\/www.pelayo.com\/teloaseguro\/?s={search_term_string}"},"query-input":"required name=search_term_string"}],"inLanguage":"es"},{"@type":"ImageObject","@id":"https:\/\/www.pelayo.com\/teloaseguro\/coche-y-moto\/coches-electricos-superan-diesel\/#primaryimage","inLanguage":"es","url":"\/teloaseguro\/wp-content\/uploads\/2023\/08\/hombre-enchufando-cargador-coche-electrico-estacion-carga-scaled.jpg","contentUrl":"\/teloaseguro\/wp-content\/uploads\/2023\/08\/hombre-enchufando-cargador-coche-electrico-estacion-carga-scaled.jpg","width":2560,"height":1440},{"@type":"WebPage","@id":"https:\/\/www.pelayo.com\/teloaseguro\/coche-y-moto\/coches-electricos-superan-diesel\/#webpage","url":"https:\/\/www.pelayo.com\/teloaseguro\/coche-y-moto\/coches-electricos-superan-diesel\/","name":"Las ventas de coches el\u00e9ctricos superan a las de di\u00e9sel | Pelayo","isPartOf":{"@id":"https:\/\/www.pelayo.com\/teloaseguro\/#website"},"primaryImageOfPage":{"@id":"https:\/\/www.pelayo.com\/teloaseguro\/coche-y-moto\/coches-electricos-superan-diesel\/#primaryimage"},"datePublished":"2023-08-30T12:30:36+00:00","dateModified":"2023-08-29T12:06:57+00:00","author":{"@id":"https:\/\/www.pelayo.com\/teloaseguro\/#\/schema\/person\/378d14d33c168734fd01fdad1cb58607"},"description":"\u00bfSabes que en junio las ventas de coches el\u00e9ctricos superaron a las de di\u00e9sel? Aprende en Pelayo sobre el mercado de el\u00e9ctricos y sus marcas.","breadcrumb":{"@id":"https:\/\/www.pelayo.com\/teloaseguro\/coche-y-moto\/coches-electricos-superan-diesel\/#breadcrumb"},"inLanguage":"es","potentialAction":[{"@type":"ReadAction","target":["https:\/\/www.pelayo.com\/teloaseguro\/coche-y-moto\/coches-electricos-superan-diesel\/"]}]},{"@type":"BreadcrumbList","@id":"https:\/\/www.pelayo.com\/teloaseguro\/coche-y-moto\/coches-electricos-superan-diesel\/#breadcrumb","itemListElement":[{"@type":"ListItem","position":1,"name":"Portada","item":"https:\/\/www.pelayo.com\/teloaseguro\/"},{"@type":"ListItem","position":2,"name":"En junio, las ventas de coches el\u00e9ctricos superaron a las de di\u00e9sel"}]},{"@type":"Person","@id":"https:\/\/www.pelayo.com\/teloaseguro\/#\/schema\/person\/378d14d33c168734fd01fdad1cb58607","name":"Seguros Pelayo","image":{"@type":"ImageObject","@id":"https:\/\/www.pelayo.com\/teloaseguro\/#personlogo","inLanguage":"es","url":"https:\/\/secure.gravatar.com\/avatar\/b9ab97b59c5b011e9e6b31499851eeef?s=96&d=mm&r=g","contentUrl":"https:\/\/secure.gravatar.com\/avatar\/b9ab97b59c5b011e9e6b31499851eeef?s=96&d=mm&r=g","caption":"Seguros Pelayo"},"url":"https:\/\/www.pelayo.com\/teloaseguro\/author\/dentsu\/"}]}},"_links":{"self":[{"href":"https:\/\/www.pelayo.com\/teloaseguro\/wp-json\/wp\/v2\/posts\/86156"}],"collection":[{"href":"https:\/\/www.pelayo.com\/teloaseguro\/wp-json\/wp\/v2\/posts"}],"about":[{"href":"https:\/\/www.pelayo.com\/teloaseguro\/wp-json\/wp\/v2\/types\/post"}],"author":[{"embeddable":true,"href":"https:\/\/www.pelayo.com\/teloaseguro\/wp-json\/wp\/v2\/users\/7"}],"replies":[{"embeddable":true,"href":"https:\/\/www.pelayo.com\/teloaseguro\/wp-json\/wp\/v2\/comments?post=86156"}],"version-history":[{"count":6,"href":"https:\/\/www.pelayo.com\/teloaseguro\/wp-json\/wp\/v2\/posts\/86156\/revisions"}],"predecessor-version":[{"id":86166,"href":"https:\/\/www.pelayo.com\/teloaseguro\/wp-json\/wp\/v2\/posts\/86156\/revisions\/86166"}],"wp:featuredmedia":[{"embeddable":true,"href":"https:\/\/www.pelayo.com\/teloaseguro\/wp-json\/wp\/v2\/media\/86158"}],"wp:attachment":[{"href":"https:\/\/www.pelayo.com\/teloaseguro\/wp-json\/wp\/v2\/media?parent=86156"}],"wp:term":[{"taxonomy":"category","embeddable":true,"href":"https:\/\/www.pelayo.com\/teloaseguro\/wp-json\/wp\/v2\/categories?post=86156"},{"taxonomy":"post_tag","embeddable":true,"href":"https:\/\/www.pelayo.com\/teloaseguro\/wp-json\/wp\/v2\/tags?post=86156"}],"curies":[{"name":"wp","href":"https:\/\/api.w.org\/{rel}","templated":true}]}}