{"id":86067,"date":"2023-05-17T10:30:50","date_gmt":"2023-05-17T10:30:50","guid":{"rendered":"https:\/\/www.pelayo.com\/teloaseguro\/?p=86067"},"modified":"2023-05-11T07:44:09","modified_gmt":"2023-05-11T07:44:09","slug":"como-y-cuando-pasar-la-itv-de-tu-moto","status":"publish","type":"post","link":"https:\/\/www.pelayo.com\/teloaseguro\/coche-y-moto\/como-y-cuando-pasar-la-itv-de-tu-moto\/","title":{"rendered":"C\u00f3mo y cu\u00e1ndo pasar la ITV de tu moto"},"content":{"rendered":"<p><b><span data-contrast=\"auto\">Todos los veh\u00edculos est\u00e1n obligados a pasar la ITV cada cierto tiempo. Es un tr\u00e1mite obligatorio que sirve para garantizar el buen estado de coches, motos, furgonetas o camiones y verificar que cumplen los requisitos necesarios para circular sin suponer un riesgo.\u00a0<\/span><\/b><span data-ccp-props=\"{&quot;201341983&quot;:0,&quot;335559739&quot;:0,&quot;335559740&quot;:240}\">\u00a0<\/span><\/p>\n<p><span data-contrast=\"auto\">Aunque se trata de un tr\u00e1mite muy sencillo, las estad\u00edsticas indican que una de cada cinco motos no pasa la ITV a la primera. Los motivos de este primer suspenso suelen repetirse con frecuencia. Conocerlos te ayudar\u00e1 a ponerles remedio antes de acudir a examen.\u00a0<\/span><span data-ccp-props=\"{&quot;201341983&quot;:0,&quot;335559739&quot;:0,&quot;335559740&quot;:240}\">\u00a0<\/span><\/p>\n<h2 aria-level=\"2\"><span data-contrast=\"none\">Defectos de la moto que no te permitir\u00e1n pasar la ITV<\/span><span data-ccp-props=\"{&quot;134233117&quot;:false,&quot;134233118&quot;:false,&quot;201341983&quot;:0,&quot;335551550&quot;:6,&quot;335551620&quot;:6,&quot;335559738&quot;:0,&quot;335559739&quot;:0,&quot;335559740&quot;:240}\">\u00a0<\/span><\/h2>\n<p><span data-contrast=\"auto\">Las motocicletas est\u00e1n obligadas a pasar la primera Inspecci\u00f3n T\u00e9cnica de Veh\u00edculos a los 4 a\u00f1os de su matriculaci\u00f3n, y a partir de entonces, cada dos a\u00f1os. La mayor\u00eda de las comprobaciones que se realizan durante este examen coinciden con las de cualquier otro veh\u00edculo a motor: alumbrado, intermitentes, neum\u00e1ticos, retrovisores, matr\u00edcula, frenos, suspensiones\u2026<\/span><span data-ccp-props=\"{&quot;201341983&quot;:0,&quot;335559739&quot;:0,&quot;335559740&quot;:240}\">\u00a0<\/span><\/p>\n<p><span data-contrast=\"auto\">Estos son los fallos m\u00e1s habituales que suele presentar la moto durante estas comprobaciones y que podr\u00edan impedir que el veh\u00edculo pase la inspecci\u00f3n hasta que queden resueltos.\u00a0<\/span><span data-ccp-props=\"{&quot;201341983&quot;:0,&quot;335559739&quot;:0,&quot;335559740&quot;:240}\">\u00a0<\/span><\/p>\n<ul>\n<li data-leveltext=\"\uf0b7\" data-font=\"Symbol\" data-listid=\"7\" data-list-defn-props=\"{&quot;335552541&quot;:1,&quot;335559684&quot;:-2,&quot;335559685&quot;:720,&quot;335559991&quot;:360,&quot;469769226&quot;:&quot;Symbol&quot;,&quot;469769242&quot;:[8226],&quot;469777803&quot;:&quot;left&quot;,&quot;469777804&quot;:&quot;\uf0b7&quot;,&quot;469777815&quot;:&quot;hybridMultilevel&quot;}\" aria-setsize=\"-1\" data-aria-posinset=\"1\" data-aria-level=\"1\"><span data-contrast=\"auto\">Neum\u00e1ticos: la profundidad de las ranuras de la banda debe ser de al menos 1,6 mm y el material debe estar en buen estado.\u00a0<\/span><span data-ccp-props=\"{&quot;201341983&quot;:0,&quot;335559739&quot;:0,&quot;335559740&quot;:240}\">\u00a0<\/span><\/li>\n<\/ul>\n<ul>\n<li data-leveltext=\"\uf0b7\" data-font=\"Symbol\" data-listid=\"7\" data-list-defn-props=\"{&quot;335552541&quot;:1,&quot;335559684&quot;:-2,&quot;335559685&quot;:720,&quot;335559991&quot;:360,&quot;469769226&quot;:&quot;Symbol&quot;,&quot;469769242&quot;:[8226],&quot;469777803&quot;:&quot;left&quot;,&quot;469777804&quot;:&quot;\uf0b7&quot;,&quot;469777815&quot;:&quot;hybridMultilevel&quot;}\" aria-setsize=\"-1\" data-aria-posinset=\"2\" data-aria-level=\"1\"><span data-contrast=\"auto\">Suspensiones: se controla especialmente el estado de la suspensi\u00f3n delantera. La p\u00e9rdida de aceite en los tubos de la horquilla indica la necesidad de reemplazar las juntas.\u00a0<\/span><span data-ccp-props=\"{&quot;201341983&quot;:0,&quot;335559739&quot;:0,&quot;335559740&quot;:240}\">\u00a0<\/span><\/li>\n<\/ul>\n<ul>\n<li data-leveltext=\"\uf0b7\" data-font=\"Symbol\" data-listid=\"7\" data-list-defn-props=\"{&quot;335552541&quot;:1,&quot;335559684&quot;:-2,&quot;335559685&quot;:720,&quot;335559991&quot;:360,&quot;469769226&quot;:&quot;Symbol&quot;,&quot;469769242&quot;:[8226],&quot;469777803&quot;:&quot;left&quot;,&quot;469777804&quot;:&quot;\uf0b7&quot;,&quot;469777815&quot;:&quot;hybridMultilevel&quot;}\" aria-setsize=\"-1\" data-aria-posinset=\"3\" data-aria-level=\"1\"><span data-contrast=\"auto\">Alumbrado y se\u00f1alizaci\u00f3n: no solamente se consideran un fallo las bombillas fundidas. Si has reemplazado los faros originales por otros, no ser\u00e1n aceptados a menos que aportes un informe de conformidad que certifique su montaje y homologaci\u00f3n.\u00a0<\/span><span data-ccp-props=\"{&quot;201341983&quot;:0,&quot;335559739&quot;:0,&quot;335559740&quot;:240}\">\u00a0<\/span><\/li>\n<\/ul>\n<ul>\n<li data-leveltext=\"\uf0b7\" data-font=\"Symbol\" data-listid=\"7\" data-list-defn-props=\"{&quot;335552541&quot;:1,&quot;335559684&quot;:-2,&quot;335559685&quot;:720,&quot;335559991&quot;:360,&quot;469769226&quot;:&quot;Symbol&quot;,&quot;469769242&quot;:[8226],&quot;469777803&quot;:&quot;left&quot;,&quot;469777804&quot;:&quot;\uf0b7&quot;,&quot;469777815&quot;:&quot;hybridMultilevel&quot;}\" aria-setsize=\"-1\" data-aria-posinset=\"1\" data-aria-level=\"1\"><span data-contrast=\"auto\">Emisiones ac\u00fasticas y contaminantes: rebasar los l\u00edmites legales de ruido y emisiones es un fallo grave que se registra con frecuencia en las estaciones de ITV. Una puesta a punto previa en el taller evitar\u00e1 que tengas que pasar la inspecci\u00f3n m\u00e1s de una vez.<\/span><span data-ccp-props=\"{&quot;201341983&quot;:0,&quot;335559739&quot;:0,&quot;335559740&quot;:240}\">\u00a0<\/span><\/li>\n<\/ul>\n<ul>\n<li data-leveltext=\"\uf0b7\" data-font=\"Symbol\" data-listid=\"7\" data-list-defn-props=\"{&quot;335552541&quot;:1,&quot;335559684&quot;:-2,&quot;335559685&quot;:720,&quot;335559991&quot;:360,&quot;469769226&quot;:&quot;Symbol&quot;,&quot;469769242&quot;:[8226],&quot;469777803&quot;:&quot;left&quot;,&quot;469777804&quot;:&quot;\uf0b7&quot;,&quot;469777815&quot;:&quot;hybridMultilevel&quot;}\" aria-setsize=\"-1\" data-aria-posinset=\"2\" data-aria-level=\"1\"><span data-contrast=\"auto\">Portamatr\u00edculas: se considera un defecto grave el reemplazo de la pieza original o su colocaci\u00f3n en una inclinaci\u00f3n que no sea la reglamentaria.\u00a0<\/span><span data-ccp-props=\"{&quot;201341983&quot;:0,&quot;335559739&quot;:0,&quot;335559740&quot;:240}\">\u00a0<\/span><\/li>\n<\/ul>\n<p><span data-contrast=\"auto\">La ITV acredita el buen estado de la moto, pero para poder circular conforme a la normativa necesitas tambi\u00e9n un seguro obligatorio. Las <\/span><a href=\"https:\/\/www.pelayo.com\/seguros-moto\/basico\"><span data-contrast=\"none\">p\u00f3lizas de seguro b\u00e1sicas<\/span><\/a><span data-contrast=\"auto\"> son las m\u00e1s econ\u00f3micas y cubren los da\u00f1os que puedas causar a terceros con tu veh\u00edculo.\u00a0<\/span><span data-ccp-props=\"{&quot;201341983&quot;:0,&quot;335559739&quot;:0,&quot;335559740&quot;:240}\">\u00a0<\/span><\/p>\n<p><img loading=\"lazy\" class=\"aligncenter wp-image-86069 size-full\" src=\"\/teloaseguro\/wp-content\/uploads\/2023\/05\/shutterstock_20616735231-scaled.jpg\" alt=\"ITV de moto\" width=\"2560\" height=\"1256\" srcset=\"\/teloaseguro\/wp-content\/uploads\/2023\/05\/shutterstock_20616735231-scaled.jpg 2560w, \/teloaseguro\/wp-content\/uploads\/2023\/05\/shutterstock_20616735231-300x147.jpg 300w, \/teloaseguro\/wp-content\/uploads\/2023\/05\/shutterstock_20616735231-1024x502.jpg 1024w, \/teloaseguro\/wp-content\/uploads\/2023\/05\/shutterstock_20616735231-768x377.jpg 768w, \/teloaseguro\/wp-content\/uploads\/2023\/05\/shutterstock_20616735231-1536x754.jpg 1536w, \/teloaseguro\/wp-content\/uploads\/2023\/05\/shutterstock_20616735231-2048x1005.jpg 2048w\" sizes=\"(max-width: 2560px) 100vw, 2560px\" \/><\/p>\n","protected":false},"excerpt":{"rendered":"<p>Todos los veh\u00edculos est\u00e1n obligados a pasar la ITV cada cierto tiempo. Es un tr\u00e1mite obligatorio que sirve para garantizar<\/p>\n","protected":false},"author":7,"featured_media":86068,"comment_status":"closed","ping_status":"open","sticky":false,"template":"","format":"standard","meta":[],"categories":[5],"tags":[45,42,90],"yoast_head":"<!-- This site is optimized with the Yoast SEO plugin v17.5 - https:\/\/yoast.com\/wordpress\/plugins\/seo\/ -->\n<title>C\u00f3mo y cu\u00e1ndo pasar la ITV de tu moto | Pelayo<\/title>\n<meta name=\"description\" content=\"Aunque es un tr\u00e1mite muy sencillo, las estad\u00edsticas indican que una de cada cinco motos no pasa la ITV a la primera. Descubre los motivos para evitarlos.\" \/>\n<meta name=\"robots\" content=\"index, follow, max-snippet:-1, max-image-preview:large, max-video-preview:-1\" \/>\n<link rel=\"canonical\" href=\"https:\/\/www.pelayo.com\/teloaseguro\/coche-y-moto\/como-y-cuando-pasar-la-itv-de-tu-moto\/\" \/>\n<meta property=\"og:locale\" content=\"es_ES\" \/>\n<meta property=\"og:type\" content=\"article\" \/>\n<meta property=\"og:title\" content=\"C\u00f3mo y cu\u00e1ndo pasar la ITV de tu moto | Pelayo\" \/>\n<meta property=\"og:description\" content=\"Aunque es un tr\u00e1mite muy sencillo, las estad\u00edsticas indican que una de cada cinco motos no pasa la ITV a la primera. Descubre los motivos para evitarlos.\" \/>\n<meta property=\"og:url\" content=\"https:\/\/www.pelayo.com\/teloaseguro\/coche-y-moto\/como-y-cuando-pasar-la-itv-de-tu-moto\/\" \/>\n<meta property=\"og:site_name\" content=\"Pelayo\" \/>\n<meta property=\"article:published_time\" content=\"2023-05-17T10:30:50+00:00\" \/>\n<meta property=\"article:modified_time\" content=\"2023-05-11T07:44:09+00:00\" \/>\n<meta property=\"og:image\" content=\"https:\/\/www.pelayo.com\/teloaseguro\/wp-content\/uploads\/2023\/05\/shutterstock_2061673523-scaled.jpg\" \/>\n\t<meta property=\"og:image:width\" content=\"2560\" \/>\n\t<meta property=\"og:image:height\" content=\"1707\" \/>\n<meta name=\"twitter:card\" content=\"summary_large_image\" \/>\n<meta name=\"twitter:label1\" content=\"Escrito por\" \/>\n\t<meta name=\"twitter:data1\" content=\"Seguros Pelayo\" \/>\n\t<meta name=\"twitter:label2\" content=\"Tiempo de lectura\" \/>\n\t<meta name=\"twitter:data2\" content=\"2 minutos\" \/>\n<script type=\"application\/ld+json\" class=\"yoast-schema-graph\">{\"@context\":\"https:\/\/schema.org\",\"@graph\":[{\"@type\":\"WebSite\",\"@id\":\"https:\/\/www.pelayo.com\/teloaseguro\/#website\",\"url\":\"https:\/\/www.pelayo.com\/teloaseguro\/\",\"name\":\"Pelayo\",\"description\":\"\",\"potentialAction\":[{\"@type\":\"SearchAction\",\"target\":{\"@type\":\"EntryPoint\",\"urlTemplate\":\"https:\/\/www.pelayo.com\/teloaseguro\/?s={search_term_string}\"},\"query-input\":\"required name=search_term_string\"}],\"inLanguage\":\"es\"},{\"@type\":\"ImageObject\",\"@id\":\"https:\/\/www.pelayo.com\/teloaseguro\/coche-y-moto\/como-y-cuando-pasar-la-itv-de-tu-moto\/#primaryimage\",\"inLanguage\":\"es\",\"url\":\"\/teloaseguro\/wp-content\/uploads\/2023\/05\/shutterstock_2061673523-scaled.jpg\",\"contentUrl\":\"\/teloaseguro\/wp-content\/uploads\/2023\/05\/shutterstock_2061673523-scaled.jpg\",\"width\":2560,\"height\":1707,\"caption\":\"ITV de moto\"},{\"@type\":\"WebPage\",\"@id\":\"https:\/\/www.pelayo.com\/teloaseguro\/coche-y-moto\/como-y-cuando-pasar-la-itv-de-tu-moto\/#webpage\",\"url\":\"https:\/\/www.pelayo.com\/teloaseguro\/coche-y-moto\/como-y-cuando-pasar-la-itv-de-tu-moto\/\",\"name\":\"C\\u00f3mo y cu\\u00e1ndo pasar la ITV de tu moto | Pelayo\",\"isPartOf\":{\"@id\":\"https:\/\/www.pelayo.com\/teloaseguro\/#website\"},\"primaryImageOfPage\":{\"@id\":\"https:\/\/www.pelayo.com\/teloaseguro\/coche-y-moto\/como-y-cuando-pasar-la-itv-de-tu-moto\/#primaryimage\"},\"datePublished\":\"2023-05-17T10:30:50+00:00\",\"dateModified\":\"2023-05-11T07:44:09+00:00\",\"author\":{\"@id\":\"https:\/\/www.pelayo.com\/teloaseguro\/#\/schema\/person\/378d14d33c168734fd01fdad1cb58607\"},\"description\":\"Aunque es un tr\\u00e1mite muy sencillo, las estad\\u00edsticas indican que una de cada cinco motos no pasa la ITV a la primera. Descubre los motivos para evitarlos.\",\"breadcrumb\":{\"@id\":\"https:\/\/www.pelayo.com\/teloaseguro\/coche-y-moto\/como-y-cuando-pasar-la-itv-de-tu-moto\/#breadcrumb\"},\"inLanguage\":\"es\",\"potentialAction\":[{\"@type\":\"ReadAction\",\"target\":[\"https:\/\/www.pelayo.com\/teloaseguro\/coche-y-moto\/como-y-cuando-pasar-la-itv-de-tu-moto\/\"]}]},{\"@type\":\"BreadcrumbList\",\"@id\":\"https:\/\/www.pelayo.com\/teloaseguro\/coche-y-moto\/como-y-cuando-pasar-la-itv-de-tu-moto\/#breadcrumb\",\"itemListElement\":[{\"@type\":\"ListItem\",\"position\":1,\"name\":\"Portada\",\"item\":\"https:\/\/www.pelayo.com\/teloaseguro\/\"},{\"@type\":\"ListItem\",\"position\":2,\"name\":\"C\\u00f3mo y cu\\u00e1ndo pasar la ITV de tu moto\"}]},{\"@type\":\"Person\",\"@id\":\"https:\/\/www.pelayo.com\/teloaseguro\/#\/schema\/person\/378d14d33c168734fd01fdad1cb58607\",\"name\":\"Seguros Pelayo\",\"image\":{\"@type\":\"ImageObject\",\"@id\":\"https:\/\/www.pelayo.com\/teloaseguro\/#personlogo\",\"inLanguage\":\"es\",\"url\":\"https:\/\/secure.gravatar.com\/avatar\/b9ab97b59c5b011e9e6b31499851eeef?s=96&d=mm&r=g\",\"contentUrl\":\"https:\/\/secure.gravatar.com\/avatar\/b9ab97b59c5b011e9e6b31499851eeef?s=96&d=mm&r=g\",\"caption\":\"Seguros Pelayo\"},\"url\":\"https:\/\/www.pelayo.com\/teloaseguro\/author\/dentsu\/\"}]}<\/script>\n<!-- \/ Yoast SEO plugin. -->","yoast_head_json":{"title":"C\u00f3mo y cu\u00e1ndo pasar la ITV de tu moto | Pelayo","description":"Aunque es un tr\u00e1mite muy sencillo, las estad\u00edsticas indican que una de cada cinco motos no pasa la ITV a la primera. Descubre los motivos para evitarlos.","robots":{"index":"index","follow":"follow","max-snippet":"max-snippet:-1","max-image-preview":"max-image-preview:large","max-video-preview":"max-video-preview:-1"},"canonical":"https:\/\/www.pelayo.com\/teloaseguro\/coche-y-moto\/como-y-cuando-pasar-la-itv-de-tu-moto\/","og_locale":"es_ES","og_type":"article","og_title":"C\u00f3mo y cu\u00e1ndo pasar la ITV de tu moto | Pelayo","og_description":"Aunque es un tr\u00e1mite muy sencillo, las estad\u00edsticas indican que una de cada cinco motos no pasa la ITV a la primera. Descubre los motivos para evitarlos.","og_url":"https:\/\/www.pelayo.com\/teloaseguro\/coche-y-moto\/como-y-cuando-pasar-la-itv-de-tu-moto\/","og_site_name":"Pelayo","article_published_time":"2023-05-17T10:30:50+00:00","article_modified_time":"2023-05-11T07:44:09+00:00","og_image":[{"width":2560,"height":1707,"url":"https:\/\/www.pelayo.com\/teloaseguro\/wp-content\/uploads\/2023\/05\/shutterstock_2061673523-scaled.jpg","type":"image\/jpeg"}],"twitter_card":"summary_large_image","twitter_misc":{"Escrito por":"Seguros Pelayo","Tiempo de lectura":"2 minutos"},"schema":{"@context":"https:\/\/schema.org","@graph":[{"@type":"WebSite","@id":"https:\/\/www.pelayo.com\/teloaseguro\/#website","url":"https:\/\/www.pelayo.com\/teloaseguro\/","name":"Pelayo","description":"","potentialAction":[{"@type":"SearchAction","target":{"@type":"EntryPoint","urlTemplate":"https:\/\/www.pelayo.com\/teloaseguro\/?s={search_term_string}"},"query-input":"required name=search_term_string"}],"inLanguage":"es"},{"@type":"ImageObject","@id":"https:\/\/www.pelayo.com\/teloaseguro\/coche-y-moto\/como-y-cuando-pasar-la-itv-de-tu-moto\/#primaryimage","inLanguage":"es","url":"\/teloaseguro\/wp-content\/uploads\/2023\/05\/shutterstock_2061673523-scaled.jpg","contentUrl":"\/teloaseguro\/wp-content\/uploads\/2023\/05\/shutterstock_2061673523-scaled.jpg","width":2560,"height":1707,"caption":"ITV de moto"},{"@type":"WebPage","@id":"https:\/\/www.pelayo.com\/teloaseguro\/coche-y-moto\/como-y-cuando-pasar-la-itv-de-tu-moto\/#webpage","url":"https:\/\/www.pelayo.com\/teloaseguro\/coche-y-moto\/como-y-cuando-pasar-la-itv-de-tu-moto\/","name":"C\u00f3mo y cu\u00e1ndo pasar la ITV de tu moto | Pelayo","isPartOf":{"@id":"https:\/\/www.pelayo.com\/teloaseguro\/#website"},"primaryImageOfPage":{"@id":"https:\/\/www.pelayo.com\/teloaseguro\/coche-y-moto\/como-y-cuando-pasar-la-itv-de-tu-moto\/#primaryimage"},"datePublished":"2023-05-17T10:30:50+00:00","dateModified":"2023-05-11T07:44:09+00:00","author":{"@id":"https:\/\/www.pelayo.com\/teloaseguro\/#\/schema\/person\/378d14d33c168734fd01fdad1cb58607"},"description":"Aunque es un tr\u00e1mite muy sencillo, las estad\u00edsticas indican que una de cada cinco motos no pasa la ITV a la primera. Descubre los motivos para evitarlos.","breadcrumb":{"@id":"https:\/\/www.pelayo.com\/teloaseguro\/coche-y-moto\/como-y-cuando-pasar-la-itv-de-tu-moto\/#breadcrumb"},"inLanguage":"es","potentialAction":[{"@type":"ReadAction","target":["https:\/\/www.pelayo.com\/teloaseguro\/coche-y-moto\/como-y-cuando-pasar-la-itv-de-tu-moto\/"]}]},{"@type":"BreadcrumbList","@id":"https:\/\/www.pelayo.com\/teloaseguro\/coche-y-moto\/como-y-cuando-pasar-la-itv-de-tu-moto\/#breadcrumb","itemListElement":[{"@type":"ListItem","position":1,"name":"Portada","item":"https:\/\/www.pelayo.com\/teloaseguro\/"},{"@type":"ListItem","position":2,"name":"C\u00f3mo y cu\u00e1ndo pasar la ITV de tu moto"}]},{"@type":"Person","@id":"https:\/\/www.pelayo.com\/teloaseguro\/#\/schema\/person\/378d14d33c168734fd01fdad1cb58607","name":"Seguros Pelayo","image":{"@type":"ImageObject","@id":"https:\/\/www.pelayo.com\/teloaseguro\/#personlogo","inLanguage":"es","url":"https:\/\/secure.gravatar.com\/avatar\/b9ab97b59c5b011e9e6b31499851eeef?s=96&d=mm&r=g","contentUrl":"https:\/\/secure.gravatar.com\/avatar\/b9ab97b59c5b011e9e6b31499851eeef?s=96&d=mm&r=g","caption":"Seguros Pelayo"},"url":"https:\/\/www.pelayo.com\/teloaseguro\/author\/dentsu\/"}]}},"_links":{"self":[{"href":"https:\/\/www.pelayo.com\/teloaseguro\/wp-json\/wp\/v2\/posts\/86067"}],"collection":[{"href":"https:\/\/www.pelayo.com\/teloaseguro\/wp-json\/wp\/v2\/posts"}],"about":[{"href":"https:\/\/www.pelayo.com\/teloaseguro\/wp-json\/wp\/v2\/types\/post"}],"author":[{"embeddable":true,"href":"https:\/\/www.pelayo.com\/teloaseguro\/wp-json\/wp\/v2\/users\/7"}],"replies":[{"embeddable":true,"href":"https:\/\/www.pelayo.com\/teloaseguro\/wp-json\/wp\/v2\/comments?post=86067"}],"version-history":[{"count":1,"href":"https:\/\/www.pelayo.com\/teloaseguro\/wp-json\/wp\/v2\/posts\/86067\/revisions"}],"predecessor-version":[{"id":86070,"href":"https:\/\/www.pelayo.com\/teloaseguro\/wp-json\/wp\/v2\/posts\/86067\/revisions\/86070"}],"wp:featuredmedia":[{"embeddable":true,"href":"https:\/\/www.pelayo.com\/teloaseguro\/wp-json\/wp\/v2\/media\/86068"}],"wp:attachment":[{"href":"https:\/\/www.pelayo.com\/teloaseguro\/wp-json\/wp\/v2\/media?parent=86067"}],"wp:term":[{"taxonomy":"category","embeddable":true,"href":"https:\/\/www.pelayo.com\/teloaseguro\/wp-json\/wp\/v2\/categories?post=86067"},{"taxonomy":"post_tag","embeddable":true,"href":"https:\/\/www.pelayo.com\/teloaseguro\/wp-json\/wp\/v2\/tags?post=86067"}],"curies":[{"name":"wp","href":"https:\/\/api.w.org\/{rel}","templated":true}]}}