{"id":86059,"date":"2023-05-05T09:25:57","date_gmt":"2023-05-05T09:25:57","guid":{"rendered":"https:\/\/www.pelayo.com\/teloaseguro\/?p=86059"},"modified":"2023-05-05T09:25:57","modified_gmt":"2023-05-05T09:25:57","slug":"dia-de-la-madre-el-origen-de-este-dia-especial","status":"publish","type":"post","link":"https:\/\/www.pelayo.com\/teloaseguro\/mujer\/dia-de-la-madre-el-origen-de-este-dia-especial\/","title":{"rendered":"D\u00eda de la madre: el origen de este d\u00eda especial"},"content":{"rendered":"<p><b><span data-contrast=\"auto\">Las madres de Espa\u00f1a celebran su d\u00eda especial cada primer domingo de mayo. Es un momento estupendo para rendirles homenaje por su gran esfuerzo y dedicaci\u00f3n, y tambi\u00e9n para pensar en su salud y bienestar.\u00a0<\/span><\/b><span data-ccp-props=\"{&quot;201341983&quot;:0,&quot;335559739&quot;:0,&quot;335559740&quot;:240}\">\u00a0<\/span><\/p>\n<p><span data-contrast=\"auto\">La celebraci\u00f3n del D\u00eda de la Madre se remonta a 1914, a\u00f1o en el que se declar\u00f3 fiesta nacional en Estados Unidos. Muchos otros pa\u00edses fueron adoptando esta misma tradici\u00f3n, aunque lo habitual es que cada uno haya escogido su propio momento del calendario para fijar esta fecha se\u00f1alada.\u00a0<\/span><span data-ccp-props=\"{&quot;201341983&quot;:0,&quot;335559739&quot;:0,&quot;335559740&quot;:240}\">\u00a0<\/span><\/p>\n<h2 aria-level=\"2\"><span data-contrast=\"none\">\u00bfPor qu\u00e9 se celebra con flores en D\u00eda de la Madre?<\/span><span data-ccp-props=\"{&quot;134233117&quot;:false,&quot;134233118&quot;:false,&quot;201341983&quot;:0,&quot;335551550&quot;:6,&quot;335551620&quot;:6,&quot;335559738&quot;:0,&quot;335559739&quot;:0,&quot;335559740&quot;:240}\">\u00a0<\/span><\/h2>\n<p><span data-contrast=\"auto\">Las primeras celebraciones del D\u00eda de la Madre en Espa\u00f1a comienzan de forma extraoficial en Madrid y algunas ciudades de alrededor en 1926. Desde el comienzo se adopt\u00f3 la costumbre norteamericana de las flores, aunque con algunos matices.\u00a0<\/span><span data-ccp-props=\"{&quot;201341983&quot;:0,&quot;335559739&quot;:0,&quot;335559740&quot;:240}\">\u00a0<\/span><\/p>\n<p><span data-contrast=\"auto\">Mientras que en Estados Unidos eran los adultos los que luc\u00edan un clavel rojo si sus madres viv\u00edan y uno blanco si hab\u00edan fallecido, en Espa\u00f1a se implant\u00f3 la tradici\u00f3n de que los ni\u00f1os regalaran ramos de flores a sus madres.\u00a0<\/span><span data-ccp-props=\"{&quot;201341983&quot;:0,&quot;335559739&quot;:0,&quot;335559740&quot;:240}\">\u00a0<\/span><\/p>\n<p><span data-contrast=\"auto\">Con posterioridad la celebraci\u00f3n se traslad\u00f3 al mes de junio, coincidiendo con la Feria del Libro de la capital, y tras la Guerra Civil, al 8 de diciembre, D\u00eda de la Inmaculada Concepci\u00f3n. Finalmente, y con el objetivo de aunar las diferentes celebraciones que se realizaban a lo largo del a\u00f1o en cada regi\u00f3n del pa\u00eds, en 1965 se fij\u00f3 esta fecha el primer domingo de mayo.\u00a0<\/span><span data-ccp-props=\"{&quot;201341983&quot;:0,&quot;335559739&quot;:0,&quot;335559740&quot;:240}\">\u00a0<\/span><\/p>\n<h2 aria-level=\"2\"><span data-contrast=\"none\">Todo un reconocimiento a las madres<\/span><span data-ccp-props=\"{&quot;134233117&quot;:false,&quot;134233118&quot;:false,&quot;201341983&quot;:0,&quot;335551550&quot;:6,&quot;335551620&quot;:6,&quot;335559738&quot;:0,&quot;335559739&quot;:0,&quot;335559740&quot;:240}\">\u00a0<\/span><\/h2>\n<p><span data-contrast=\"auto\">Con independencia de la fecha escogida para la celebraci\u00f3n, el D\u00eda de la Madre siempre ha sido, en cualquier parte del mundo, un homenaje al papel de la mujer en la educaci\u00f3n y la crianza de los hijos. Pese a que en las \u00faltimas d\u00e9cadas ha adquirido un car\u00e1cter m\u00e1s comercial, sigue siendo una d\u00eda clave para reflexionar sobre la figura de las madres en la sociedad.\u00a0<\/span><span data-ccp-props=\"{&quot;201341983&quot;:0,&quot;335559739&quot;:0,&quot;335559740&quot;:240}\">\u00a0<\/span><\/p>\n<p><span data-contrast=\"auto\">Precisamente por este motivo, el D\u00eda de la Madre es tambi\u00e9n un buen momento para pensar en su bienestar y en el de quienes la rodean. En este sentido, los <\/span><a href=\"https:\/\/www.pelayo.com\/seguros-vida\/mujer\"><span data-contrast=\"none\">seguros de vida para mujeres<\/span><\/a><span data-contrast=\"auto\"> son una gran ayuda para mitigar el perjuicio emocional y econ\u00f3mico que puede suponer la enfermedad o el fallecimiento de una madre.\u00a0<\/span><span data-ccp-props=\"{&quot;201341983&quot;:0,&quot;335559739&quot;:0,&quot;335559740&quot;:240}\">\u00a0<\/span><\/p>\n<p><img loading=\"lazy\" class=\"aligncenter wp-image-86061 size-full\" src=\"\/teloaseguro\/wp-content\/uploads\/2023\/05\/shutterstock_16605459431-scaled.jpg\" alt=\"D\u00eda de la madre\" width=\"2560\" height=\"1255\" srcset=\"\/teloaseguro\/wp-content\/uploads\/2023\/05\/shutterstock_16605459431-scaled.jpg 2560w, \/teloaseguro\/wp-content\/uploads\/2023\/05\/shutterstock_16605459431-300x147.jpg 300w, \/teloaseguro\/wp-content\/uploads\/2023\/05\/shutterstock_16605459431-1024x502.jpg 1024w, \/teloaseguro\/wp-content\/uploads\/2023\/05\/shutterstock_16605459431-768x376.jpg 768w, \/teloaseguro\/wp-content\/uploads\/2023\/05\/shutterstock_16605459431-1536x753.jpg 1536w, \/teloaseguro\/wp-content\/uploads\/2023\/05\/shutterstock_16605459431-2048x1004.jpg 2048w\" sizes=\"(max-width: 2560px) 100vw, 2560px\" \/><\/p>\n","protected":false},"excerpt":{"rendered":"<p>Las madres de Espa\u00f1a celebran su d\u00eda especial cada primer domingo de mayo. Es un momento estupendo para rendirles homenaje<\/p>\n","protected":false},"author":7,"featured_media":86060,"comment_status":"closed","ping_status":"open","sticky":false,"template":"","format":"standard","meta":[],"categories":[6,2],"tags":[10,119],"yoast_head":"<!-- This site is optimized with the Yoast SEO plugin v17.5 - https:\/\/yoast.com\/wordpress\/plugins\/seo\/ -->\n<title>D\u00eda de la madre: el origen de este d\u00eda especial | Pelayo<\/title>\n<meta name=\"description\" content=\"El d\u00eda de la madre es un momento estupendo para rendirles homenaje por su gran esfuerzo y dedicaci\u00f3n, y tambi\u00e9n para pensar en su salud y bienestar.\u00a0\u00a0\" \/>\n<meta name=\"robots\" content=\"index, follow, max-snippet:-1, max-image-preview:large, max-video-preview:-1\" \/>\n<link rel=\"canonical\" href=\"https:\/\/www.pelayo.com\/teloaseguro\/mujer\/dia-de-la-madre-el-origen-de-este-dia-especial\/\" \/>\n<meta property=\"og:locale\" content=\"es_ES\" \/>\n<meta property=\"og:type\" content=\"article\" \/>\n<meta property=\"og:title\" content=\"D\u00eda de la madre: el origen de este d\u00eda especial | Pelayo\" \/>\n<meta property=\"og:description\" content=\"El d\u00eda de la madre es un momento estupendo para rendirles homenaje por su gran esfuerzo y dedicaci\u00f3n, y tambi\u00e9n para pensar en su salud y bienestar.\u00a0\u00a0\" \/>\n<meta property=\"og:url\" content=\"https:\/\/www.pelayo.com\/teloaseguro\/mujer\/dia-de-la-madre-el-origen-de-este-dia-especial\/\" \/>\n<meta property=\"og:site_name\" content=\"Pelayo\" \/>\n<meta property=\"article:published_time\" content=\"2023-05-05T09:25:57+00:00\" \/>\n<meta property=\"og:image\" content=\"https:\/\/www.pelayo.com\/teloaseguro\/wp-content\/uploads\/2023\/05\/shutterstock_1660545943-scaled.jpg\" \/>\n\t<meta property=\"og:image:width\" content=\"2560\" \/>\n\t<meta property=\"og:image:height\" content=\"1440\" \/>\n<meta name=\"twitter:card\" content=\"summary_large_image\" \/>\n<meta name=\"twitter:label1\" content=\"Escrito por\" \/>\n\t<meta name=\"twitter:data1\" content=\"Seguros Pelayo\" \/>\n\t<meta name=\"twitter:label2\" content=\"Tiempo de lectura\" \/>\n\t<meta name=\"twitter:data2\" content=\"2 minutos\" \/>\n<script type=\"application\/ld+json\" class=\"yoast-schema-graph\">{\"@context\":\"https:\/\/schema.org\",\"@graph\":[{\"@type\":\"WebSite\",\"@id\":\"https:\/\/www.pelayo.com\/teloaseguro\/#website\",\"url\":\"https:\/\/www.pelayo.com\/teloaseguro\/\",\"name\":\"Pelayo\",\"description\":\"\",\"potentialAction\":[{\"@type\":\"SearchAction\",\"target\":{\"@type\":\"EntryPoint\",\"urlTemplate\":\"https:\/\/www.pelayo.com\/teloaseguro\/?s={search_term_string}\"},\"query-input\":\"required name=search_term_string\"}],\"inLanguage\":\"es\"},{\"@type\":\"ImageObject\",\"@id\":\"https:\/\/www.pelayo.com\/teloaseguro\/mujer\/dia-de-la-madre-el-origen-de-este-dia-especial\/#primaryimage\",\"inLanguage\":\"es\",\"url\":\"\/teloaseguro\/wp-content\/uploads\/2023\/05\/shutterstock_1660545943-scaled.jpg\",\"contentUrl\":\"\/teloaseguro\/wp-content\/uploads\/2023\/05\/shutterstock_1660545943-scaled.jpg\",\"width\":2560,\"height\":1440,\"caption\":\"D\\u00eda de la madre\"},{\"@type\":\"WebPage\",\"@id\":\"https:\/\/www.pelayo.com\/teloaseguro\/mujer\/dia-de-la-madre-el-origen-de-este-dia-especial\/#webpage\",\"url\":\"https:\/\/www.pelayo.com\/teloaseguro\/mujer\/dia-de-la-madre-el-origen-de-este-dia-especial\/\",\"name\":\"D\\u00eda de la madre: el origen de este d\\u00eda especial | Pelayo\",\"isPartOf\":{\"@id\":\"https:\/\/www.pelayo.com\/teloaseguro\/#website\"},\"primaryImageOfPage\":{\"@id\":\"https:\/\/www.pelayo.com\/teloaseguro\/mujer\/dia-de-la-madre-el-origen-de-este-dia-especial\/#primaryimage\"},\"datePublished\":\"2023-05-05T09:25:57+00:00\",\"dateModified\":\"2023-05-05T09:25:57+00:00\",\"author\":{\"@id\":\"https:\/\/www.pelayo.com\/teloaseguro\/#\/schema\/person\/378d14d33c168734fd01fdad1cb58607\"},\"description\":\"El d\\u00eda de la madre es un momento estupendo para rendirles homenaje por su gran esfuerzo y dedicaci\\u00f3n, y tambi\\u00e9n para pensar en su salud y bienestar.\\u00a0\\u00a0\",\"breadcrumb\":{\"@id\":\"https:\/\/www.pelayo.com\/teloaseguro\/mujer\/dia-de-la-madre-el-origen-de-este-dia-especial\/#breadcrumb\"},\"inLanguage\":\"es\",\"potentialAction\":[{\"@type\":\"ReadAction\",\"target\":[\"https:\/\/www.pelayo.com\/teloaseguro\/mujer\/dia-de-la-madre-el-origen-de-este-dia-especial\/\"]}]},{\"@type\":\"BreadcrumbList\",\"@id\":\"https:\/\/www.pelayo.com\/teloaseguro\/mujer\/dia-de-la-madre-el-origen-de-este-dia-especial\/#breadcrumb\",\"itemListElement\":[{\"@type\":\"ListItem\",\"position\":1,\"name\":\"Portada\",\"item\":\"https:\/\/www.pelayo.com\/teloaseguro\/\"},{\"@type\":\"ListItem\",\"position\":2,\"name\":\"D\\u00eda de la madre: el origen de este d\\u00eda especial\"}]},{\"@type\":\"Person\",\"@id\":\"https:\/\/www.pelayo.com\/teloaseguro\/#\/schema\/person\/378d14d33c168734fd01fdad1cb58607\",\"name\":\"Seguros Pelayo\",\"image\":{\"@type\":\"ImageObject\",\"@id\":\"https:\/\/www.pelayo.com\/teloaseguro\/#personlogo\",\"inLanguage\":\"es\",\"url\":\"https:\/\/secure.gravatar.com\/avatar\/b9ab97b59c5b011e9e6b31499851eeef?s=96&d=mm&r=g\",\"contentUrl\":\"https:\/\/secure.gravatar.com\/avatar\/b9ab97b59c5b011e9e6b31499851eeef?s=96&d=mm&r=g\",\"caption\":\"Seguros Pelayo\"},\"url\":\"https:\/\/www.pelayo.com\/teloaseguro\/author\/dentsu\/\"}]}<\/script>\n<!-- \/ Yoast SEO plugin. -->","yoast_head_json":{"title":"D\u00eda de la madre: el origen de este d\u00eda especial | Pelayo","description":"El d\u00eda de la madre es un momento estupendo para rendirles homenaje por su gran esfuerzo y dedicaci\u00f3n, y tambi\u00e9n para pensar en su salud y bienestar.\u00a0\u00a0","robots":{"index":"index","follow":"follow","max-snippet":"max-snippet:-1","max-image-preview":"max-image-preview:large","max-video-preview":"max-video-preview:-1"},"canonical":"https:\/\/www.pelayo.com\/teloaseguro\/mujer\/dia-de-la-madre-el-origen-de-este-dia-especial\/","og_locale":"es_ES","og_type":"article","og_title":"D\u00eda de la madre: el origen de este d\u00eda especial | Pelayo","og_description":"El d\u00eda de la madre es un momento estupendo para rendirles homenaje por su gran esfuerzo y dedicaci\u00f3n, y tambi\u00e9n para pensar en su salud y bienestar.\u00a0\u00a0","og_url":"https:\/\/www.pelayo.com\/teloaseguro\/mujer\/dia-de-la-madre-el-origen-de-este-dia-especial\/","og_site_name":"Pelayo","article_published_time":"2023-05-05T09:25:57+00:00","og_image":[{"width":2560,"height":1440,"url":"https:\/\/www.pelayo.com\/teloaseguro\/wp-content\/uploads\/2023\/05\/shutterstock_1660545943-scaled.jpg","type":"image\/jpeg"}],"twitter_card":"summary_large_image","twitter_misc":{"Escrito por":"Seguros Pelayo","Tiempo de lectura":"2 minutos"},"schema":{"@context":"https:\/\/schema.org","@graph":[{"@type":"WebSite","@id":"https:\/\/www.pelayo.com\/teloaseguro\/#website","url":"https:\/\/www.pelayo.com\/teloaseguro\/","name":"Pelayo","description":"","potentialAction":[{"@type":"SearchAction","target":{"@type":"EntryPoint","urlTemplate":"https:\/\/www.pelayo.com\/teloaseguro\/?s={search_term_string}"},"query-input":"required name=search_term_string"}],"inLanguage":"es"},{"@type":"ImageObject","@id":"https:\/\/www.pelayo.com\/teloaseguro\/mujer\/dia-de-la-madre-el-origen-de-este-dia-especial\/#primaryimage","inLanguage":"es","url":"\/teloaseguro\/wp-content\/uploads\/2023\/05\/shutterstock_1660545943-scaled.jpg","contentUrl":"\/teloaseguro\/wp-content\/uploads\/2023\/05\/shutterstock_1660545943-scaled.jpg","width":2560,"height":1440,"caption":"D\u00eda de la madre"},{"@type":"WebPage","@id":"https:\/\/www.pelayo.com\/teloaseguro\/mujer\/dia-de-la-madre-el-origen-de-este-dia-especial\/#webpage","url":"https:\/\/www.pelayo.com\/teloaseguro\/mujer\/dia-de-la-madre-el-origen-de-este-dia-especial\/","name":"D\u00eda de la madre: el origen de este d\u00eda especial | Pelayo","isPartOf":{"@id":"https:\/\/www.pelayo.com\/teloaseguro\/#website"},"primaryImageOfPage":{"@id":"https:\/\/www.pelayo.com\/teloaseguro\/mujer\/dia-de-la-madre-el-origen-de-este-dia-especial\/#primaryimage"},"datePublished":"2023-05-05T09:25:57+00:00","dateModified":"2023-05-05T09:25:57+00:00","author":{"@id":"https:\/\/www.pelayo.com\/teloaseguro\/#\/schema\/person\/378d14d33c168734fd01fdad1cb58607"},"description":"El d\u00eda de la madre es un momento estupendo para rendirles homenaje por su gran esfuerzo y dedicaci\u00f3n, y tambi\u00e9n para pensar en su salud y bienestar.\u00a0\u00a0","breadcrumb":{"@id":"https:\/\/www.pelayo.com\/teloaseguro\/mujer\/dia-de-la-madre-el-origen-de-este-dia-especial\/#breadcrumb"},"inLanguage":"es","potentialAction":[{"@type":"ReadAction","target":["https:\/\/www.pelayo.com\/teloaseguro\/mujer\/dia-de-la-madre-el-origen-de-este-dia-especial\/"]}]},{"@type":"BreadcrumbList","@id":"https:\/\/www.pelayo.com\/teloaseguro\/mujer\/dia-de-la-madre-el-origen-de-este-dia-especial\/#breadcrumb","itemListElement":[{"@type":"ListItem","position":1,"name":"Portada","item":"https:\/\/www.pelayo.com\/teloaseguro\/"},{"@type":"ListItem","position":2,"name":"D\u00eda de la madre: el origen de este d\u00eda especial"}]},{"@type":"Person","@id":"https:\/\/www.pelayo.com\/teloaseguro\/#\/schema\/person\/378d14d33c168734fd01fdad1cb58607","name":"Seguros Pelayo","image":{"@type":"ImageObject","@id":"https:\/\/www.pelayo.com\/teloaseguro\/#personlogo","inLanguage":"es","url":"https:\/\/secure.gravatar.com\/avatar\/b9ab97b59c5b011e9e6b31499851eeef?s=96&d=mm&r=g","contentUrl":"https:\/\/secure.gravatar.com\/avatar\/b9ab97b59c5b011e9e6b31499851eeef?s=96&d=mm&r=g","caption":"Seguros Pelayo"},"url":"https:\/\/www.pelayo.com\/teloaseguro\/author\/dentsu\/"}]}},"_links":{"self":[{"href":"https:\/\/www.pelayo.com\/teloaseguro\/wp-json\/wp\/v2\/posts\/86059"}],"collection":[{"href":"https:\/\/www.pelayo.com\/teloaseguro\/wp-json\/wp\/v2\/posts"}],"about":[{"href":"https:\/\/www.pelayo.com\/teloaseguro\/wp-json\/wp\/v2\/types\/post"}],"author":[{"embeddable":true,"href":"https:\/\/www.pelayo.com\/teloaseguro\/wp-json\/wp\/v2\/users\/7"}],"replies":[{"embeddable":true,"href":"https:\/\/www.pelayo.com\/teloaseguro\/wp-json\/wp\/v2\/comments?post=86059"}],"version-history":[{"count":1,"href":"https:\/\/www.pelayo.com\/teloaseguro\/wp-json\/wp\/v2\/posts\/86059\/revisions"}],"predecessor-version":[{"id":86062,"href":"https:\/\/www.pelayo.com\/teloaseguro\/wp-json\/wp\/v2\/posts\/86059\/revisions\/86062"}],"wp:featuredmedia":[{"embeddable":true,"href":"https:\/\/www.pelayo.com\/teloaseguro\/wp-json\/wp\/v2\/media\/86060"}],"wp:attachment":[{"href":"https:\/\/www.pelayo.com\/teloaseguro\/wp-json\/wp\/v2\/media?parent=86059"}],"wp:term":[{"taxonomy":"category","embeddable":true,"href":"https:\/\/www.pelayo.com\/teloaseguro\/wp-json\/wp\/v2\/categories?post=86059"},{"taxonomy":"post_tag","embeddable":true,"href":"https:\/\/www.pelayo.com\/teloaseguro\/wp-json\/wp\/v2\/tags?post=86059"}],"curies":[{"name":"wp","href":"https:\/\/api.w.org\/{rel}","templated":true}]}}