{"id":86014,"date":"2023-03-14T09:13:05","date_gmt":"2023-03-14T09:13:05","guid":{"rendered":"https:\/\/www.pelayo.com\/teloaseguro\/?p=86014"},"modified":"2024-04-30T10:00:27","modified_gmt":"2024-04-30T10:00:27","slug":"novedades-zonas-bajas-emisiones-2023","status":"publish","type":"post","link":"https:\/\/www.pelayo.com\/teloaseguro\/coche-y-moto\/novedades-zonas-bajas-emisiones-2023\/","title":{"rendered":"Todas las novedades sobre las Zonas de Bajas Emisiones para 2023"},"content":{"rendered":"<p><b><span data-contrast=\"auto\">A comienzos de este a\u00f1o entraba en vigor la normativa sobre Zonas de Bajas Emisiones (ZBE). Aunque la Ley del Cambio Clim\u00e1tico y Transici\u00f3n Energ\u00e9tica se aprob\u00f3 en 2021, su puesta en marcha sigue suscitando muchas dudas entre los conductores.\u00a0<\/span><\/b><span data-ccp-props=\"{&quot;201341983&quot;:0,&quot;335559739&quot;:0,&quot;335559740&quot;:240}\">\u00a0<\/span><\/p>\n<p><span data-contrast=\"auto\">Por el momento, lo \u00fanico claro es que deber\u00e1n adaptarse a las nuevas exigencias tanto los municipios espa\u00f1oles con m\u00e1s de 50.000 habitantes como los de m\u00e1s de 20.000 habitantes que superen los niveles m\u00e1ximos de contaminaci\u00f3n. Pero \u00bfc\u00f3mo afecta esto a los conductores?<\/span><span data-ccp-props=\"{&quot;201341983&quot;:0,&quot;335559739&quot;:0,&quot;335559740&quot;:240}\">\u00a0<\/span><\/p>\n<h2 aria-level=\"2\"><span data-contrast=\"none\">Ciudades que se suman a las restricciones de las Zonas de Bajas Emisiones<\/span><\/h2>\n<p><span data-contrast=\"auto\">Pese a que la norma entraba en vigor el pasado 1 de enero, solo 20 de las 149 ciudades espa\u00f1olas afectadas por las nuevas directrices ha confirmado la implantaci\u00f3n de la nueva normativa en la fecha prevista.\u00a0<\/span><span data-ccp-props=\"{&quot;201341983&quot;:0,&quot;335559739&quot;:0,&quot;335559740&quot;:240}\">\u00a0<\/span><\/p>\n<p><span data-contrast=\"auto\">En este listado se incluyen:\u00a0<\/span><span data-ccp-props=\"{&quot;201341983&quot;:0,&quot;335559739&quot;:0,&quot;335559740&quot;:240}\">\u00a0<\/span><\/p>\n<ol>\n<li><span data-contrast=\"auto\">Alcobendas<\/span><span data-ccp-props=\"{&quot;201341983&quot;:0,&quot;335559739&quot;:0,&quot;335559740&quot;:240}\">\u00a0<\/span><\/li>\n<li><span data-contrast=\"auto\">Algeciras<\/span><span data-ccp-props=\"{&quot;201341983&quot;:0,&quot;335559739&quot;:0,&quot;335559740&quot;:240}\">\u00a0<\/span><\/li>\n<li><span data-contrast=\"auto\">Barcelona<\/span><span data-ccp-props=\"{&quot;201341983&quot;:0,&quot;335559739&quot;:0,&quot;335559740&quot;:240}\">\u00a0<\/span><\/li>\n<li><span data-contrast=\"auto\">Burgos<\/span><span data-ccp-props=\"{&quot;201341983&quot;:0,&quot;335559739&quot;:0,&quot;335559740&quot;:240}\">\u00a0<\/span><\/li>\n<li><span data-contrast=\"auto\">Ciudad Aut\u00f3noma de Melilla<\/span><span data-ccp-props=\"{&quot;201341983&quot;:0,&quot;335559739&quot;:0,&quot;335559740&quot;:240}\">\u00a0<\/span><\/li>\n<li><span data-contrast=\"auto\">Ciudad Real<\/span><span data-ccp-props=\"{&quot;201341983&quot;:0,&quot;335559739&quot;:0,&quot;335559740&quot;:240}\">\u00a0<\/span><\/li>\n<li><span data-contrast=\"auto\">C\u00f3rdoba<\/span><span data-ccp-props=\"{&quot;201341983&quot;:0,&quot;335559739&quot;:0,&quot;335559740&quot;:240}\">\u00a0<\/span><\/li>\n<li><span data-contrast=\"auto\">Cornell\u00e0 de Llobregat<\/span><span data-ccp-props=\"{&quot;201341983&quot;:0,&quot;335559739&quot;:0,&quot;335559740&quot;:240}\">\u00a0<\/span><\/li>\n<li><span data-contrast=\"auto\">Coslada<\/span><span data-ccp-props=\"{&quot;201341983&quot;:0,&quot;335559739&quot;:0,&quot;335559740&quot;:240}\">\u00a0<\/span><\/li>\n<li><span data-contrast=\"auto\">Fuenlabrada<\/span><span data-ccp-props=\"{&quot;201341983&quot;:0,&quot;335559739&quot;:0,&quot;335559740&quot;:240,&quot;469777462&quot;:[851],&quot;469777927&quot;:[0],&quot;469777928&quot;:[1]}\">\u00a0<\/span><\/li>\n<li><span data-contrast=\"auto\">L\u2019Hospitalet de Llobregat<\/span><span data-ccp-props=\"{&quot;201341983&quot;:0,&quot;335559739&quot;:0,&quot;335559740&quot;:240,&quot;469777462&quot;:[851],&quot;469777927&quot;:[0],&quot;469777928&quot;:[1]}\">\u00a0<\/span><\/li>\n<li><span data-contrast=\"auto\">Madrid<\/span><span data-ccp-props=\"{&quot;201341983&quot;:0,&quot;335559739&quot;:0,&quot;335559740&quot;:240,&quot;469777462&quot;:[851],&quot;469777927&quot;:[0],&quot;469777928&quot;:[1]}\">\u00a0<\/span><\/li>\n<li><span data-contrast=\"auto\">Pamplona<\/span><span data-ccp-props=\"{&quot;201341983&quot;:0,&quot;335559739&quot;:0,&quot;335559740&quot;:240,&quot;469777462&quot;:[851],&quot;469777927&quot;:[0],&quot;469777928&quot;:[1]}\">\u00a0<\/span><\/li>\n<li><span data-contrast=\"auto\">Parla<\/span><span data-ccp-props=\"{&quot;201341983&quot;:0,&quot;335559739&quot;:0,&quot;335559740&quot;:240,&quot;469777462&quot;:[851],&quot;469777927&quot;:[0],&quot;469777928&quot;:[1]}\">\u00a0<\/span><\/li>\n<li><span data-contrast=\"auto\">Pontevedra<\/span><span data-ccp-props=\"{&quot;201341983&quot;:0,&quot;335559739&quot;:0,&quot;335559740&quot;:240,&quot;469777462&quot;:[851],&quot;469777927&quot;:[0],&quot;469777928&quot;:[1]}\">\u00a0<\/span><\/li>\n<li><span data-contrast=\"auto\">Rivas Vaciamadrid<\/span><span data-ccp-props=\"{&quot;201341983&quot;:0,&quot;335559739&quot;:0,&quot;335559740&quot;:240,&quot;469777462&quot;:[851],&quot;469777927&quot;:[0],&quot;469777928&quot;:[1]}\">\u00a0<\/span><\/li>\n<li><span data-contrast=\"auto\">San Crist\u00f3bal de La Laguna<\/span><span data-ccp-props=\"{&quot;201341983&quot;:0,&quot;335559739&quot;:0,&quot;335559740&quot;:240,&quot;469777462&quot;:[851],&quot;469777927&quot;:[0],&quot;469777928&quot;:[1]}\">\u00a0<\/span><\/li>\n<li><span data-contrast=\"auto\">Sant Cugat del Vall\u00e9s<\/span><span data-ccp-props=\"{&quot;201341983&quot;:0,&quot;335559739&quot;:0,&quot;335559740&quot;:240,&quot;469777462&quot;:[851],&quot;469777927&quot;:[0],&quot;469777928&quot;:[1]}\">\u00a0<\/span><\/li>\n<li><span data-contrast=\"auto\">Sevilla<\/span><span data-ccp-props=\"{&quot;201341983&quot;:0,&quot;335559739&quot;:0,&quot;335559740&quot;:240,&quot;469777462&quot;:[851],&quot;469777927&quot;:[0],&quot;469777928&quot;:[1]}\">\u00a0<\/span><\/li>\n<li><span data-contrast=\"auto\">Talavera de la Reina<\/span><span data-ccp-props=\"{&quot;201341983&quot;:0,&quot;335559739&quot;:0,&quot;335559740&quot;:240,&quot;469777462&quot;:[851],&quot;469777927&quot;:[0],&quot;469777928&quot;:[1]}\">\u00a0<\/span><\/li>\n<\/ol>\n<p><span data-contrast=\"auto\">Estas podr\u00edan considerarse ciudades <\/span><i><span data-contrast=\"auto\">prohibidas<\/span><\/i><span data-contrast=\"auto\"> para todos aquellos veh\u00edculos que no cuenten con distintivo ambiental, bien por antig\u00fcedad, bien por superar los \u00edndices de contaminaci\u00f3n en sus emisiones.\u00a0<\/span><span data-ccp-props=\"{&quot;201341983&quot;:0,&quot;335559739&quot;:0,&quot;335559740&quot;:240,&quot;469777462&quot;:[851],&quot;469777927&quot;:[0],&quot;469777928&quot;:[1]}\">\u00a0<\/span><\/p>\n<h2 aria-level=\"2\"><span data-contrast=\"none\">Condiciones de aplicaci\u00f3n poco claras<\/span><span data-ccp-props=\"{&quot;134233117&quot;:false,&quot;134233118&quot;:false,&quot;201341983&quot;:0,&quot;335551550&quot;:6,&quot;335551620&quot;:6,&quot;335559738&quot;:0,&quot;335559739&quot;:0,&quot;335559740&quot;:240}\">\u00a0<\/span><\/h2>\n<p><span data-contrast=\"auto\">A la escasa implantaci\u00f3n de la normativa se le unen unos criterios de aplicaci\u00f3n a\u00fan sin unificar y que var\u00edan notablemente de un municipio a otro. En cualquier caso, los <\/span><a href=\"https:\/\/www.pelayo.com\/seguros-coche\/comparativa\/electricos-hibridos-enchufables\"><span data-contrast=\"none\">veh\u00edculos h\u00edbridos y el\u00e9ctricos<\/span><\/a><span data-contrast=\"auto\"> siempre quedan al margen de estas restricciones.\u00a0<\/span><span data-ccp-props=\"{&quot;201341983&quot;:0,&quot;335559739&quot;:0,&quot;335559740&quot;:240}\">\u00a0<\/span><\/p>\n<p><span data-contrast=\"auto\">Destacan casos como el de Barcelona, donde los veh\u00edculos sin etiqueta no pueden circular por la ZBE de lunes a viernes entre las 7:00 y las 20:00 horas; Madrid, donde este tipo de veh\u00edculos no puede entrar ni acceder a la M-30 a ninguna hora, as\u00ed como los turismo con calificaci\u00f3n A que no est\u00e9n empadronados en la capital; o Ponferrada, que prev\u00e9 implantar un n\u00famero limitado de accesos que podr\u00e1 ampliarse previo pago de una tasa de 25 euros.\u00a0<\/span><span data-ccp-props=\"{&quot;201341983&quot;:0,&quot;335559739&quot;:0,&quot;335559740&quot;:240}\">\u00a0<\/span><\/p>\n<h2 aria-level=\"2\"><span data-contrast=\"none\">Sanciones por no cumplir con las Zonas de Bajas Emisiones <\/span><span data-ccp-props=\"{&quot;134233117&quot;:false,&quot;134233118&quot;:false,&quot;201341983&quot;:0,&quot;335551550&quot;:6,&quot;335551620&quot;:6,&quot;335559738&quot;:0,&quot;335559739&quot;:0,&quot;335559740&quot;:240}\">\u00a0<\/span><\/h2>\n<p><span data-contrast=\"auto\">Acceder a una ZBE con un veh\u00edculo no autorizado implica una sanci\u00f3n de 200 euros que se reduce a 100 euros por pronto pago. Esta sanci\u00f3n tambi\u00e9n se aplica cuando no se respetan las restricciones impuestas por los ayuntamientos durante los episodio de alta contaminaci\u00f3n. Pero a falta de un marco com\u00fan, la condiciones que limitan la circulaci\u00f3n en estas zonas siguen sin ser del todo claras.<\/span><\/p>\n","protected":false},"excerpt":{"rendered":"<p>A comienzos de este a\u00f1o entraba en vigor la normativa sobre Zonas de Bajas Emisiones (ZBE). Aunque la Ley del<\/p>\n","protected":false},"author":7,"featured_media":86021,"comment_status":"closed","ping_status":"open","sticky":false,"template":"","format":"standard","meta":[],"categories":[5],"tags":[47,4],"yoast_head":"<!-- This site is optimized with the Yoast SEO plugin v17.5 - https:\/\/yoast.com\/wordpress\/plugins\/seo\/ -->\n<title>Novedades sobre las Zonas de Bajas Emisiones en 2023 | Pelayo<\/title>\n<meta name=\"description\" content=\"En 2023 entra en vigor la nueva normativa sobre Zonas de Bajas Emisiones (ZBE). \u00bfQuieres conocer las novedades y c\u00f3mo te afectar\u00e1n? \u00a1Inf\u00f3rmate!\" \/>\n<meta name=\"robots\" content=\"index, follow, max-snippet:-1, max-image-preview:large, max-video-preview:-1\" \/>\n<link rel=\"canonical\" href=\"https:\/\/www.pelayo.com\/teloaseguro\/coche-y-moto\/novedades-zonas-bajas-emisiones-2023\/\" \/>\n<meta property=\"og:locale\" content=\"es_ES\" \/>\n<meta property=\"og:type\" content=\"article\" \/>\n<meta property=\"og:title\" content=\"Novedades sobre las Zonas de Bajas Emisiones en 2023 | Pelayo\" \/>\n<meta property=\"og:description\" content=\"En 2023 entra en vigor la nueva normativa sobre Zonas de Bajas Emisiones (ZBE). \u00bfQuieres conocer las novedades y c\u00f3mo te afectar\u00e1n? \u00a1Inf\u00f3rmate!\" \/>\n<meta property=\"og:url\" content=\"https:\/\/www.pelayo.com\/teloaseguro\/coche-y-moto\/novedades-zonas-bajas-emisiones-2023\/\" \/>\n<meta property=\"og:site_name\" content=\"Pelayo\" \/>\n<meta property=\"article:published_time\" content=\"2023-03-14T09:13:05+00:00\" \/>\n<meta property=\"article:modified_time\" content=\"2024-04-30T10:00:27+00:00\" \/>\n<meta property=\"og:image\" content=\"https:\/\/www.pelayo.com\/teloaseguro\/wp-content\/uploads\/2023\/02\/shutterstock_553591285.jpg\" \/>\n\t<meta property=\"og:image:width\" content=\"2500\" \/>\n\t<meta property=\"og:image:height\" content=\"1667\" \/>\n<meta name=\"twitter:card\" content=\"summary_large_image\" \/>\n<meta name=\"twitter:label1\" content=\"Escrito por\" \/>\n\t<meta name=\"twitter:data1\" content=\"Seguros Pelayo\" \/>\n\t<meta name=\"twitter:label2\" content=\"Tiempo de lectura\" \/>\n\t<meta name=\"twitter:data2\" content=\"2 minutos\" \/>\n<script type=\"application\/ld+json\" class=\"yoast-schema-graph\">{\"@context\":\"https:\/\/schema.org\",\"@graph\":[{\"@type\":\"WebSite\",\"@id\":\"https:\/\/www.pelayo.com\/teloaseguro\/#website\",\"url\":\"https:\/\/www.pelayo.com\/teloaseguro\/\",\"name\":\"Pelayo\",\"description\":\"\",\"potentialAction\":[{\"@type\":\"SearchAction\",\"target\":{\"@type\":\"EntryPoint\",\"urlTemplate\":\"https:\/\/www.pelayo.com\/teloaseguro\/?s={search_term_string}\"},\"query-input\":\"required name=search_term_string\"}],\"inLanguage\":\"es\"},{\"@type\":\"ImageObject\",\"@id\":\"https:\/\/www.pelayo.com\/teloaseguro\/coche-y-moto\/novedades-zonas-bajas-emisiones-2023\/#primaryimage\",\"inLanguage\":\"es\",\"url\":\"\/teloaseguro\/wp-content\/uploads\/2023\/02\/shutterstock_553591285.jpg\",\"contentUrl\":\"\/teloaseguro\/wp-content\/uploads\/2023\/02\/shutterstock_553591285.jpg\",\"width\":2500,\"height\":1667,\"caption\":\"Zonas de bajas emisiones\"},{\"@type\":\"WebPage\",\"@id\":\"https:\/\/www.pelayo.com\/teloaseguro\/coche-y-moto\/novedades-zonas-bajas-emisiones-2023\/#webpage\",\"url\":\"https:\/\/www.pelayo.com\/teloaseguro\/coche-y-moto\/novedades-zonas-bajas-emisiones-2023\/\",\"name\":\"Novedades sobre las Zonas de Bajas Emisiones en 2023 | Pelayo\",\"isPartOf\":{\"@id\":\"https:\/\/www.pelayo.com\/teloaseguro\/#website\"},\"primaryImageOfPage\":{\"@id\":\"https:\/\/www.pelayo.com\/teloaseguro\/coche-y-moto\/novedades-zonas-bajas-emisiones-2023\/#primaryimage\"},\"datePublished\":\"2023-03-14T09:13:05+00:00\",\"dateModified\":\"2024-04-30T10:00:27+00:00\",\"author\":{\"@id\":\"https:\/\/www.pelayo.com\/teloaseguro\/#\/schema\/person\/378d14d33c168734fd01fdad1cb58607\"},\"description\":\"En 2023 entra en vigor la nueva normativa sobre Zonas de Bajas Emisiones (ZBE). \\u00bfQuieres conocer las novedades y c\\u00f3mo te afectar\\u00e1n? \\u00a1Inf\\u00f3rmate!\",\"breadcrumb\":{\"@id\":\"https:\/\/www.pelayo.com\/teloaseguro\/coche-y-moto\/novedades-zonas-bajas-emisiones-2023\/#breadcrumb\"},\"inLanguage\":\"es\",\"potentialAction\":[{\"@type\":\"ReadAction\",\"target\":[\"https:\/\/www.pelayo.com\/teloaseguro\/coche-y-moto\/novedades-zonas-bajas-emisiones-2023\/\"]}]},{\"@type\":\"BreadcrumbList\",\"@id\":\"https:\/\/www.pelayo.com\/teloaseguro\/coche-y-moto\/novedades-zonas-bajas-emisiones-2023\/#breadcrumb\",\"itemListElement\":[{\"@type\":\"ListItem\",\"position\":1,\"name\":\"Portada\",\"item\":\"https:\/\/www.pelayo.com\/teloaseguro\/\"},{\"@type\":\"ListItem\",\"position\":2,\"name\":\"Todas las novedades sobre las Zonas de Bajas Emisiones para 2023\"}]},{\"@type\":\"Person\",\"@id\":\"https:\/\/www.pelayo.com\/teloaseguro\/#\/schema\/person\/378d14d33c168734fd01fdad1cb58607\",\"name\":\"Seguros Pelayo\",\"image\":{\"@type\":\"ImageObject\",\"@id\":\"https:\/\/www.pelayo.com\/teloaseguro\/#personlogo\",\"inLanguage\":\"es\",\"url\":\"https:\/\/secure.gravatar.com\/avatar\/b9ab97b59c5b011e9e6b31499851eeef?s=96&d=mm&r=g\",\"contentUrl\":\"https:\/\/secure.gravatar.com\/avatar\/b9ab97b59c5b011e9e6b31499851eeef?s=96&d=mm&r=g\",\"caption\":\"Seguros Pelayo\"},\"url\":\"https:\/\/www.pelayo.com\/teloaseguro\/author\/dentsu\/\"}]}<\/script>\n<!-- \/ Yoast SEO plugin. -->","yoast_head_json":{"title":"Novedades sobre las Zonas de Bajas Emisiones en 2023 | Pelayo","description":"En 2023 entra en vigor la nueva normativa sobre Zonas de Bajas Emisiones (ZBE). \u00bfQuieres conocer las novedades y c\u00f3mo te afectar\u00e1n? \u00a1Inf\u00f3rmate!","robots":{"index":"index","follow":"follow","max-snippet":"max-snippet:-1","max-image-preview":"max-image-preview:large","max-video-preview":"max-video-preview:-1"},"canonical":"https:\/\/www.pelayo.com\/teloaseguro\/coche-y-moto\/novedades-zonas-bajas-emisiones-2023\/","og_locale":"es_ES","og_type":"article","og_title":"Novedades sobre las Zonas de Bajas Emisiones en 2023 | Pelayo","og_description":"En 2023 entra en vigor la nueva normativa sobre Zonas de Bajas Emisiones (ZBE). \u00bfQuieres conocer las novedades y c\u00f3mo te afectar\u00e1n? \u00a1Inf\u00f3rmate!","og_url":"https:\/\/www.pelayo.com\/teloaseguro\/coche-y-moto\/novedades-zonas-bajas-emisiones-2023\/","og_site_name":"Pelayo","article_published_time":"2023-03-14T09:13:05+00:00","article_modified_time":"2024-04-30T10:00:27+00:00","og_image":[{"width":2500,"height":1667,"url":"https:\/\/www.pelayo.com\/teloaseguro\/wp-content\/uploads\/2023\/02\/shutterstock_553591285.jpg","type":"image\/jpeg"}],"twitter_card":"summary_large_image","twitter_misc":{"Escrito por":"Seguros Pelayo","Tiempo de lectura":"2 minutos"},"schema":{"@context":"https:\/\/schema.org","@graph":[{"@type":"WebSite","@id":"https:\/\/www.pelayo.com\/teloaseguro\/#website","url":"https:\/\/www.pelayo.com\/teloaseguro\/","name":"Pelayo","description":"","potentialAction":[{"@type":"SearchAction","target":{"@type":"EntryPoint","urlTemplate":"https:\/\/www.pelayo.com\/teloaseguro\/?s={search_term_string}"},"query-input":"required name=search_term_string"}],"inLanguage":"es"},{"@type":"ImageObject","@id":"https:\/\/www.pelayo.com\/teloaseguro\/coche-y-moto\/novedades-zonas-bajas-emisiones-2023\/#primaryimage","inLanguage":"es","url":"\/teloaseguro\/wp-content\/uploads\/2023\/02\/shutterstock_553591285.jpg","contentUrl":"\/teloaseguro\/wp-content\/uploads\/2023\/02\/shutterstock_553591285.jpg","width":2500,"height":1667,"caption":"Zonas de bajas emisiones"},{"@type":"WebPage","@id":"https:\/\/www.pelayo.com\/teloaseguro\/coche-y-moto\/novedades-zonas-bajas-emisiones-2023\/#webpage","url":"https:\/\/www.pelayo.com\/teloaseguro\/coche-y-moto\/novedades-zonas-bajas-emisiones-2023\/","name":"Novedades sobre las Zonas de Bajas Emisiones en 2023 | Pelayo","isPartOf":{"@id":"https:\/\/www.pelayo.com\/teloaseguro\/#website"},"primaryImageOfPage":{"@id":"https:\/\/www.pelayo.com\/teloaseguro\/coche-y-moto\/novedades-zonas-bajas-emisiones-2023\/#primaryimage"},"datePublished":"2023-03-14T09:13:05+00:00","dateModified":"2024-04-30T10:00:27+00:00","author":{"@id":"https:\/\/www.pelayo.com\/teloaseguro\/#\/schema\/person\/378d14d33c168734fd01fdad1cb58607"},"description":"En 2023 entra en vigor la nueva normativa sobre Zonas de Bajas Emisiones (ZBE). \u00bfQuieres conocer las novedades y c\u00f3mo te afectar\u00e1n? \u00a1Inf\u00f3rmate!","breadcrumb":{"@id":"https:\/\/www.pelayo.com\/teloaseguro\/coche-y-moto\/novedades-zonas-bajas-emisiones-2023\/#breadcrumb"},"inLanguage":"es","potentialAction":[{"@type":"ReadAction","target":["https:\/\/www.pelayo.com\/teloaseguro\/coche-y-moto\/novedades-zonas-bajas-emisiones-2023\/"]}]},{"@type":"BreadcrumbList","@id":"https:\/\/www.pelayo.com\/teloaseguro\/coche-y-moto\/novedades-zonas-bajas-emisiones-2023\/#breadcrumb","itemListElement":[{"@type":"ListItem","position":1,"name":"Portada","item":"https:\/\/www.pelayo.com\/teloaseguro\/"},{"@type":"ListItem","position":2,"name":"Todas las novedades sobre las Zonas de Bajas Emisiones para 2023"}]},{"@type":"Person","@id":"https:\/\/www.pelayo.com\/teloaseguro\/#\/schema\/person\/378d14d33c168734fd01fdad1cb58607","name":"Seguros Pelayo","image":{"@type":"ImageObject","@id":"https:\/\/www.pelayo.com\/teloaseguro\/#personlogo","inLanguage":"es","url":"https:\/\/secure.gravatar.com\/avatar\/b9ab97b59c5b011e9e6b31499851eeef?s=96&d=mm&r=g","contentUrl":"https:\/\/secure.gravatar.com\/avatar\/b9ab97b59c5b011e9e6b31499851eeef?s=96&d=mm&r=g","caption":"Seguros Pelayo"},"url":"https:\/\/www.pelayo.com\/teloaseguro\/author\/dentsu\/"}]}},"_links":{"self":[{"href":"https:\/\/www.pelayo.com\/teloaseguro\/wp-json\/wp\/v2\/posts\/86014"}],"collection":[{"href":"https:\/\/www.pelayo.com\/teloaseguro\/wp-json\/wp\/v2\/posts"}],"about":[{"href":"https:\/\/www.pelayo.com\/teloaseguro\/wp-json\/wp\/v2\/types\/post"}],"author":[{"embeddable":true,"href":"https:\/\/www.pelayo.com\/teloaseguro\/wp-json\/wp\/v2\/users\/7"}],"replies":[{"embeddable":true,"href":"https:\/\/www.pelayo.com\/teloaseguro\/wp-json\/wp\/v2\/comments?post=86014"}],"version-history":[{"count":3,"href":"https:\/\/www.pelayo.com\/teloaseguro\/wp-json\/wp\/v2\/posts\/86014\/revisions"}],"predecessor-version":[{"id":86374,"href":"https:\/\/www.pelayo.com\/teloaseguro\/wp-json\/wp\/v2\/posts\/86014\/revisions\/86374"}],"wp:featuredmedia":[{"embeddable":true,"href":"https:\/\/www.pelayo.com\/teloaseguro\/wp-json\/wp\/v2\/media\/86021"}],"wp:attachment":[{"href":"https:\/\/www.pelayo.com\/teloaseguro\/wp-json\/wp\/v2\/media?parent=86014"}],"wp:term":[{"taxonomy":"category","embeddable":true,"href":"https:\/\/www.pelayo.com\/teloaseguro\/wp-json\/wp\/v2\/categories?post=86014"},{"taxonomy":"post_tag","embeddable":true,"href":"https:\/\/www.pelayo.com\/teloaseguro\/wp-json\/wp\/v2\/tags?post=86014"}],"curies":[{"name":"wp","href":"https:\/\/api.w.org\/{rel}","templated":true}]}}