{"id":85918,"date":"2022-10-17T07:09:01","date_gmt":"2022-10-17T07:09:01","guid":{"rendered":"https:\/\/www.pelayo.com\/teloaseguro\/?p=85918"},"modified":"2022-10-19T07:46:38","modified_gmt":"2022-10-19T07:46:38","slug":"guia-cancer-mama-sintomas-pronostico-tratamientos","status":"publish","type":"post","link":"https:\/\/www.pelayo.com\/teloaseguro\/mujer\/guia-cancer-mama-sintomas-pronostico-tratamientos\/","title":{"rendered":"Gu\u00eda sobre el c\u00e1ncer de mama: s\u00edntomas, pron\u00f3stico y tratamientos"},"content":{"rendered":"<p><b><span data-contrast=\"auto\">En 2021 se diagnosticaron en Espa\u00f1a 33.375 casos de c\u00e1ncer de mama. Junto al c\u00e1ncer de colon y el de pr\u00f3stata, es el tercero con m\u00e1s casos registrados anualmente en nuestro pa\u00eds y el tumor m\u00e1s diagnosticado a nivel mundial.\u00a0<\/span><\/b><span data-ccp-props=\"{&quot;201341983&quot;:0,&quot;335559739&quot;:0,&quot;335559740&quot;:240}\">\u00a0<\/span><\/p>\n<p><span data-contrast=\"auto\">El D\u00eda Internacional de la Lucha contra el C\u00e1ncer de Mama, que se celebra cada 19 de octubre, es un impulso a la concienciaci\u00f3n social y a la investigaci\u00f3n cient\u00edfica. Pero, sobre todo, es un buen momento para conocer mejor la realidad de esta enfermedad.\u00a0<\/span><span data-ccp-props=\"{&quot;201341983&quot;:0,&quot;335559739&quot;:0,&quot;335559740&quot;:240}\">\u00a0<\/span><\/p>\n<h2 aria-level=\"2\"><span data-contrast=\"none\">3 aspectos clave sobre el c\u00e1ncer de mama<\/span><span data-ccp-props=\"{&quot;134233117&quot;:false,&quot;134233118&quot;:false,&quot;201341983&quot;:0,&quot;335551550&quot;:6,&quot;335551620&quot;:6,&quot;335559738&quot;:0,&quot;335559739&quot;:0,&quot;335559740&quot;:240}\">\u00a0<\/span><\/h2>\n<h3 aria-level=\"2\"><b><span data-contrast=\"auto\">1. \u00bfQui\u00e9nes pueden padecerlo?<\/span><\/b><span data-ccp-props=\"{&quot;201341983&quot;:0,&quot;335559739&quot;:0,&quot;335559740&quot;:240}\">\u00a0<\/span><\/h3>\n<p><span data-contrast=\"auto\">Cualquier persona puede contraer c\u00e1ncer de mama a cualquier edad. No obstante, hay una mayor prevalencia en mujeres y durante la etapa de la menopausia. En el 10-15 % de los casos existen antecedentes gen\u00e9ticos. Con o sin ellos, las pruebas de detecci\u00f3n temprana son fundamentales para el \u00e9xito de un tratamiento.\u00a0<\/span><span data-ccp-props=\"{&quot;201341983&quot;:0,&quot;335559739&quot;:0,&quot;335559740&quot;:240}\">\u00a0<\/span><\/p>\n<h3><b><span data-contrast=\"auto\">2. \u00bfQu\u00e9 tipos de c\u00e1ncer de mama existen?<\/span><\/b><span data-ccp-props=\"{&quot;201341983&quot;:0,&quot;335559739&quot;:0,&quot;335559740&quot;:240}\">\u00a0<\/span><\/h3>\n<p><span data-contrast=\"auto\">El c\u00e1ncer de mama puede ser de tres tipos:\u00a0<\/span><span data-ccp-props=\"{&quot;201341983&quot;:0,&quot;335559739&quot;:0,&quot;335559740&quot;:240}\">\u00a0<\/span><\/p>\n<ul>\n<li data-leveltext=\"\uf0b7\" data-font=\"Symbol\" data-listid=\"10\" data-list-defn-props=\"{&quot;335552541&quot;:1,&quot;335559684&quot;:-2,&quot;335559685&quot;:1440,&quot;335559991&quot;:360,&quot;469769226&quot;:&quot;Symbol&quot;,&quot;469769242&quot;:[8226],&quot;469777803&quot;:&quot;left&quot;,&quot;469777804&quot;:&quot;\uf0b7&quot;,&quot;469777815&quot;:&quot;hybridMultilevel&quot;}\" aria-setsize=\"-1\" data-aria-posinset=\"1\" data-aria-level=\"1\"><b><span data-contrast=\"auto\">C\u00e1ncer de mama positivo para receptores hormonales<\/span><\/b><span data-contrast=\"auto\">, en los que el tumor es alimentado por la hormona del estr\u00f3geno.\u00a0<\/span><span data-ccp-props=\"{&quot;201341983&quot;:0,&quot;335559739&quot;:0,&quot;335559740&quot;:240}\">\u00a0<\/span><\/li>\n<li data-leveltext=\"\uf0b7\" data-font=\"Symbol\" data-listid=\"10\" data-list-defn-props=\"{&quot;335552541&quot;:1,&quot;335559684&quot;:-2,&quot;335559685&quot;:1440,&quot;335559991&quot;:360,&quot;469769226&quot;:&quot;Symbol&quot;,&quot;469769242&quot;:[8226],&quot;469777803&quot;:&quot;left&quot;,&quot;469777804&quot;:&quot;\uf0b7&quot;,&quot;469777815&quot;:&quot;hybridMultilevel&quot;}\" aria-setsize=\"-1\" data-aria-posinset=\"2\" data-aria-level=\"1\"><b><span data-contrast=\"auto\">HER2 positivo<\/span><\/b><span data-contrast=\"auto\">, provocado por un tipo de prote\u00edna (HER2) que favorece al desarrollo del tumor.\u00a0<\/span><span data-ccp-props=\"{&quot;201341983&quot;:0,&quot;335559739&quot;:0,&quot;335559740&quot;:240}\">\u00a0<\/span><\/li>\n<\/ul>\n<ul>\n<li data-leveltext=\"\uf0b7\" data-font=\"Symbol\" data-listid=\"10\" data-list-defn-props=\"{&quot;335552541&quot;:1,&quot;335559684&quot;:-2,&quot;335559685&quot;:1440,&quot;335559991&quot;:360,&quot;469769226&quot;:&quot;Symbol&quot;,&quot;469769242&quot;:[8226],&quot;469777803&quot;:&quot;left&quot;,&quot;469777804&quot;:&quot;\uf0b7&quot;,&quot;469777815&quot;:&quot;hybridMultilevel&quot;}\" aria-setsize=\"-1\" data-aria-posinset=\"1\" data-aria-level=\"1\"><b><span data-contrast=\"auto\">Triple negativo<\/span><\/b><span data-contrast=\"auto\">, que no es alimentado por hormonas y es HER2 negativo.\u00a0<\/span><span data-ccp-props=\"{&quot;201341983&quot;:0,&quot;335559739&quot;:0,&quot;335559740&quot;:240}\">\u00a0<\/span><\/li>\n<\/ul>\n<h3><b><span data-contrast=\"auto\">3. \u00bfCu\u00e1les son las opciones de tratamiento del c\u00e1ncer de mama?<\/span><\/b><span data-ccp-props=\"{&quot;201341983&quot;:0,&quot;335559739&quot;:0,&quot;335559740&quot;:240}\">\u00a0<\/span><\/h3>\n<p><span data-contrast=\"auto\">La tipolog\u00eda de c\u00e1ncer y el estado en el que se encuentra la enfermedad determinan el tipo de tratamiento (medicaci\u00f3n, quimioterapia, radioterapia o combinaciones de varias terapias). En base a esto, el tumor se puede afrontar de dos formas:<\/span><span data-ccp-props=\"{&quot;201341983&quot;:0,&quot;335559739&quot;:0,&quot;335559740&quot;:240}\">\u00a0<\/span><\/p>\n<ul>\n<li data-leveltext=\"\uf0b7\" data-font=\"Symbol\" data-listid=\"11\" data-list-defn-props=\"{&quot;335552541&quot;:1,&quot;335559684&quot;:-2,&quot;335559685&quot;:720,&quot;335559991&quot;:360,&quot;469769226&quot;:&quot;Symbol&quot;,&quot;469769242&quot;:[8226],&quot;469777803&quot;:&quot;left&quot;,&quot;469777804&quot;:&quot;\uf0b7&quot;,&quot;469777815&quot;:&quot;hybridMultilevel&quot;}\" aria-setsize=\"-1\" data-aria-posinset=\"1\" data-aria-level=\"1\"><span data-contrast=\"auto\">Con tratamiento farmacol\u00f3gico primero y cirug\u00eda posterior.\u00a0<\/span><span data-ccp-props=\"{&quot;201341983&quot;:0,&quot;335559739&quot;:0,&quot;335559740&quot;:240}\">\u00a0<\/span><\/li>\n<li data-leveltext=\"\uf0b7\" data-font=\"Symbol\" data-listid=\"11\" data-list-defn-props=\"{&quot;335552541&quot;:1,&quot;335559684&quot;:-2,&quot;335559685&quot;:720,&quot;335559991&quot;:360,&quot;469769226&quot;:&quot;Symbol&quot;,&quot;469769242&quot;:[8226],&quot;469777803&quot;:&quot;left&quot;,&quot;469777804&quot;:&quot;\uf0b7&quot;,&quot;469777815&quot;:&quot;hybridMultilevel&quot;}\" aria-setsize=\"-1\" data-aria-posinset=\"2\" data-aria-level=\"1\"><span data-contrast=\"auto\">Con cirug\u00eda primero y tratamiento farmacol\u00f3gico a posteriori.\u00a0<\/span><span data-ccp-props=\"{&quot;201341983&quot;:0,&quot;335559739&quot;:0,&quot;335559740&quot;:240}\">\u00a0<\/span><\/li>\n<\/ul>\n<p><span data-contrast=\"auto\">En cualquier caso, se trata de un abordaje multidisciplinar. En el equipo de atenci\u00f3n participan onc\u00f3logos, cirujanos, radio onc\u00f3logos y trabajadores sociales. Tambi\u00e9n existen asesores financieros encargados de orientar al paciente <\/span><a href=\"https:\/\/www.pelayo.com\/seguros-vida\/mujer\"><span data-contrast=\"none\">sobre seguros con coberturas para el c\u00e1ncer femenino<\/span><\/a><span data-contrast=\"auto\"> y ayudas econ\u00f3micas.\u00a0<\/span><span data-ccp-props=\"{&quot;201341983&quot;:0,&quot;335559739&quot;:0,&quot;335559740&quot;:240}\">\u00a0<\/span><\/p>\n<p><img loading=\"lazy\" class=\"aligncenter wp-image-85925 size-full\" src=\"\/teloaseguro\/wp-content\/uploads\/2022\/10\/shutterstock_19422782021-scaled.jpg\" alt=\"\" width=\"2560\" height=\"1202\" srcset=\"\/teloaseguro\/wp-content\/uploads\/2022\/10\/shutterstock_19422782021-scaled.jpg 2560w, \/teloaseguro\/wp-content\/uploads\/2022\/10\/shutterstock_19422782021-300x141.jpg 300w, \/teloaseguro\/wp-content\/uploads\/2022\/10\/shutterstock_19422782021-1024x481.jpg 1024w, \/teloaseguro\/wp-content\/uploads\/2022\/10\/shutterstock_19422782021-768x360.jpg 768w, \/teloaseguro\/wp-content\/uploads\/2022\/10\/shutterstock_19422782021-1536x721.jpg 1536w, \/teloaseguro\/wp-content\/uploads\/2022\/10\/shutterstock_19422782021-2048x961.jpg 2048w\" sizes=\"(max-width: 2560px) 100vw, 2560px\" \/><\/p>\n","protected":false},"excerpt":{"rendered":"<p>En 2021 se diagnosticaron en Espa\u00f1a 33.375 casos de c\u00e1ncer de mama. Junto al c\u00e1ncer de colon y el de<\/p>\n","protected":false},"author":7,"featured_media":85924,"comment_status":"closed","ping_status":"open","sticky":false,"template":"","format":"standard","meta":[],"categories":[6,2],"tags":[10,110,55,111,119],"yoast_head":"<!-- This site is optimized with the Yoast SEO plugin v17.5 - https:\/\/yoast.com\/wordpress\/plugins\/seo\/ -->\n<title>C\u00e1ncer de mama: s\u00edntomas, pron\u00f3stico y tratamientos | Pelayo<\/title>\n<meta name=\"description\" content=\"El D\u00eda Internacional contra el C\u00e1ncer de Mama es un impulso a la concienciaci\u00f3n y la investigaci\u00f3n, y una oportunidad para conocer mejor la enfermedad.\" \/>\n<meta name=\"robots\" content=\"index, follow, max-snippet:-1, max-image-preview:large, max-video-preview:-1\" \/>\n<link rel=\"canonical\" href=\"https:\/\/www.pelayo.com\/teloaseguro\/mujer\/guia-cancer-mama-sintomas-pronostico-tratamientos\/\" \/>\n<meta property=\"og:locale\" content=\"es_ES\" \/>\n<meta property=\"og:type\" content=\"article\" \/>\n<meta property=\"og:title\" content=\"C\u00e1ncer de mama: s\u00edntomas, pron\u00f3stico y tratamientos | Pelayo\" \/>\n<meta property=\"og:description\" content=\"El D\u00eda Internacional contra el C\u00e1ncer de Mama es un impulso a la concienciaci\u00f3n y la investigaci\u00f3n, y una oportunidad para conocer mejor la enfermedad.\" \/>\n<meta property=\"og:url\" content=\"https:\/\/www.pelayo.com\/teloaseguro\/mujer\/guia-cancer-mama-sintomas-pronostico-tratamientos\/\" \/>\n<meta property=\"og:site_name\" content=\"Pelayo\" \/>\n<meta property=\"article:published_time\" content=\"2022-10-17T07:09:01+00:00\" \/>\n<meta property=\"article:modified_time\" content=\"2022-10-19T07:46:38+00:00\" \/>\n<meta property=\"og:image\" content=\"https:\/\/www.pelayo.com\/teloaseguro\/wp-content\/uploads\/2022\/10\/shutterstock_1942278202-scaled.jpg\" \/>\n\t<meta property=\"og:image:width\" content=\"2560\" \/>\n\t<meta property=\"og:image:height\" content=\"1440\" \/>\n<meta name=\"twitter:card\" content=\"summary_large_image\" \/>\n<meta name=\"twitter:label1\" content=\"Escrito por\" \/>\n\t<meta name=\"twitter:data1\" content=\"Seguros Pelayo\" \/>\n\t<meta name=\"twitter:label2\" content=\"Tiempo de lectura\" \/>\n\t<meta name=\"twitter:data2\" content=\"2 minutos\" \/>\n<script type=\"application\/ld+json\" class=\"yoast-schema-graph\">{\"@context\":\"https:\/\/schema.org\",\"@graph\":[{\"@type\":\"WebSite\",\"@id\":\"https:\/\/www.pelayo.com\/teloaseguro\/#website\",\"url\":\"https:\/\/www.pelayo.com\/teloaseguro\/\",\"name\":\"Pelayo\",\"description\":\"\",\"potentialAction\":[{\"@type\":\"SearchAction\",\"target\":{\"@type\":\"EntryPoint\",\"urlTemplate\":\"https:\/\/www.pelayo.com\/teloaseguro\/?s={search_term_string}\"},\"query-input\":\"required name=search_term_string\"}],\"inLanguage\":\"es\"},{\"@type\":\"ImageObject\",\"@id\":\"https:\/\/www.pelayo.com\/teloaseguro\/mujer\/guia-cancer-mama-sintomas-pronostico-tratamientos\/#primaryimage\",\"inLanguage\":\"es\",\"url\":\"\/teloaseguro\/wp-content\/uploads\/2022\/10\/shutterstock_1942278202-scaled.jpg\",\"contentUrl\":\"\/teloaseguro\/wp-content\/uploads\/2022\/10\/shutterstock_1942278202-scaled.jpg\",\"width\":2560,\"height\":1440,\"caption\":\"D\\u00eda mundal contra el c\\u00e1ncer de mama\"},{\"@type\":\"WebPage\",\"@id\":\"https:\/\/www.pelayo.com\/teloaseguro\/mujer\/guia-cancer-mama-sintomas-pronostico-tratamientos\/#webpage\",\"url\":\"https:\/\/www.pelayo.com\/teloaseguro\/mujer\/guia-cancer-mama-sintomas-pronostico-tratamientos\/\",\"name\":\"C\\u00e1ncer de mama: s\\u00edntomas, pron\\u00f3stico y tratamientos | Pelayo\",\"isPartOf\":{\"@id\":\"https:\/\/www.pelayo.com\/teloaseguro\/#website\"},\"primaryImageOfPage\":{\"@id\":\"https:\/\/www.pelayo.com\/teloaseguro\/mujer\/guia-cancer-mama-sintomas-pronostico-tratamientos\/#primaryimage\"},\"datePublished\":\"2022-10-17T07:09:01+00:00\",\"dateModified\":\"2022-10-19T07:46:38+00:00\",\"author\":{\"@id\":\"https:\/\/www.pelayo.com\/teloaseguro\/#\/schema\/person\/378d14d33c168734fd01fdad1cb58607\"},\"description\":\"El D\\u00eda Internacional contra el C\\u00e1ncer de Mama es un impulso a la concienciaci\\u00f3n y la investigaci\\u00f3n, y una oportunidad para conocer mejor la enfermedad.\",\"breadcrumb\":{\"@id\":\"https:\/\/www.pelayo.com\/teloaseguro\/mujer\/guia-cancer-mama-sintomas-pronostico-tratamientos\/#breadcrumb\"},\"inLanguage\":\"es\",\"potentialAction\":[{\"@type\":\"ReadAction\",\"target\":[\"https:\/\/www.pelayo.com\/teloaseguro\/mujer\/guia-cancer-mama-sintomas-pronostico-tratamientos\/\"]}]},{\"@type\":\"BreadcrumbList\",\"@id\":\"https:\/\/www.pelayo.com\/teloaseguro\/mujer\/guia-cancer-mama-sintomas-pronostico-tratamientos\/#breadcrumb\",\"itemListElement\":[{\"@type\":\"ListItem\",\"position\":1,\"name\":\"Portada\",\"item\":\"https:\/\/www.pelayo.com\/teloaseguro\/\"},{\"@type\":\"ListItem\",\"position\":2,\"name\":\"Gu\\u00eda sobre el c\\u00e1ncer de mama: s\\u00edntomas, pron\\u00f3stico y tratamientos\"}]},{\"@type\":\"Person\",\"@id\":\"https:\/\/www.pelayo.com\/teloaseguro\/#\/schema\/person\/378d14d33c168734fd01fdad1cb58607\",\"name\":\"Seguros Pelayo\",\"image\":{\"@type\":\"ImageObject\",\"@id\":\"https:\/\/www.pelayo.com\/teloaseguro\/#personlogo\",\"inLanguage\":\"es\",\"url\":\"https:\/\/secure.gravatar.com\/avatar\/b9ab97b59c5b011e9e6b31499851eeef?s=96&d=mm&r=g\",\"contentUrl\":\"https:\/\/secure.gravatar.com\/avatar\/b9ab97b59c5b011e9e6b31499851eeef?s=96&d=mm&r=g\",\"caption\":\"Seguros Pelayo\"},\"url\":\"https:\/\/www.pelayo.com\/teloaseguro\/author\/dentsu\/\"}]}<\/script>\n<!-- \/ Yoast SEO plugin. -->","yoast_head_json":{"title":"C\u00e1ncer de mama: s\u00edntomas, pron\u00f3stico y tratamientos | Pelayo","description":"El D\u00eda Internacional contra el C\u00e1ncer de Mama es un impulso a la concienciaci\u00f3n y la investigaci\u00f3n, y una oportunidad para conocer mejor la enfermedad.","robots":{"index":"index","follow":"follow","max-snippet":"max-snippet:-1","max-image-preview":"max-image-preview:large","max-video-preview":"max-video-preview:-1"},"canonical":"https:\/\/www.pelayo.com\/teloaseguro\/mujer\/guia-cancer-mama-sintomas-pronostico-tratamientos\/","og_locale":"es_ES","og_type":"article","og_title":"C\u00e1ncer de mama: s\u00edntomas, pron\u00f3stico y tratamientos | Pelayo","og_description":"El D\u00eda Internacional contra el C\u00e1ncer de Mama es un impulso a la concienciaci\u00f3n y la investigaci\u00f3n, y una oportunidad para conocer mejor la enfermedad.","og_url":"https:\/\/www.pelayo.com\/teloaseguro\/mujer\/guia-cancer-mama-sintomas-pronostico-tratamientos\/","og_site_name":"Pelayo","article_published_time":"2022-10-17T07:09:01+00:00","article_modified_time":"2022-10-19T07:46:38+00:00","og_image":[{"width":2560,"height":1440,"url":"https:\/\/www.pelayo.com\/teloaseguro\/wp-content\/uploads\/2022\/10\/shutterstock_1942278202-scaled.jpg","type":"image\/jpeg"}],"twitter_card":"summary_large_image","twitter_misc":{"Escrito por":"Seguros Pelayo","Tiempo de lectura":"2 minutos"},"schema":{"@context":"https:\/\/schema.org","@graph":[{"@type":"WebSite","@id":"https:\/\/www.pelayo.com\/teloaseguro\/#website","url":"https:\/\/www.pelayo.com\/teloaseguro\/","name":"Pelayo","description":"","potentialAction":[{"@type":"SearchAction","target":{"@type":"EntryPoint","urlTemplate":"https:\/\/www.pelayo.com\/teloaseguro\/?s={search_term_string}"},"query-input":"required name=search_term_string"}],"inLanguage":"es"},{"@type":"ImageObject","@id":"https:\/\/www.pelayo.com\/teloaseguro\/mujer\/guia-cancer-mama-sintomas-pronostico-tratamientos\/#primaryimage","inLanguage":"es","url":"\/teloaseguro\/wp-content\/uploads\/2022\/10\/shutterstock_1942278202-scaled.jpg","contentUrl":"\/teloaseguro\/wp-content\/uploads\/2022\/10\/shutterstock_1942278202-scaled.jpg","width":2560,"height":1440,"caption":"D\u00eda mundal contra el c\u00e1ncer de mama"},{"@type":"WebPage","@id":"https:\/\/www.pelayo.com\/teloaseguro\/mujer\/guia-cancer-mama-sintomas-pronostico-tratamientos\/#webpage","url":"https:\/\/www.pelayo.com\/teloaseguro\/mujer\/guia-cancer-mama-sintomas-pronostico-tratamientos\/","name":"C\u00e1ncer de mama: s\u00edntomas, pron\u00f3stico y tratamientos | Pelayo","isPartOf":{"@id":"https:\/\/www.pelayo.com\/teloaseguro\/#website"},"primaryImageOfPage":{"@id":"https:\/\/www.pelayo.com\/teloaseguro\/mujer\/guia-cancer-mama-sintomas-pronostico-tratamientos\/#primaryimage"},"datePublished":"2022-10-17T07:09:01+00:00","dateModified":"2022-10-19T07:46:38+00:00","author":{"@id":"https:\/\/www.pelayo.com\/teloaseguro\/#\/schema\/person\/378d14d33c168734fd01fdad1cb58607"},"description":"El D\u00eda Internacional contra el C\u00e1ncer de Mama es un impulso a la concienciaci\u00f3n y la investigaci\u00f3n, y una oportunidad para conocer mejor la enfermedad.","breadcrumb":{"@id":"https:\/\/www.pelayo.com\/teloaseguro\/mujer\/guia-cancer-mama-sintomas-pronostico-tratamientos\/#breadcrumb"},"inLanguage":"es","potentialAction":[{"@type":"ReadAction","target":["https:\/\/www.pelayo.com\/teloaseguro\/mujer\/guia-cancer-mama-sintomas-pronostico-tratamientos\/"]}]},{"@type":"BreadcrumbList","@id":"https:\/\/www.pelayo.com\/teloaseguro\/mujer\/guia-cancer-mama-sintomas-pronostico-tratamientos\/#breadcrumb","itemListElement":[{"@type":"ListItem","position":1,"name":"Portada","item":"https:\/\/www.pelayo.com\/teloaseguro\/"},{"@type":"ListItem","position":2,"name":"Gu\u00eda sobre el c\u00e1ncer de mama: s\u00edntomas, pron\u00f3stico y tratamientos"}]},{"@type":"Person","@id":"https:\/\/www.pelayo.com\/teloaseguro\/#\/schema\/person\/378d14d33c168734fd01fdad1cb58607","name":"Seguros Pelayo","image":{"@type":"ImageObject","@id":"https:\/\/www.pelayo.com\/teloaseguro\/#personlogo","inLanguage":"es","url":"https:\/\/secure.gravatar.com\/avatar\/b9ab97b59c5b011e9e6b31499851eeef?s=96&d=mm&r=g","contentUrl":"https:\/\/secure.gravatar.com\/avatar\/b9ab97b59c5b011e9e6b31499851eeef?s=96&d=mm&r=g","caption":"Seguros Pelayo"},"url":"https:\/\/www.pelayo.com\/teloaseguro\/author\/dentsu\/"}]}},"_links":{"self":[{"href":"https:\/\/www.pelayo.com\/teloaseguro\/wp-json\/wp\/v2\/posts\/85918"}],"collection":[{"href":"https:\/\/www.pelayo.com\/teloaseguro\/wp-json\/wp\/v2\/posts"}],"about":[{"href":"https:\/\/www.pelayo.com\/teloaseguro\/wp-json\/wp\/v2\/types\/post"}],"author":[{"embeddable":true,"href":"https:\/\/www.pelayo.com\/teloaseguro\/wp-json\/wp\/v2\/users\/7"}],"replies":[{"embeddable":true,"href":"https:\/\/www.pelayo.com\/teloaseguro\/wp-json\/wp\/v2\/comments?post=85918"}],"version-history":[{"count":1,"href":"https:\/\/www.pelayo.com\/teloaseguro\/wp-json\/wp\/v2\/posts\/85918\/revisions"}],"predecessor-version":[{"id":85926,"href":"https:\/\/www.pelayo.com\/teloaseguro\/wp-json\/wp\/v2\/posts\/85918\/revisions\/85926"}],"wp:featuredmedia":[{"embeddable":true,"href":"https:\/\/www.pelayo.com\/teloaseguro\/wp-json\/wp\/v2\/media\/85924"}],"wp:attachment":[{"href":"https:\/\/www.pelayo.com\/teloaseguro\/wp-json\/wp\/v2\/media?parent=85918"}],"wp:term":[{"taxonomy":"category","embeddable":true,"href":"https:\/\/www.pelayo.com\/teloaseguro\/wp-json\/wp\/v2\/categories?post=85918"},{"taxonomy":"post_tag","embeddable":true,"href":"https:\/\/www.pelayo.com\/teloaseguro\/wp-json\/wp\/v2\/tags?post=85918"}],"curies":[{"name":"wp","href":"https:\/\/api.w.org\/{rel}","templated":true}]}}