{"id":85842,"date":"2022-08-11T12:00:13","date_gmt":"2022-08-11T12:00:13","guid":{"rendered":"https:\/\/www.pelayo.com\/teloaseguro\/?p=85842"},"modified":"2025-06-24T07:30:29","modified_gmt":"2025-06-24T07:30:29","slug":"restricciones-coches-dieses-endurecen-2023","status":"publish","type":"post","link":"https:\/\/www.pelayo.com\/teloaseguro\/coche-y-moto\/restricciones-coches-dieses-endurecen-2023\/","title":{"rendered":"Las restricciones a los coches di\u00e9sel se endurecen en 2023"},"content":{"rendered":"<p><b><span data-contrast=\"auto\">Los cambios en las pol\u00edticas medioambientales se extienden a todos los \u00e1mbitos de la vida, entre ellos, la movilidad. Desplazarse por las ciudades en veh\u00edculos privados ser\u00e1 algo m\u00e1s complicado a partir de 2023 con el endurecimiento de las restricciones a los coches di\u00e9sel.\u00a0<\/span><\/b><span data-ccp-props=\"{&quot;201341983&quot;:0,&quot;335559739&quot;:0,&quot;335559740&quot;:240}\">\u00a0<\/span><\/p>\n<p><span data-contrast=\"auto\">Desde hace a\u00f1os estamos siendo testigos de importantes cambios para hacer las ciudades m\u00e1s sostenibles. Pero ser\u00e1 a partir del pr\u00f3ximo a\u00f1o cuando esta mentalidad medioambiental se imponga con m\u00e1s fuerza en aspectos tan rutinarios como los desplazamientos en coche.\u00a0<\/span><span data-ccp-props=\"{&quot;201341983&quot;:0,&quot;335559739&quot;:0,&quot;335559740&quot;:240}\">\u00a0<\/span><\/p>\n<h2 aria-level=\"2\"><span data-contrast=\"none\">Objetivos y restricciones de la Comisi\u00f3n Europea\u00a0<\/span><span data-ccp-props=\"{&quot;134233117&quot;:false,&quot;134233118&quot;:false,&quot;201341983&quot;:0,&quot;335551550&quot;:6,&quot;335551620&quot;:6,&quot;335559738&quot;:0,&quot;335559739&quot;:0,&quot;335559740&quot;:240}\">\u00a0<\/span><\/h2>\n<p><span data-contrast=\"auto\">Europa cambia su calendario y adelanta las fechas para acabar con las emisiones de veh\u00edculos contaminantes. A partir de 2035 estar\u00e1 prohibida la fabricaci\u00f3n de veh\u00edculos di\u00e9sel o de gasolina. Incluso los veh\u00edculos e-fuel, que hasta ahora han sido una soluci\u00f3n intermedia, dejar\u00e1n de tener espacio en las calles por lo que, a partir de dicha fecha, los fabricantes solo podr\u00e1n vender dos modelos de coches: el\u00e9ctricos puros (de bater\u00eda) y el\u00e9ctricos de pila combustible (de hidr\u00f3geno).<\/span><span data-ccp-props=\"{&quot;201341983&quot;:0,&quot;335559739&quot;:0,&quot;335559740&quot;:240}\">\u00a0<\/span><\/p>\n<p><span data-contrast=\"auto\">Con el fin de ir allanado el terreno, desde el Ministerio para la Transici\u00f3n Ecol\u00f3gica y el Reto Demogr\u00e1fico tambi\u00e9n se han impuesto sus propios objetivos y restricciones:<\/span><span data-ccp-props=\"{&quot;201341983&quot;:0,&quot;335559739&quot;:0,&quot;335559740&quot;:240}\">\u00a0<\/span><\/p>\n<ul>\n<li data-leveltext=\"\uf0b7\" data-font=\"Symbol\" data-listid=\"7\" data-list-defn-props=\"{&quot;335552541&quot;:1,&quot;335559684&quot;:-2,&quot;335559685&quot;:720,&quot;335559991&quot;:360,&quot;469769226&quot;:&quot;Symbol&quot;,&quot;469769242&quot;:[8226],&quot;469777803&quot;:&quot;left&quot;,&quot;469777804&quot;:&quot;\uf0b7&quot;,&quot;469777815&quot;:&quot;hybridMultilevel&quot;}\" aria-setsize=\"-1\" data-aria-posinset=\"1\" data-aria-level=\"1\"><span data-contrast=\"auto\">A partir de 2023, <strong>en los municipios de m\u00e1s de 50.000 habitantes se implantar\u00e1n las Zonas de Bajas Emisiones<\/strong> que impedir\u00e1n la circulaci\u00f3n de los veh\u00edculos m\u00e1s contaminantes.\u00a0<\/span><span data-ccp-props=\"{&quot;201341983&quot;:0,&quot;335559739&quot;:0,&quot;335559740&quot;:240}\">\u00a0<\/span><\/li>\n<\/ul>\n<ul>\n<li data-leveltext=\"\uf0b7\" data-font=\"Symbol\" data-listid=\"7\" data-list-defn-props=\"{&quot;335552541&quot;:1,&quot;335559684&quot;:-2,&quot;335559685&quot;:720,&quot;335559991&quot;:360,&quot;469769226&quot;:&quot;Symbol&quot;,&quot;469769242&quot;:[8226],&quot;469777803&quot;:&quot;left&quot;,&quot;469777804&quot;:&quot;\uf0b7&quot;,&quot;469777815&quot;:&quot;hybridMultilevel&quot;}\" aria-setsize=\"-1\" data-aria-posinset=\"1\" data-aria-level=\"1\"><span data-contrast=\"auto\"><strong>Las restricciones se ir\u00e1n endureciendo de manera progresiva<\/strong> con el fin de conseguir un parque automovil\u00edstico de emisiones cero en 2040, conforme a las exigencias europeas.\u00a0<\/span><span data-ccp-props=\"{&quot;201341983&quot;:0,&quot;335559739&quot;:0,&quot;335559740&quot;:240}\">\u00a0<\/span><\/li>\n<\/ul>\n<h2 aria-level=\"2\"><span data-contrast=\"none\">\u00bfEs recomendable comprarse un coche ahora?<\/span><span data-ccp-props=\"{&quot;134233117&quot;:false,&quot;134233118&quot;:false,&quot;201341983&quot;:0,&quot;335551550&quot;:6,&quot;335551620&quot;:6,&quot;335559738&quot;:0,&quot;335559739&quot;:0,&quot;335559740&quot;:240}\">\u00a0<\/span><\/h2>\n<p><span data-contrast=\"auto\">El fin de los coches de gasolina y di\u00e9sel y el comienzo de la era de los veh\u00edculos el\u00e9ctricos est<\/span><span data-contrast=\"auto\">\u00e1<\/span><span data-contrast=\"auto\"> cada vez m\u00e1s cerca. Fabricantes y conductores tendr\u00e1n que adaptarse a las nuevas normas y a la desaparici\u00f3n de los coches de combusti\u00f3n a partir de 2035.\u00a0<\/span><span data-ccp-props=\"{&quot;201341983&quot;:0,&quot;335559739&quot;:0,&quot;335559740&quot;:240}\">\u00a0<\/span><\/p>\n<p><span data-contrast=\"auto\">Frente a este nuevo escenario, es normal que los usuarios se cuestionen la <\/span><a href=\"https:\/\/www.pelayo.com\/teloaseguro\/coche-y-moto\/recomendable-comprar-coche\/\"><span data-contrast=\"none\">idoneidad de comprarse un coche ahora<\/span><\/a><span data-contrast=\"auto\">. Y, en caso afirmativo, \u00bfqu\u00e9 tipo de veh\u00edculo comprar?<\/span><span data-ccp-props=\"{&quot;201341983&quot;:0,&quot;335559739&quot;:0,&quot;335559740&quot;:240}\">\u00a0<\/span><\/p>\n<p><span data-contrast=\"auto\">Todo apunta a que las opciones m\u00e1s recomendables en este momento son las de los coches h\u00edbridos. De hecho, desde el Gobierno se han puesto en marcha ayudas (Plan Moves) para favorecer la compra de estos veh\u00edculos, el achatarramiento de coches de combusti\u00f3n y la instalaci\u00f3n de m\u00e1s puntos de recarga.\u00a0<\/span><span data-ccp-props=\"{&quot;201341983&quot;:0,&quot;335559739&quot;:0,&quot;335559740&quot;:240}\">\u00a0<\/span><\/p>\n<p><img loading=\"lazy\" class=\"aligncenter wp-image-85844 size-full\" src=\"\/teloaseguro\/wp-content\/uploads\/2022\/08\/shutterstock_21477595511-scaled.jpg\" alt=\"\" width=\"2560\" height=\"1402\" srcset=\"\/teloaseguro\/wp-content\/uploads\/2022\/08\/shutterstock_21477595511-scaled.jpg 2560w, \/teloaseguro\/wp-content\/uploads\/2022\/08\/shutterstock_21477595511-300x164.jpg 300w, \/teloaseguro\/wp-content\/uploads\/2022\/08\/shutterstock_21477595511-1024x561.jpg 1024w, \/teloaseguro\/wp-content\/uploads\/2022\/08\/shutterstock_21477595511-768x421.jpg 768w, \/teloaseguro\/wp-content\/uploads\/2022\/08\/shutterstock_21477595511-1536x841.jpg 1536w, \/teloaseguro\/wp-content\/uploads\/2022\/08\/shutterstock_21477595511-2048x1122.jpg 2048w\" sizes=\"(max-width: 2560px) 100vw, 2560px\" \/><\/p>\n","protected":false},"excerpt":{"rendered":"<p>Los cambios en las pol\u00edticas medioambientales se extienden a todos los \u00e1mbitos de la vida, entre ellos, la movilidad. Desplazarse<\/p>\n","protected":false},"author":7,"featured_media":85843,"comment_status":"closed","ping_status":"open","sticky":false,"template":"","format":"standard","meta":[],"categories":[5],"tags":[],"yoast_head":"<!-- This site is optimized with the Yoast SEO plugin v17.5 - https:\/\/yoast.com\/wordpress\/plugins\/seo\/ -->\n<title>Las restricciones a coches di\u00e9sel se endurecen en 2023 | Pelayo<\/title>\n<meta name=\"description\" content=\"Desplazarse en veh\u00edculos privados ser\u00e1 algo m\u00e1s complicado a partir de 2023 con el endurecimiento de las restricciones a los coches di\u00e9sel. \u00a1Inf\u00f3rmate!\" \/>\n<meta name=\"robots\" content=\"index, follow, max-snippet:-1, max-image-preview:large, max-video-preview:-1\" \/>\n<link rel=\"canonical\" href=\"https:\/\/www.pelayo.com\/teloaseguro\/coche-y-moto\/restricciones-coches-dieses-endurecen-2023\/\" \/>\n<meta property=\"og:locale\" content=\"es_ES\" \/>\n<meta property=\"og:type\" content=\"article\" \/>\n<meta property=\"og:title\" content=\"Las restricciones a coches di\u00e9sel se endurecen en 2023 | Pelayo\" \/>\n<meta property=\"og:description\" content=\"Desplazarse en veh\u00edculos privados ser\u00e1 algo m\u00e1s complicado a partir de 2023 con el endurecimiento de las restricciones a los coches di\u00e9sel. \u00a1Inf\u00f3rmate!\" \/>\n<meta property=\"og:url\" content=\"https:\/\/www.pelayo.com\/teloaseguro\/coche-y-moto\/restricciones-coches-dieses-endurecen-2023\/\" \/>\n<meta property=\"og:site_name\" content=\"Pelayo\" \/>\n<meta property=\"article:published_time\" content=\"2022-08-11T12:00:13+00:00\" \/>\n<meta property=\"article:modified_time\" content=\"2025-06-24T07:30:29+00:00\" \/>\n<meta property=\"og:image\" content=\"https:\/\/www.pelayo.com\/teloaseguro\/wp-content\/uploads\/2022\/08\/shutterstock_2147759551-scaled.jpg\" \/>\n\t<meta property=\"og:image:width\" content=\"2560\" \/>\n\t<meta property=\"og:image:height\" content=\"1707\" \/>\n<meta name=\"twitter:card\" content=\"summary_large_image\" \/>\n<meta name=\"twitter:label1\" content=\"Escrito por\" \/>\n\t<meta name=\"twitter:data1\" content=\"Seguros Pelayo\" \/>\n\t<meta name=\"twitter:label2\" content=\"Tiempo de lectura\" \/>\n\t<meta name=\"twitter:data2\" content=\"2 minutos\" \/>\n<script type=\"application\/ld+json\" class=\"yoast-schema-graph\">{\"@context\":\"https:\/\/schema.org\",\"@graph\":[{\"@type\":\"WebSite\",\"@id\":\"https:\/\/www.pelayo.com\/teloaseguro\/#website\",\"url\":\"https:\/\/www.pelayo.com\/teloaseguro\/\",\"name\":\"Pelayo\",\"description\":\"\",\"potentialAction\":[{\"@type\":\"SearchAction\",\"target\":{\"@type\":\"EntryPoint\",\"urlTemplate\":\"https:\/\/www.pelayo.com\/teloaseguro\/?s={search_term_string}\"},\"query-input\":\"required name=search_term_string\"}],\"inLanguage\":\"es\"},{\"@type\":\"ImageObject\",\"@id\":\"https:\/\/www.pelayo.com\/teloaseguro\/coche-y-moto\/restricciones-coches-dieses-endurecen-2023\/#primaryimage\",\"inLanguage\":\"es\",\"url\":\"\/teloaseguro\/wp-content\/uploads\/2022\/08\/shutterstock_2147759551-scaled.jpg\",\"contentUrl\":\"\/teloaseguro\/wp-content\/uploads\/2022\/08\/shutterstock_2147759551-scaled.jpg\",\"width\":2560,\"height\":1707,\"caption\":\"Restricciones coches di\\u00e9sel\"},{\"@type\":\"WebPage\",\"@id\":\"https:\/\/www.pelayo.com\/teloaseguro\/coche-y-moto\/restricciones-coches-dieses-endurecen-2023\/#webpage\",\"url\":\"https:\/\/www.pelayo.com\/teloaseguro\/coche-y-moto\/restricciones-coches-dieses-endurecen-2023\/\",\"name\":\"Las restricciones a coches di\\u00e9sel se endurecen en 2023 | Pelayo\",\"isPartOf\":{\"@id\":\"https:\/\/www.pelayo.com\/teloaseguro\/#website\"},\"primaryImageOfPage\":{\"@id\":\"https:\/\/www.pelayo.com\/teloaseguro\/coche-y-moto\/restricciones-coches-dieses-endurecen-2023\/#primaryimage\"},\"datePublished\":\"2022-08-11T12:00:13+00:00\",\"dateModified\":\"2025-06-24T07:30:29+00:00\",\"author\":{\"@id\":\"https:\/\/www.pelayo.com\/teloaseguro\/#\/schema\/person\/378d14d33c168734fd01fdad1cb58607\"},\"description\":\"Desplazarse en veh\\u00edculos privados ser\\u00e1 algo m\\u00e1s complicado a partir de 2023 con el endurecimiento de las restricciones a los coches di\\u00e9sel. \\u00a1Inf\\u00f3rmate!\",\"breadcrumb\":{\"@id\":\"https:\/\/www.pelayo.com\/teloaseguro\/coche-y-moto\/restricciones-coches-dieses-endurecen-2023\/#breadcrumb\"},\"inLanguage\":\"es\",\"potentialAction\":[{\"@type\":\"ReadAction\",\"target\":[\"https:\/\/www.pelayo.com\/teloaseguro\/coche-y-moto\/restricciones-coches-dieses-endurecen-2023\/\"]}]},{\"@type\":\"BreadcrumbList\",\"@id\":\"https:\/\/www.pelayo.com\/teloaseguro\/coche-y-moto\/restricciones-coches-dieses-endurecen-2023\/#breadcrumb\",\"itemListElement\":[{\"@type\":\"ListItem\",\"position\":1,\"name\":\"Portada\",\"item\":\"https:\/\/www.pelayo.com\/teloaseguro\/\"},{\"@type\":\"ListItem\",\"position\":2,\"name\":\"Las restricciones a los coches di\\u00e9sel se endurecen en 2023\"}]},{\"@type\":\"Person\",\"@id\":\"https:\/\/www.pelayo.com\/teloaseguro\/#\/schema\/person\/378d14d33c168734fd01fdad1cb58607\",\"name\":\"Seguros Pelayo\",\"image\":{\"@type\":\"ImageObject\",\"@id\":\"https:\/\/www.pelayo.com\/teloaseguro\/#personlogo\",\"inLanguage\":\"es\",\"url\":\"https:\/\/secure.gravatar.com\/avatar\/b9ab97b59c5b011e9e6b31499851eeef?s=96&d=mm&r=g\",\"contentUrl\":\"https:\/\/secure.gravatar.com\/avatar\/b9ab97b59c5b011e9e6b31499851eeef?s=96&d=mm&r=g\",\"caption\":\"Seguros Pelayo\"},\"url\":\"https:\/\/www.pelayo.com\/teloaseguro\/author\/dentsu\/\"}]}<\/script>\n<!-- \/ Yoast SEO plugin. -->","yoast_head_json":{"title":"Las restricciones a coches di\u00e9sel se endurecen en 2023 | Pelayo","description":"Desplazarse en veh\u00edculos privados ser\u00e1 algo m\u00e1s complicado a partir de 2023 con el endurecimiento de las restricciones a los coches di\u00e9sel. \u00a1Inf\u00f3rmate!","robots":{"index":"index","follow":"follow","max-snippet":"max-snippet:-1","max-image-preview":"max-image-preview:large","max-video-preview":"max-video-preview:-1"},"canonical":"https:\/\/www.pelayo.com\/teloaseguro\/coche-y-moto\/restricciones-coches-dieses-endurecen-2023\/","og_locale":"es_ES","og_type":"article","og_title":"Las restricciones a coches di\u00e9sel se endurecen en 2023 | Pelayo","og_description":"Desplazarse en veh\u00edculos privados ser\u00e1 algo m\u00e1s complicado a partir de 2023 con el endurecimiento de las restricciones a los coches di\u00e9sel. \u00a1Inf\u00f3rmate!","og_url":"https:\/\/www.pelayo.com\/teloaseguro\/coche-y-moto\/restricciones-coches-dieses-endurecen-2023\/","og_site_name":"Pelayo","article_published_time":"2022-08-11T12:00:13+00:00","article_modified_time":"2025-06-24T07:30:29+00:00","og_image":[{"width":2560,"height":1707,"url":"https:\/\/www.pelayo.com\/teloaseguro\/wp-content\/uploads\/2022\/08\/shutterstock_2147759551-scaled.jpg","type":"image\/jpeg"}],"twitter_card":"summary_large_image","twitter_misc":{"Escrito por":"Seguros Pelayo","Tiempo de lectura":"2 minutos"},"schema":{"@context":"https:\/\/schema.org","@graph":[{"@type":"WebSite","@id":"https:\/\/www.pelayo.com\/teloaseguro\/#website","url":"https:\/\/www.pelayo.com\/teloaseguro\/","name":"Pelayo","description":"","potentialAction":[{"@type":"SearchAction","target":{"@type":"EntryPoint","urlTemplate":"https:\/\/www.pelayo.com\/teloaseguro\/?s={search_term_string}"},"query-input":"required name=search_term_string"}],"inLanguage":"es"},{"@type":"ImageObject","@id":"https:\/\/www.pelayo.com\/teloaseguro\/coche-y-moto\/restricciones-coches-dieses-endurecen-2023\/#primaryimage","inLanguage":"es","url":"\/teloaseguro\/wp-content\/uploads\/2022\/08\/shutterstock_2147759551-scaled.jpg","contentUrl":"\/teloaseguro\/wp-content\/uploads\/2022\/08\/shutterstock_2147759551-scaled.jpg","width":2560,"height":1707,"caption":"Restricciones coches di\u00e9sel"},{"@type":"WebPage","@id":"https:\/\/www.pelayo.com\/teloaseguro\/coche-y-moto\/restricciones-coches-dieses-endurecen-2023\/#webpage","url":"https:\/\/www.pelayo.com\/teloaseguro\/coche-y-moto\/restricciones-coches-dieses-endurecen-2023\/","name":"Las restricciones a coches di\u00e9sel se endurecen en 2023 | Pelayo","isPartOf":{"@id":"https:\/\/www.pelayo.com\/teloaseguro\/#website"},"primaryImageOfPage":{"@id":"https:\/\/www.pelayo.com\/teloaseguro\/coche-y-moto\/restricciones-coches-dieses-endurecen-2023\/#primaryimage"},"datePublished":"2022-08-11T12:00:13+00:00","dateModified":"2025-06-24T07:30:29+00:00","author":{"@id":"https:\/\/www.pelayo.com\/teloaseguro\/#\/schema\/person\/378d14d33c168734fd01fdad1cb58607"},"description":"Desplazarse en veh\u00edculos privados ser\u00e1 algo m\u00e1s complicado a partir de 2023 con el endurecimiento de las restricciones a los coches di\u00e9sel. \u00a1Inf\u00f3rmate!","breadcrumb":{"@id":"https:\/\/www.pelayo.com\/teloaseguro\/coche-y-moto\/restricciones-coches-dieses-endurecen-2023\/#breadcrumb"},"inLanguage":"es","potentialAction":[{"@type":"ReadAction","target":["https:\/\/www.pelayo.com\/teloaseguro\/coche-y-moto\/restricciones-coches-dieses-endurecen-2023\/"]}]},{"@type":"BreadcrumbList","@id":"https:\/\/www.pelayo.com\/teloaseguro\/coche-y-moto\/restricciones-coches-dieses-endurecen-2023\/#breadcrumb","itemListElement":[{"@type":"ListItem","position":1,"name":"Portada","item":"https:\/\/www.pelayo.com\/teloaseguro\/"},{"@type":"ListItem","position":2,"name":"Las restricciones a los coches di\u00e9sel se endurecen en 2023"}]},{"@type":"Person","@id":"https:\/\/www.pelayo.com\/teloaseguro\/#\/schema\/person\/378d14d33c168734fd01fdad1cb58607","name":"Seguros Pelayo","image":{"@type":"ImageObject","@id":"https:\/\/www.pelayo.com\/teloaseguro\/#personlogo","inLanguage":"es","url":"https:\/\/secure.gravatar.com\/avatar\/b9ab97b59c5b011e9e6b31499851eeef?s=96&d=mm&r=g","contentUrl":"https:\/\/secure.gravatar.com\/avatar\/b9ab97b59c5b011e9e6b31499851eeef?s=96&d=mm&r=g","caption":"Seguros Pelayo"},"url":"https:\/\/www.pelayo.com\/teloaseguro\/author\/dentsu\/"}]}},"_links":{"self":[{"href":"https:\/\/www.pelayo.com\/teloaseguro\/wp-json\/wp\/v2\/posts\/85842"}],"collection":[{"href":"https:\/\/www.pelayo.com\/teloaseguro\/wp-json\/wp\/v2\/posts"}],"about":[{"href":"https:\/\/www.pelayo.com\/teloaseguro\/wp-json\/wp\/v2\/types\/post"}],"author":[{"embeddable":true,"href":"https:\/\/www.pelayo.com\/teloaseguro\/wp-json\/wp\/v2\/users\/7"}],"replies":[{"embeddable":true,"href":"https:\/\/www.pelayo.com\/teloaseguro\/wp-json\/wp\/v2\/comments?post=85842"}],"version-history":[{"count":1,"href":"https:\/\/www.pelayo.com\/teloaseguro\/wp-json\/wp\/v2\/posts\/85842\/revisions"}],"predecessor-version":[{"id":85845,"href":"https:\/\/www.pelayo.com\/teloaseguro\/wp-json\/wp\/v2\/posts\/85842\/revisions\/85845"}],"wp:featuredmedia":[{"embeddable":true,"href":"https:\/\/www.pelayo.com\/teloaseguro\/wp-json\/wp\/v2\/media\/85843"}],"wp:attachment":[{"href":"https:\/\/www.pelayo.com\/teloaseguro\/wp-json\/wp\/v2\/media?parent=85842"}],"wp:term":[{"taxonomy":"category","embeddable":true,"href":"https:\/\/www.pelayo.com\/teloaseguro\/wp-json\/wp\/v2\/categories?post=85842"},{"taxonomy":"post_tag","embeddable":true,"href":"https:\/\/www.pelayo.com\/teloaseguro\/wp-json\/wp\/v2\/tags?post=85842"}],"curies":[{"name":"wp","href":"https:\/\/api.w.org\/{rel}","templated":true}]}}