{"id":85654,"date":"2022-02-24T11:55:06","date_gmt":"2022-02-24T11:55:06","guid":{"rendered":"https:\/\/www.pelayo.com\/teloaseguro\/?p=85654"},"modified":"2022-02-24T11:55:06","modified_gmt":"2022-02-24T11:55:06","slug":"que-es-caja-negra-coche-mitos-realidades","status":"publish","type":"post","link":"https:\/\/www.pelayo.com\/teloaseguro\/coche-y-moto\/que-es-caja-negra-coche-mitos-realidades\/","title":{"rendered":"\u00bfQu\u00e9 es la caja negra del coche? Mitos y realidades"},"content":{"rendered":"<p><b><span data-contrast=\"auto\">A partir del pr\u00f3ximo 6 de julio los turismos de nueva homologaci\u00f3n deber\u00e1n incorporar una caja negra. Ser\u00e1 un requisito imprescindible para circular por Europa y tendr\u00e1 como objetivo reducir el n\u00famero de accidentes mortales en carretera.<\/span><\/b><span data-ccp-props=\"{&quot;201341983&quot;:0,&quot;335559739&quot;:160,&quot;335559740&quot;:240}\">\u00a0<\/span><\/p>\n<p><span data-contrast=\"auto\">La caja negra del coche tendr\u00e1 el tama\u00f1o de un m\u00f3vil e ir\u00e1 ubicada en la parte de abajo del asiento del conductor. Su funci\u00f3n ser\u00e1 la de monitorizar de forma ininterrumpida par\u00e1metros como las revoluciones del motor, la velocidad o los movimientos del volante. En caso de accidente, este dispositivo<strong> permitir\u00e1 acceder a los datos de 30 segundos antes y 5 segundos despu\u00e9s del siniestro,<\/strong> ayudando a esclarecer las causas de lo sucedido.<\/span><span data-ccp-props=\"{&quot;201341983&quot;:0,&quot;335559739&quot;:160,&quot;335559740&quot;:240}\">\u00a0<\/span><\/p>\n<h2 aria-level=\"2\"><span data-contrast=\"none\">\u00bfLa caja negra nos esp\u00eda?<\/span><span data-ccp-props=\"{&quot;134233117&quot;:true,&quot;134233118&quot;:true,&quot;201341983&quot;:0,&quot;335551550&quot;:6,&quot;335551620&quot;:6,&quot;335559740&quot;:240}\">\u00a0<\/span><\/h2>\n<p><span data-contrast=\"auto\">La obligatoriedad de que los nuevos veh\u00edculos incorporen un registrador de datos o EDR (Event Data Recorder, en ingl\u00e9s) est\u00e1 generando algunas dudas entre los conductores. \u00bfCompromete de alguna manera nuestra libertad o privacidad?<\/span><span data-ccp-props=\"{&quot;201341983&quot;:0,&quot;335559739&quot;:160,&quot;335559740&quot;:240}\">\u00a0<\/span><\/p>\n<p><span data-contrast=\"auto\">Pese a los rumores de que la caja negra es una forma encubierta de control, nada m\u00e1s lejos de la realidad. Si bien es cierto que este aparato puede registrar hasta 15 tipos de par\u00e1metros diferentes relacionados con la conducci\u00f3n, <strong>todos los datos se procesan de forma an\u00f3nima y en ning\u00fan caso se facilita informaci\u00f3n personal del conductor.\u00a0<\/strong><\/span><strong>\u00a0<\/strong><\/p>\n<p><span data-contrast=\"auto\">El EDR tampoco graba las conversaciones que se producen en el interior del veh\u00edculo ni es capaz de identificar a sus pasajeros. Los datos recopilados se registran y se sobrescriben en bucle, sin opci\u00f3n de almacenar m\u00e1s que lo estrictamente necesario.\u00a0<\/span><span data-ccp-props=\"{&quot;201341983&quot;:0,&quot;335559739&quot;:160,&quot;335559740&quot;:240}\">\u00a0<\/span><\/p>\n<h2 aria-level=\"2\"><span data-contrast=\"none\">\u00bfPueden las aseguradoras acceder a los datos de la caja negra?<\/span><span data-ccp-props=\"{&quot;134233117&quot;:true,&quot;134233118&quot;:true,&quot;201341983&quot;:0,&quot;335551550&quot;:6,&quot;335551620&quot;:6,&quot;335559740&quot;:240}\">\u00a0<\/span><\/h2>\n<p><span data-contrast=\"auto\">Solo las autoridades competentes, y en caso de accidente, tendr\u00e1n acceso a los datos de los registradores. Se emplear\u00e1n con el objetivo de elaborar informes sobre seguridad vial para poner en marcha medidas que reduzcan la siniestralidad y analizar el alcance de las que ya est\u00e1n en funcionamiento.\u00a0<\/span><span data-ccp-props=\"{&quot;201341983&quot;:0,&quot;335559739&quot;:160,&quot;335559740&quot;:240}\">\u00a0<\/span><\/p>\n<p><span data-contrast=\"auto\">Ni siquiera en el caso de que se abriera un proceso judicial, las compa\u00f1\u00edas aseguradoras podr\u00edan solicitar acceso a dicha informaci\u00f3n. <strong>La caja negra no est\u00e1 pensada como un dispositivo para determinar c\u00f3mo se aplican las cl\u00e1usulas de un <\/strong><\/span><strong><a href=\"https:\/\/www.pelayo.com\/seguros-coche\">seguro de coche<\/a><\/strong><span data-contrast=\"auto\">. No en vano, si las autoridades de tr\u00e1fico la revelan como parte del juicio, estas podr\u00edan emplearla como prueba para eximirse de responsabilidades, si as\u00ed procediera.\u00a0<\/span><span data-ccp-props=\"{&quot;201341983&quot;:0,&quot;335559739&quot;:160,&quot;335559740&quot;:240}\">\u00a0<\/span><\/p>\n<p><img loading=\"lazy\" class=\"wp-image-85656 size-full\" src=\"\/teloaseguro\/wp-content\/uploads\/2022\/02\/man-driving-car-from-rear-view1-scaled.jpg\" alt=\"\" width=\"2560\" height=\"1415\" srcset=\"\/teloaseguro\/wp-content\/uploads\/2022\/02\/man-driving-car-from-rear-view1-scaled.jpg 2560w, \/teloaseguro\/wp-content\/uploads\/2022\/02\/man-driving-car-from-rear-view1-300x166.jpg 300w, \/teloaseguro\/wp-content\/uploads\/2022\/02\/man-driving-car-from-rear-view1-1024x566.jpg 1024w, \/teloaseguro\/wp-content\/uploads\/2022\/02\/man-driving-car-from-rear-view1-768x425.jpg 768w, \/teloaseguro\/wp-content\/uploads\/2022\/02\/man-driving-car-from-rear-view1-1536x849.jpg 1536w, \/teloaseguro\/wp-content\/uploads\/2022\/02\/man-driving-car-from-rear-view1-2048x1132.jpg 2048w\" sizes=\"(max-width: 2560px) 100vw, 2560px\" \/><\/p>\n","protected":false},"excerpt":{"rendered":"<p>A partir del pr\u00f3ximo 6 de julio los turismos de nueva homologaci\u00f3n deber\u00e1n incorporar una caja negra. Ser\u00e1 un requisito<\/p>\n","protected":false},"author":7,"featured_media":85655,"comment_status":"closed","ping_status":"open","sticky":false,"template":"","format":"standard","meta":[],"categories":[5],"tags":[20,32,89,4],"yoast_head":"<!-- This site is optimized with the Yoast SEO plugin v17.5 - https:\/\/yoast.com\/wordpress\/plugins\/seo\/ -->\n<title>\u00bfQu\u00e9 es la caja negra del coche? Mitos y realidades | Pelayo<\/title>\n<meta name=\"description\" content=\"A partir del 6 de julio de 2022 los coches de nueva homologaci\u00f3n deber\u00e1n llevar una caja negra. \u00bfQu\u00e9 es y cu\u00e1les son sus funciones? \u00a1Apunta!\" \/>\n<meta name=\"robots\" content=\"index, follow, max-snippet:-1, max-image-preview:large, max-video-preview:-1\" \/>\n<link rel=\"canonical\" href=\"https:\/\/www.pelayo.com\/teloaseguro\/coche-y-moto\/que-es-caja-negra-coche-mitos-realidades\/\" \/>\n<meta property=\"og:locale\" content=\"es_ES\" \/>\n<meta property=\"og:type\" content=\"article\" \/>\n<meta property=\"og:title\" content=\"\u00bfQu\u00e9 es la caja negra del coche? Mitos y realidades | Pelayo\" \/>\n<meta property=\"og:description\" content=\"A partir del 6 de julio de 2022 los coches de nueva homologaci\u00f3n deber\u00e1n llevar una caja negra. \u00bfQu\u00e9 es y cu\u00e1les son sus funciones? \u00a1Apunta!\" \/>\n<meta property=\"og:url\" content=\"https:\/\/www.pelayo.com\/teloaseguro\/coche-y-moto\/que-es-caja-negra-coche-mitos-realidades\/\" \/>\n<meta property=\"og:site_name\" content=\"Pelayo\" \/>\n<meta property=\"article:published_time\" content=\"2022-02-24T11:55:06+00:00\" \/>\n<meta property=\"og:image\" content=\"https:\/\/www.pelayo.com\/teloaseguro\/wp-content\/uploads\/2022\/02\/man-driving-car-from-rear-view-scaled.jpg\" \/>\n\t<meta property=\"og:image:width\" content=\"2560\" \/>\n\t<meta property=\"og:image:height\" content=\"1709\" \/>\n<meta name=\"twitter:card\" content=\"summary_large_image\" \/>\n<meta name=\"twitter:label1\" content=\"Escrito por\" \/>\n\t<meta name=\"twitter:data1\" content=\"Seguros Pelayo\" \/>\n\t<meta name=\"twitter:label2\" content=\"Tiempo de lectura\" \/>\n\t<meta name=\"twitter:data2\" content=\"2 minutos\" \/>\n<script type=\"application\/ld+json\" class=\"yoast-schema-graph\">{\"@context\":\"https:\/\/schema.org\",\"@graph\":[{\"@type\":\"WebSite\",\"@id\":\"https:\/\/www.pelayo.com\/teloaseguro\/#website\",\"url\":\"https:\/\/www.pelayo.com\/teloaseguro\/\",\"name\":\"Pelayo\",\"description\":\"\",\"potentialAction\":[{\"@type\":\"SearchAction\",\"target\":{\"@type\":\"EntryPoint\",\"urlTemplate\":\"https:\/\/www.pelayo.com\/teloaseguro\/?s={search_term_string}\"},\"query-input\":\"required name=search_term_string\"}],\"inLanguage\":\"es\"},{\"@type\":\"ImageObject\",\"@id\":\"https:\/\/www.pelayo.com\/teloaseguro\/coche-y-moto\/que-es-caja-negra-coche-mitos-realidades\/#primaryimage\",\"inLanguage\":\"es\",\"url\":\"\/teloaseguro\/wp-content\/uploads\/2022\/02\/man-driving-car-from-rear-view-scaled.jpg\",\"contentUrl\":\"\/teloaseguro\/wp-content\/uploads\/2022\/02\/man-driving-car-from-rear-view-scaled.jpg\",\"width\":2560,\"height\":1709,\"caption\":\"man driving car from rear view on the highway.\"},{\"@type\":\"WebPage\",\"@id\":\"https:\/\/www.pelayo.com\/teloaseguro\/coche-y-moto\/que-es-caja-negra-coche-mitos-realidades\/#webpage\",\"url\":\"https:\/\/www.pelayo.com\/teloaseguro\/coche-y-moto\/que-es-caja-negra-coche-mitos-realidades\/\",\"name\":\"\\u00bfQu\\u00e9 es la caja negra del coche? Mitos y realidades | Pelayo\",\"isPartOf\":{\"@id\":\"https:\/\/www.pelayo.com\/teloaseguro\/#website\"},\"primaryImageOfPage\":{\"@id\":\"https:\/\/www.pelayo.com\/teloaseguro\/coche-y-moto\/que-es-caja-negra-coche-mitos-realidades\/#primaryimage\"},\"datePublished\":\"2022-02-24T11:55:06+00:00\",\"dateModified\":\"2022-02-24T11:55:06+00:00\",\"author\":{\"@id\":\"https:\/\/www.pelayo.com\/teloaseguro\/#\/schema\/person\/378d14d33c168734fd01fdad1cb58607\"},\"description\":\"A partir del 6 de julio de 2022 los coches de nueva homologaci\\u00f3n deber\\u00e1n llevar una caja negra. \\u00bfQu\\u00e9 es y cu\\u00e1les son sus funciones? \\u00a1Apunta!\",\"breadcrumb\":{\"@id\":\"https:\/\/www.pelayo.com\/teloaseguro\/coche-y-moto\/que-es-caja-negra-coche-mitos-realidades\/#breadcrumb\"},\"inLanguage\":\"es\",\"potentialAction\":[{\"@type\":\"ReadAction\",\"target\":[\"https:\/\/www.pelayo.com\/teloaseguro\/coche-y-moto\/que-es-caja-negra-coche-mitos-realidades\/\"]}]},{\"@type\":\"BreadcrumbList\",\"@id\":\"https:\/\/www.pelayo.com\/teloaseguro\/coche-y-moto\/que-es-caja-negra-coche-mitos-realidades\/#breadcrumb\",\"itemListElement\":[{\"@type\":\"ListItem\",\"position\":1,\"name\":\"Portada\",\"item\":\"https:\/\/www.pelayo.com\/teloaseguro\/\"},{\"@type\":\"ListItem\",\"position\":2,\"name\":\"\\u00bfQu\\u00e9 es la caja negra del coche? Mitos y realidades\"}]},{\"@type\":\"Person\",\"@id\":\"https:\/\/www.pelayo.com\/teloaseguro\/#\/schema\/person\/378d14d33c168734fd01fdad1cb58607\",\"name\":\"Seguros Pelayo\",\"image\":{\"@type\":\"ImageObject\",\"@id\":\"https:\/\/www.pelayo.com\/teloaseguro\/#personlogo\",\"inLanguage\":\"es\",\"url\":\"https:\/\/secure.gravatar.com\/avatar\/b9ab97b59c5b011e9e6b31499851eeef?s=96&d=mm&r=g\",\"contentUrl\":\"https:\/\/secure.gravatar.com\/avatar\/b9ab97b59c5b011e9e6b31499851eeef?s=96&d=mm&r=g\",\"caption\":\"Seguros Pelayo\"},\"url\":\"https:\/\/www.pelayo.com\/teloaseguro\/author\/dentsu\/\"}]}<\/script>\n<!-- \/ Yoast SEO plugin. -->","yoast_head_json":{"title":"\u00bfQu\u00e9 es la caja negra del coche? Mitos y realidades | Pelayo","description":"A partir del 6 de julio de 2022 los coches de nueva homologaci\u00f3n deber\u00e1n llevar una caja negra. \u00bfQu\u00e9 es y cu\u00e1les son sus funciones? \u00a1Apunta!","robots":{"index":"index","follow":"follow","max-snippet":"max-snippet:-1","max-image-preview":"max-image-preview:large","max-video-preview":"max-video-preview:-1"},"canonical":"https:\/\/www.pelayo.com\/teloaseguro\/coche-y-moto\/que-es-caja-negra-coche-mitos-realidades\/","og_locale":"es_ES","og_type":"article","og_title":"\u00bfQu\u00e9 es la caja negra del coche? Mitos y realidades | Pelayo","og_description":"A partir del 6 de julio de 2022 los coches de nueva homologaci\u00f3n deber\u00e1n llevar una caja negra. \u00bfQu\u00e9 es y cu\u00e1les son sus funciones? \u00a1Apunta!","og_url":"https:\/\/www.pelayo.com\/teloaseguro\/coche-y-moto\/que-es-caja-negra-coche-mitos-realidades\/","og_site_name":"Pelayo","article_published_time":"2022-02-24T11:55:06+00:00","og_image":[{"width":2560,"height":1709,"url":"https:\/\/www.pelayo.com\/teloaseguro\/wp-content\/uploads\/2022\/02\/man-driving-car-from-rear-view-scaled.jpg","type":"image\/jpeg"}],"twitter_card":"summary_large_image","twitter_misc":{"Escrito por":"Seguros Pelayo","Tiempo de lectura":"2 minutos"},"schema":{"@context":"https:\/\/schema.org","@graph":[{"@type":"WebSite","@id":"https:\/\/www.pelayo.com\/teloaseguro\/#website","url":"https:\/\/www.pelayo.com\/teloaseguro\/","name":"Pelayo","description":"","potentialAction":[{"@type":"SearchAction","target":{"@type":"EntryPoint","urlTemplate":"https:\/\/www.pelayo.com\/teloaseguro\/?s={search_term_string}"},"query-input":"required name=search_term_string"}],"inLanguage":"es"},{"@type":"ImageObject","@id":"https:\/\/www.pelayo.com\/teloaseguro\/coche-y-moto\/que-es-caja-negra-coche-mitos-realidades\/#primaryimage","inLanguage":"es","url":"\/teloaseguro\/wp-content\/uploads\/2022\/02\/man-driving-car-from-rear-view-scaled.jpg","contentUrl":"\/teloaseguro\/wp-content\/uploads\/2022\/02\/man-driving-car-from-rear-view-scaled.jpg","width":2560,"height":1709,"caption":"man driving car from rear view on the highway."},{"@type":"WebPage","@id":"https:\/\/www.pelayo.com\/teloaseguro\/coche-y-moto\/que-es-caja-negra-coche-mitos-realidades\/#webpage","url":"https:\/\/www.pelayo.com\/teloaseguro\/coche-y-moto\/que-es-caja-negra-coche-mitos-realidades\/","name":"\u00bfQu\u00e9 es la caja negra del coche? Mitos y realidades | Pelayo","isPartOf":{"@id":"https:\/\/www.pelayo.com\/teloaseguro\/#website"},"primaryImageOfPage":{"@id":"https:\/\/www.pelayo.com\/teloaseguro\/coche-y-moto\/que-es-caja-negra-coche-mitos-realidades\/#primaryimage"},"datePublished":"2022-02-24T11:55:06+00:00","dateModified":"2022-02-24T11:55:06+00:00","author":{"@id":"https:\/\/www.pelayo.com\/teloaseguro\/#\/schema\/person\/378d14d33c168734fd01fdad1cb58607"},"description":"A partir del 6 de julio de 2022 los coches de nueva homologaci\u00f3n deber\u00e1n llevar una caja negra. \u00bfQu\u00e9 es y cu\u00e1les son sus funciones? \u00a1Apunta!","breadcrumb":{"@id":"https:\/\/www.pelayo.com\/teloaseguro\/coche-y-moto\/que-es-caja-negra-coche-mitos-realidades\/#breadcrumb"},"inLanguage":"es","potentialAction":[{"@type":"ReadAction","target":["https:\/\/www.pelayo.com\/teloaseguro\/coche-y-moto\/que-es-caja-negra-coche-mitos-realidades\/"]}]},{"@type":"BreadcrumbList","@id":"https:\/\/www.pelayo.com\/teloaseguro\/coche-y-moto\/que-es-caja-negra-coche-mitos-realidades\/#breadcrumb","itemListElement":[{"@type":"ListItem","position":1,"name":"Portada","item":"https:\/\/www.pelayo.com\/teloaseguro\/"},{"@type":"ListItem","position":2,"name":"\u00bfQu\u00e9 es la caja negra del coche? Mitos y realidades"}]},{"@type":"Person","@id":"https:\/\/www.pelayo.com\/teloaseguro\/#\/schema\/person\/378d14d33c168734fd01fdad1cb58607","name":"Seguros Pelayo","image":{"@type":"ImageObject","@id":"https:\/\/www.pelayo.com\/teloaseguro\/#personlogo","inLanguage":"es","url":"https:\/\/secure.gravatar.com\/avatar\/b9ab97b59c5b011e9e6b31499851eeef?s=96&d=mm&r=g","contentUrl":"https:\/\/secure.gravatar.com\/avatar\/b9ab97b59c5b011e9e6b31499851eeef?s=96&d=mm&r=g","caption":"Seguros Pelayo"},"url":"https:\/\/www.pelayo.com\/teloaseguro\/author\/dentsu\/"}]}},"_links":{"self":[{"href":"https:\/\/www.pelayo.com\/teloaseguro\/wp-json\/wp\/v2\/posts\/85654"}],"collection":[{"href":"https:\/\/www.pelayo.com\/teloaseguro\/wp-json\/wp\/v2\/posts"}],"about":[{"href":"https:\/\/www.pelayo.com\/teloaseguro\/wp-json\/wp\/v2\/types\/post"}],"author":[{"embeddable":true,"href":"https:\/\/www.pelayo.com\/teloaseguro\/wp-json\/wp\/v2\/users\/7"}],"replies":[{"embeddable":true,"href":"https:\/\/www.pelayo.com\/teloaseguro\/wp-json\/wp\/v2\/comments?post=85654"}],"version-history":[{"count":2,"href":"https:\/\/www.pelayo.com\/teloaseguro\/wp-json\/wp\/v2\/posts\/85654\/revisions"}],"predecessor-version":[{"id":85658,"href":"https:\/\/www.pelayo.com\/teloaseguro\/wp-json\/wp\/v2\/posts\/85654\/revisions\/85658"}],"wp:featuredmedia":[{"embeddable":true,"href":"https:\/\/www.pelayo.com\/teloaseguro\/wp-json\/wp\/v2\/media\/85655"}],"wp:attachment":[{"href":"https:\/\/www.pelayo.com\/teloaseguro\/wp-json\/wp\/v2\/media?parent=85654"}],"wp:term":[{"taxonomy":"category","embeddable":true,"href":"https:\/\/www.pelayo.com\/teloaseguro\/wp-json\/wp\/v2\/categories?post=85654"},{"taxonomy":"post_tag","embeddable":true,"href":"https:\/\/www.pelayo.com\/teloaseguro\/wp-json\/wp\/v2\/tags?post=85654"}],"curies":[{"name":"wp","href":"https:\/\/api.w.org\/{rel}","templated":true}]}}