{"id":85155,"date":"2021-10-18T07:01:13","date_gmt":"2021-10-18T07:01:13","guid":{"rendered":"https:\/\/web-test-content-dentsu.es\/pelayo\/?p=85155"},"modified":"2025-08-20T10:33:47","modified_gmt":"2025-08-20T10:33:47","slug":"dia-mundial-de-la-lucha-contra-el-cancer-de-mama-la-lucha-que-no-cesa","status":"publish","type":"post","link":"https:\/\/www.pelayo.com\/teloaseguro\/vida-y-salud\/dia-mundial-de-la-lucha-contra-el-cancer-de-mama-la-lucha-que-no-cesa\/","title":{"rendered":"D\u00eda Mundial de la Lucha contra el C\u00e1ncer de Mama: La lucha que no cesa"},"content":{"rendered":"<p><span data-contrast=\"none\">El pr\u00f3ximo\u00a019 de octubre\u00a0se celebra\u00a0el D\u00eda Mundial de la Lucha contra el C\u00e1ncer de Mama\u00a0y por eso queremos repasar algunas cifras sobre esta enfermedad, su evoluci\u00f3n y avances.<\/span><span data-ccp-props=\"{&quot;201341983&quot;:0,&quot;335551550&quot;:6,&quot;335551620&quot;:6,&quot;335559739&quot;:160,&quot;335559740&quot;:259}\">\u00a0<\/span><\/p>\n<p><b><span data-contrast=\"none\">El c\u00e1ncer de mama es el tumor m\u00e1s diagnosticado del mundo<\/span><\/b><span data-contrast=\"none\">, superando al c\u00e1ncer de pulm\u00f3n, seg\u00fan datos publicados en 2021 por el Centro de Investigaciones sobre el c\u00e1ncer\u00a0y superando en mortalidad las enfermedades cardiovasculares, seg\u00fan la SEOM, Sociedad Espa\u00f1ola de Oncolog\u00eda M\u00e9dica, convirti\u00e9ndolo en la quinta causa principal de mortalidad a nivel mundial con 685.000 muertes en 2020.\u00a0<\/span><\/p>\n<p><span data-contrast=\"none\">Por su parte, la\u00a0(AECC)\u00a0afirma que\u00a0<\/span><b><span data-contrast=\"none\">el c\u00e1ncer de mama\u00a0en Espa\u00f1a\u00a0se sit\u00faa en\u00a0segundo\u00a0lugar con 34.088\u00a0nuevos\u00a0casos\u00a0en 2020<\/span><\/b><span data-contrast=\"none\">. El 30% de los c\u00e1nceres diagnosticados en mujeres se originan en la mama y desde el 2012\u00a0este\u00a0c\u00e1ncer ha sufrido un\u00a0incremento del 7,5% desde el 2012,\u00a0por delante del c\u00e1ncer colorrectal, de \u00fatero, de pulm\u00f3n y de ovario.\u00a0<\/span><span data-ccp-props=\"{&quot;201341983&quot;:0,&quot;335551550&quot;:6,&quot;335551620&quot;:6,&quot;335559739&quot;:160,&quot;335559740&quot;:259}\">\u00a0<\/span><\/p>\n<p><span data-contrast=\"none\">Aunque se estima que\u00a0el riesgo de padecer <a href=\"https:\/\/www.pelayo.com\/teloaseguro\/patrocinios\/kata-en-dia-mundial-cancer-mama\/\">c\u00e1ncer de mama<\/a> a lo largo de\u00a0nuestra\u00a0vida\u00a0ser\u00e1 de\u00a0uno\u00a0de cada\u00a0ocho\u00a0mujeres,<\/span><b><span data-contrast=\"none\">\u00a0las tasas de supervivencia son\u00a0superiores\u00a0al 90% a los\u00a0cinco\u00a0a\u00f1os<\/span><\/b><span data-contrast=\"none\">,\u00a0gracias a las t\u00e9cnicas de detecci\u00f3n temprana, por lo que,\u00a0de cada 100 mujeres diagnosticadas, 90 seguir\u00e1n\u00a0con vida\u00a0cinco\u00a0a\u00f1os despu\u00e9s de su detecci\u00f3n.\u00a0A nivel mundial los datos son m\u00e1s prometedores,\u00a0ya que el n\u00famero total de personas que est\u00e1n vivas a los\u00a0cinco a\u00f1os posteriores a un diagn\u00f3stico de c\u00e1ncer es de 50,6 millones.\u00a0<\/span><\/p>\n<p><span data-contrast=\"none\">Pero el informe que recoge los datos GLOBOCAN 2020 de 185 pa\u00edses y 36 tipos de c\u00e1ncer, apunta a que\u00a0<\/span><b><span data-contrast=\"none\">una\u00a0de cada\u00a0cinco\u00a0personas en todo el mundo desarrollar\u00e1\u00a0c\u00e1ncer a lo largo de su vida<\/span><\/b><span data-contrast=\"none\">, y que uno de cada\u00a0ocho hombres y una de cada once mujeres fallecen a causa de la enfermedad.\u00a0<\/span><span data-ccp-props=\"{&quot;201341983&quot;:0,&quot;335551550&quot;:6,&quot;335551620&quot;:6,&quot;335559739&quot;:160,&quot;335559740&quot;:259}\">\u00a0<\/span><\/p>\n<p><b><span data-contrast=\"none\">El\u00a0coste medio que supone\u00a0hacer frente a un c\u00e1ncer de mama\u00a0ronda los\u00a042.000\u20ac<\/span><\/b><span data-contrast=\"none\">\u00a0entre gastos directos, ocultos y p\u00e9rdida de ingresos\u00a0seg\u00fan la AECC. Esto se debe a\u00a0que un 34% de las\u00a0afectadas\u00a0han perdido o dejado su trabajo\u00a0por\u00a0causa de la enfermedad y\u00a0un\u00a042% han perdido casi todos sus ingresos,\u00a0provocando\u00a0una situaci\u00f3n econ\u00f3mica\u00a0muy delicada\u00a0en el 21% de los hogares espa\u00f1oles,\u00a0que con la\u00a0pandemia se ha intensificado, aumentando\u00a0hasta el 50% en el primer caso y hasta casi el 30% en el segundo.\u00a0De hecho, el c\u00e1ncer fue la tercera causa de mortalidad en Espa\u00f1a en el 2020.<\/span><span data-ccp-props=\"{&quot;201341983&quot;:0,&quot;335551550&quot;:6,&quot;335551620&quot;:6,&quot;335559739&quot;:160,&quot;335559740&quot;:259}\">\u00a0<\/span><\/p>\n<p><span data-contrast=\"none\">Este tipo de tumor suele aparecer\u00a0entre los 35 y los 80 a\u00f1os, pero tiene su\u00a0<\/span><b><span data-contrast=\"none\">mayor franja de incidencia entre los 45 y los 65 a\u00f1os. <\/span><\/b>Esto es<span data-contrast=\"none\"> debido principalmente a los cambios hormonales que se producen en ese per\u00edodo. El aumento de la esperanza de vida tambi\u00e9n es un factor determinante en el desarrollo de esta enfermedad. Hay m\u00e1s posibilidades de presentar fallos en los mecanismos de reparaci\u00f3n del ADN y a la acumulaci\u00f3n en el tiempo de exposici\u00f3n a factores de riesgo como sedentarismo, tabaco, alcohol, obesidad u otros.<\/span><\/p>\n<p><span data-contrast=\"none\">Teniendo en cuenta todos estos datos y a pesar de todos los avances en investigaci\u00f3n y detecci\u00f3n temprana de la enfermedad,\u00a0resulta imprescindible poder\u00a0garantizarnos a nosotras y a los nuestros\u00a0la m\u00e1xima\u00a0tranquilidad en el futuro.\u00a0<\/span><span data-ccp-props=\"{&quot;201341983&quot;:0,&quot;335551550&quot;:6,&quot;335551620&quot;:6,&quot;335559739&quot;:160,&quot;335559740&quot;:259}\">\u00a0<\/span><\/p>\n<p><span data-contrast=\"none\">Desde\u00a0<\/span><b><span data-contrast=\"none\">Pelayo<\/span><\/b><span data-contrast=\"none\"> insistimos en la importancia que tienen las revisiones peri\u00f3dicas y en el caso del c\u00e1ncer de mama suponen una gran diferencia, ya que una detecci\u00f3n temprana puede ser una victoria y por eso recomendamos a todas las mujeres, sin importar la edad, que acudan regularmente a su ginec\u00f3logo y especialista. Con todo, sabemos que muchas veces esos controles regulares no son suficientes. Y por eso hay que estar preparados por si el escenario no es el que esper\u00e1bamos y desarrollamos alguna enfermedad femenina.<\/span><span data-ccp-props=\"{&quot;201341983&quot;:0,&quot;335551550&quot;:6,&quot;335551620&quot;:6,&quot;335559739&quot;:160,&quot;335559740&quot;:259}\">\u00a0<\/span><\/p>\n<p><span data-contrast=\"none\">En estos casos\u00a0<\/span><b><span data-contrast=\"none\">tener un seguro de vida espec\u00edfico femenino se\u00a0convierte en primordial<\/span><\/b><span data-contrast=\"none\">. Y este es el caso del\u00a0<\/span><a href=\"https:\/\/www.pelayo.com\/seguros-vida\/mujer\"><b><span data-contrast=\"none\">seguro Vida Mujer<\/span><\/b><\/a><span data-contrast=\"none\">\u00a0de\u00a0<\/span><b><span data-contrast=\"none\">Pelayo Vida<\/span><\/b><span data-contrast=\"none\">. Un seguro de vida que apoya totalmente a la mujer en cualquier circunstancia de salud en la que se encuentre,\u00a0incluyendo el c\u00e1ncer de mama\u00a0con\u00a0todas las\u00a0garant\u00edas, cobertura y servicios en\u00a0esta delicada situaci\u00f3n. Y es que el seguro Vida Mujer de Pelayo Vida, adem\u00e1s de las habituales coberturas que te ofrece un seguro como fallecimiento e invalidez por accidente, o por cualquier otra causa, en el caso de padecer alg\u00fan c\u00e1ncer femenino, contempla el pago de un capital. Adem\u00e1s, una vez abonada la prestaci\u00f3n por la contingencia del c\u00e1ncer femenino, se mantendr\u00e1 el contrato en vigor para el resto de\u00a0coberturas\u00a0contratadas.\u00a0<\/span><span data-ccp-props=\"{&quot;201341983&quot;:0,&quot;335551550&quot;:6,&quot;335551620&quot;:6,&quot;335559739&quot;:160,&quot;335559740&quot;:259}\">\u00a0<\/span><\/p>\n<p><span data-contrast=\"none\">As\u00ed, tendr\u00e1s la tranquilidad de estar asegurada, sea cual sea tu diagn\u00f3stico.<\/span><span data-ccp-props=\"{&quot;201341983&quot;:0,&quot;335551550&quot;:6,&quot;335551620&quot;:6,&quot;335559739&quot;:160,&quot;335559740&quot;:259}\">\u00a0<\/span><\/p>\n<p><span data-contrast=\"none\">Y recuerda:\u00a0<\/span><b><span data-contrast=\"none\">en Pelayo Vida estamos a tu disposici\u00f3n para ofrecerte el mejor asesoramiento<\/span><\/b><span data-contrast=\"none\">.\u00a0<\/span><span data-ccp-props=\"{&quot;201341983&quot;:0,&quot;335551550&quot;:6,&quot;335551620&quot;:6,&quot;335559739&quot;:160,&quot;335559740&quot;:259}\">\u00a0<\/span><\/p>\n<p><img loading=\"lazy\" class=\"aligncenter wp-image-85156 size-full\" src=\"https:\/\/web-test-content-dentsu.es\/pelayo\/wp-content\/uploads\/2021\/10\/shutterstock_1505793707-scaled.jpg\" alt=\"\" width=\"2560\" height=\"1125\" srcset=\"\/teloaseguro\/wp-content\/uploads\/2021\/10\/shutterstock_1505793707-scaled.jpg 2560w, \/teloaseguro\/wp-content\/uploads\/2021\/10\/shutterstock_1505793707-300x132.jpg 300w, \/teloaseguro\/wp-content\/uploads\/2021\/10\/shutterstock_1505793707-1024x450.jpg 1024w, \/teloaseguro\/wp-content\/uploads\/2021\/10\/shutterstock_1505793707-768x338.jpg 768w, \/teloaseguro\/wp-content\/uploads\/2021\/10\/shutterstock_1505793707-1536x675.jpg 1536w, \/teloaseguro\/wp-content\/uploads\/2021\/10\/shutterstock_1505793707-2048x900.jpg 2048w\" sizes=\"(max-width: 2560px) 100vw, 2560px\" \/><\/p>\n","protected":false},"excerpt":{"rendered":"<p>El pr\u00f3ximo\u00a019 de octubre\u00a0se celebra\u00a0el D\u00eda Mundial de la Lucha contra el C\u00e1ncer de Mama\u00a0y por eso queremos repasar algunas<\/p>\n","protected":false},"author":7,"featured_media":85156,"comment_status":"closed","ping_status":"open","sticky":false,"template":"","format":"standard","meta":[],"categories":[6,2],"tags":[10,55,50,13],"yoast_head":"<!-- This site is optimized with the Yoast SEO plugin v17.5 - https:\/\/yoast.com\/wordpress\/plugins\/seo\/ -->\n<title>D\u00eda Mundial de la Lucha contra el C\u00e1ncer de Mama | Pelayo<\/title>\n<meta name=\"description\" content=\"El 4 de febrero se celebra el D\u00eda Mundial contra el C\u00e1ncer para concienciar sobre la prevenci\u00f3n y reivindicar la investigaci\u00f3n de esta enfermedad.\" \/>\n<meta name=\"robots\" content=\"index, follow, max-snippet:-1, max-image-preview:large, max-video-preview:-1\" \/>\n<link rel=\"canonical\" href=\"https:\/\/www.pelayo.com\/teloaseguro\/vida-y-salud\/dia-mundial-de-la-lucha-contra-el-cancer-de-mama-la-lucha-que-no-cesa\/\" \/>\n<meta property=\"og:locale\" content=\"es_ES\" \/>\n<meta property=\"og:type\" content=\"article\" \/>\n<meta property=\"og:title\" content=\"D\u00eda Mundial de la Lucha contra el C\u00e1ncer de Mama | Pelayo\" \/>\n<meta property=\"og:description\" content=\"El 4 de febrero se celebra el D\u00eda Mundial contra el C\u00e1ncer para concienciar sobre la prevenci\u00f3n y reivindicar la investigaci\u00f3n de esta enfermedad.\" \/>\n<meta property=\"og:url\" content=\"https:\/\/www.pelayo.com\/teloaseguro\/vida-y-salud\/dia-mundial-de-la-lucha-contra-el-cancer-de-mama-la-lucha-que-no-cesa\/\" \/>\n<meta property=\"og:site_name\" content=\"Pelayo\" \/>\n<meta property=\"article:published_time\" content=\"2021-10-18T07:01:13+00:00\" \/>\n<meta property=\"article:modified_time\" content=\"2025-08-20T10:33:47+00:00\" \/>\n<meta property=\"og:image\" content=\"https:\/\/www.pelayo.com\/teloaseguro\/wp-content\/uploads\/2021\/10\/shutterstock_1505793707-scaled.jpg\" \/>\n\t<meta property=\"og:image:width\" content=\"2560\" \/>\n\t<meta property=\"og:image:height\" content=\"1125\" \/>\n<meta name=\"twitter:card\" content=\"summary_large_image\" \/>\n<meta name=\"twitter:label1\" content=\"Escrito por\" \/>\n\t<meta name=\"twitter:data1\" content=\"Seguros Pelayo\" \/>\n\t<meta name=\"twitter:label2\" content=\"Tiempo de lectura\" \/>\n\t<meta name=\"twitter:data2\" content=\"4 minutos\" \/>\n<script type=\"application\/ld+json\" class=\"yoast-schema-graph\">{\"@context\":\"https:\/\/schema.org\",\"@graph\":[{\"@type\":\"WebSite\",\"@id\":\"https:\/\/www.pelayo.com\/teloaseguro\/#website\",\"url\":\"https:\/\/www.pelayo.com\/teloaseguro\/\",\"name\":\"Pelayo\",\"description\":\"\",\"potentialAction\":[{\"@type\":\"SearchAction\",\"target\":{\"@type\":\"EntryPoint\",\"urlTemplate\":\"https:\/\/www.pelayo.com\/teloaseguro\/?s={search_term_string}\"},\"query-input\":\"required name=search_term_string\"}],\"inLanguage\":\"es\"},{\"@type\":\"ImageObject\",\"@id\":\"https:\/\/www.pelayo.com\/teloaseguro\/vida-y-salud\/dia-mundial-de-la-lucha-contra-el-cancer-de-mama-la-lucha-que-no-cesa\/#primaryimage\",\"inLanguage\":\"es\",\"url\":\"\/teloaseguro\/wp-content\/uploads\/2021\/10\/shutterstock_1505793707-scaled.jpg\",\"contentUrl\":\"\/teloaseguro\/wp-content\/uploads\/2021\/10\/shutterstock_1505793707-scaled.jpg\",\"width\":2560,\"height\":1125},{\"@type\":\"WebPage\",\"@id\":\"https:\/\/www.pelayo.com\/teloaseguro\/vida-y-salud\/dia-mundial-de-la-lucha-contra-el-cancer-de-mama-la-lucha-que-no-cesa\/#webpage\",\"url\":\"https:\/\/www.pelayo.com\/teloaseguro\/vida-y-salud\/dia-mundial-de-la-lucha-contra-el-cancer-de-mama-la-lucha-que-no-cesa\/\",\"name\":\"D\\u00eda Mundial de la Lucha contra el C\\u00e1ncer de Mama | Pelayo\",\"isPartOf\":{\"@id\":\"https:\/\/www.pelayo.com\/teloaseguro\/#website\"},\"primaryImageOfPage\":{\"@id\":\"https:\/\/www.pelayo.com\/teloaseguro\/vida-y-salud\/dia-mundial-de-la-lucha-contra-el-cancer-de-mama-la-lucha-que-no-cesa\/#primaryimage\"},\"datePublished\":\"2021-10-18T07:01:13+00:00\",\"dateModified\":\"2025-08-20T10:33:47+00:00\",\"author\":{\"@id\":\"https:\/\/www.pelayo.com\/teloaseguro\/#\/schema\/person\/378d14d33c168734fd01fdad1cb58607\"},\"description\":\"El 4 de febrero se celebra el D\\u00eda Mundial contra el C\\u00e1ncer para concienciar sobre la prevenci\\u00f3n y reivindicar la investigaci\\u00f3n de esta enfermedad.\",\"breadcrumb\":{\"@id\":\"https:\/\/www.pelayo.com\/teloaseguro\/vida-y-salud\/dia-mundial-de-la-lucha-contra-el-cancer-de-mama-la-lucha-que-no-cesa\/#breadcrumb\"},\"inLanguage\":\"es\",\"potentialAction\":[{\"@type\":\"ReadAction\",\"target\":[\"https:\/\/www.pelayo.com\/teloaseguro\/vida-y-salud\/dia-mundial-de-la-lucha-contra-el-cancer-de-mama-la-lucha-que-no-cesa\/\"]}]},{\"@type\":\"BreadcrumbList\",\"@id\":\"https:\/\/www.pelayo.com\/teloaseguro\/vida-y-salud\/dia-mundial-de-la-lucha-contra-el-cancer-de-mama-la-lucha-que-no-cesa\/#breadcrumb\",\"itemListElement\":[{\"@type\":\"ListItem\",\"position\":1,\"name\":\"Portada\",\"item\":\"https:\/\/www.pelayo.com\/teloaseguro\/\"},{\"@type\":\"ListItem\",\"position\":2,\"name\":\"D\\u00eda Mundial de la Lucha contra el C\\u00e1ncer de Mama: La lucha que no cesa\"}]},{\"@type\":\"Person\",\"@id\":\"https:\/\/www.pelayo.com\/teloaseguro\/#\/schema\/person\/378d14d33c168734fd01fdad1cb58607\",\"name\":\"Seguros Pelayo\",\"image\":{\"@type\":\"ImageObject\",\"@id\":\"https:\/\/www.pelayo.com\/teloaseguro\/#personlogo\",\"inLanguage\":\"es\",\"url\":\"https:\/\/secure.gravatar.com\/avatar\/b9ab97b59c5b011e9e6b31499851eeef?s=96&d=mm&r=g\",\"contentUrl\":\"https:\/\/secure.gravatar.com\/avatar\/b9ab97b59c5b011e9e6b31499851eeef?s=96&d=mm&r=g\",\"caption\":\"Seguros Pelayo\"},\"url\":\"https:\/\/www.pelayo.com\/teloaseguro\/author\/dentsu\/\"}]}<\/script>\n<!-- \/ Yoast SEO plugin. -->","yoast_head_json":{"title":"D\u00eda Mundial de la Lucha contra el C\u00e1ncer de Mama | Pelayo","description":"El 4 de febrero se celebra el D\u00eda Mundial contra el C\u00e1ncer para concienciar sobre la prevenci\u00f3n y reivindicar la investigaci\u00f3n de esta enfermedad.","robots":{"index":"index","follow":"follow","max-snippet":"max-snippet:-1","max-image-preview":"max-image-preview:large","max-video-preview":"max-video-preview:-1"},"canonical":"https:\/\/www.pelayo.com\/teloaseguro\/vida-y-salud\/dia-mundial-de-la-lucha-contra-el-cancer-de-mama-la-lucha-que-no-cesa\/","og_locale":"es_ES","og_type":"article","og_title":"D\u00eda Mundial de la Lucha contra el C\u00e1ncer de Mama | Pelayo","og_description":"El 4 de febrero se celebra el D\u00eda Mundial contra el C\u00e1ncer para concienciar sobre la prevenci\u00f3n y reivindicar la investigaci\u00f3n de esta enfermedad.","og_url":"https:\/\/www.pelayo.com\/teloaseguro\/vida-y-salud\/dia-mundial-de-la-lucha-contra-el-cancer-de-mama-la-lucha-que-no-cesa\/","og_site_name":"Pelayo","article_published_time":"2021-10-18T07:01:13+00:00","article_modified_time":"2025-08-20T10:33:47+00:00","og_image":[{"width":2560,"height":1125,"url":"https:\/\/www.pelayo.com\/teloaseguro\/wp-content\/uploads\/2021\/10\/shutterstock_1505793707-scaled.jpg","type":"image\/jpeg"}],"twitter_card":"summary_large_image","twitter_misc":{"Escrito por":"Seguros Pelayo","Tiempo de lectura":"4 minutos"},"schema":{"@context":"https:\/\/schema.org","@graph":[{"@type":"WebSite","@id":"https:\/\/www.pelayo.com\/teloaseguro\/#website","url":"https:\/\/www.pelayo.com\/teloaseguro\/","name":"Pelayo","description":"","potentialAction":[{"@type":"SearchAction","target":{"@type":"EntryPoint","urlTemplate":"https:\/\/www.pelayo.com\/teloaseguro\/?s={search_term_string}"},"query-input":"required name=search_term_string"}],"inLanguage":"es"},{"@type":"ImageObject","@id":"https:\/\/www.pelayo.com\/teloaseguro\/vida-y-salud\/dia-mundial-de-la-lucha-contra-el-cancer-de-mama-la-lucha-que-no-cesa\/#primaryimage","inLanguage":"es","url":"\/teloaseguro\/wp-content\/uploads\/2021\/10\/shutterstock_1505793707-scaled.jpg","contentUrl":"\/teloaseguro\/wp-content\/uploads\/2021\/10\/shutterstock_1505793707-scaled.jpg","width":2560,"height":1125},{"@type":"WebPage","@id":"https:\/\/www.pelayo.com\/teloaseguro\/vida-y-salud\/dia-mundial-de-la-lucha-contra-el-cancer-de-mama-la-lucha-que-no-cesa\/#webpage","url":"https:\/\/www.pelayo.com\/teloaseguro\/vida-y-salud\/dia-mundial-de-la-lucha-contra-el-cancer-de-mama-la-lucha-que-no-cesa\/","name":"D\u00eda Mundial de la Lucha contra el C\u00e1ncer de Mama | Pelayo","isPartOf":{"@id":"https:\/\/www.pelayo.com\/teloaseguro\/#website"},"primaryImageOfPage":{"@id":"https:\/\/www.pelayo.com\/teloaseguro\/vida-y-salud\/dia-mundial-de-la-lucha-contra-el-cancer-de-mama-la-lucha-que-no-cesa\/#primaryimage"},"datePublished":"2021-10-18T07:01:13+00:00","dateModified":"2025-08-20T10:33:47+00:00","author":{"@id":"https:\/\/www.pelayo.com\/teloaseguro\/#\/schema\/person\/378d14d33c168734fd01fdad1cb58607"},"description":"El 4 de febrero se celebra el D\u00eda Mundial contra el C\u00e1ncer para concienciar sobre la prevenci\u00f3n y reivindicar la investigaci\u00f3n de esta enfermedad.","breadcrumb":{"@id":"https:\/\/www.pelayo.com\/teloaseguro\/vida-y-salud\/dia-mundial-de-la-lucha-contra-el-cancer-de-mama-la-lucha-que-no-cesa\/#breadcrumb"},"inLanguage":"es","potentialAction":[{"@type":"ReadAction","target":["https:\/\/www.pelayo.com\/teloaseguro\/vida-y-salud\/dia-mundial-de-la-lucha-contra-el-cancer-de-mama-la-lucha-que-no-cesa\/"]}]},{"@type":"BreadcrumbList","@id":"https:\/\/www.pelayo.com\/teloaseguro\/vida-y-salud\/dia-mundial-de-la-lucha-contra-el-cancer-de-mama-la-lucha-que-no-cesa\/#breadcrumb","itemListElement":[{"@type":"ListItem","position":1,"name":"Portada","item":"https:\/\/www.pelayo.com\/teloaseguro\/"},{"@type":"ListItem","position":2,"name":"D\u00eda Mundial de la Lucha contra el C\u00e1ncer de Mama: La lucha que no cesa"}]},{"@type":"Person","@id":"https:\/\/www.pelayo.com\/teloaseguro\/#\/schema\/person\/378d14d33c168734fd01fdad1cb58607","name":"Seguros Pelayo","image":{"@type":"ImageObject","@id":"https:\/\/www.pelayo.com\/teloaseguro\/#personlogo","inLanguage":"es","url":"https:\/\/secure.gravatar.com\/avatar\/b9ab97b59c5b011e9e6b31499851eeef?s=96&d=mm&r=g","contentUrl":"https:\/\/secure.gravatar.com\/avatar\/b9ab97b59c5b011e9e6b31499851eeef?s=96&d=mm&r=g","caption":"Seguros Pelayo"},"url":"https:\/\/www.pelayo.com\/teloaseguro\/author\/dentsu\/"}]}},"_links":{"self":[{"href":"https:\/\/www.pelayo.com\/teloaseguro\/wp-json\/wp\/v2\/posts\/85155"}],"collection":[{"href":"https:\/\/www.pelayo.com\/teloaseguro\/wp-json\/wp\/v2\/posts"}],"about":[{"href":"https:\/\/www.pelayo.com\/teloaseguro\/wp-json\/wp\/v2\/types\/post"}],"author":[{"embeddable":true,"href":"https:\/\/www.pelayo.com\/teloaseguro\/wp-json\/wp\/v2\/users\/7"}],"replies":[{"embeddable":true,"href":"https:\/\/www.pelayo.com\/teloaseguro\/wp-json\/wp\/v2\/comments?post=85155"}],"version-history":[{"count":3,"href":"https:\/\/www.pelayo.com\/teloaseguro\/wp-json\/wp\/v2\/posts\/85155\/revisions"}],"predecessor-version":[{"id":85733,"href":"https:\/\/www.pelayo.com\/teloaseguro\/wp-json\/wp\/v2\/posts\/85155\/revisions\/85733"}],"wp:featuredmedia":[{"embeddable":true,"href":"https:\/\/www.pelayo.com\/teloaseguro\/wp-json\/wp\/v2\/media\/85156"}],"wp:attachment":[{"href":"https:\/\/www.pelayo.com\/teloaseguro\/wp-json\/wp\/v2\/media?parent=85155"}],"wp:term":[{"taxonomy":"category","embeddable":true,"href":"https:\/\/www.pelayo.com\/teloaseguro\/wp-json\/wp\/v2\/categories?post=85155"},{"taxonomy":"post_tag","embeddable":true,"href":"https:\/\/www.pelayo.com\/teloaseguro\/wp-json\/wp\/v2\/tags?post=85155"}],"curies":[{"name":"wp","href":"https:\/\/api.w.org\/{rel}","templated":true}]}}