{"id":85115,"date":"2021-05-06T08:05:07","date_gmt":"2021-05-06T08:05:07","guid":{"rendered":"http:\/\/www.pelayo.com\/teloaseguro\/?p=84497"},"modified":"2022-05-17T08:59:11","modified_gmt":"2022-05-17T08:59:11","slug":"conducir-con-alergia","status":"publish","type":"post","link":"https:\/\/www.pelayo.com\/teloaseguro\/coche-y-moto\/conducir-con-alergia\/","title":{"rendered":"Peligros de conducir con alergia"},"content":{"rendered":"<p><b><span data-contrast=\"auto\">Hasta el 5 % de los accidentes de tr\u00e1fico con v\u00edctimas est\u00e1n relacionados con los s\u00edntomas de las alergias.\u00a0<\/span><\/b><b><span data-contrast=\"auto\">Entre los meses de m<\/span><\/b><b><span data-contrast=\"auto\">arzo y septiembre se registra l<\/span><\/b><b><span data-contrast=\"auto\">a mayor conc<\/span><\/b><b><span data-contrast=\"auto\">entraci\u00f3n de p\u00f3lenes en el aire. Si tienes especial sensibilidad a estos al\u00e9rgenos, aumenta las precauciones al ponerte al volante.\u00a0<\/span><\/b><span data-ccp-props=\"{&quot;201341983&quot;:0,&quot;335559739&quot;:160,&quot;335559740&quot;:240}\">\u00a0<\/span><\/p>\n<p><span data-contrast=\"auto\">Las alergias primaverales no solo est\u00e1n en el origen de ciertas enfermedades\u00a0<\/span><span data-contrast=\"auto\">respiratorias,<\/span><span data-contrast=\"auto\">\u00a0sino que son la causa de algunos de los accidentes de tr\u00e1fico que se producen durante la primavera. Un simple estornudo puede\u00a0<\/span><span data-contrast=\"auto\">hacer que\u00a0<\/span><span data-contrast=\"auto\">reduzcas la atenci\u00f3n en la carretera<\/span><span data-contrast=\"auto\">\u00a0durante el tiempo suficiente como\u00a0<\/span><span data-contrast=\"auto\">para tener alg\u00fan percance.<\/span><span data-ccp-props=\"{&quot;201341983&quot;:0,&quot;335559739&quot;:160,&quot;335559740&quot;:240}\">\u00a0<\/span><\/p>\n<p><span data-contrast=\"auto\">Conducir con alergia puede afectar a tus capacidades\u00a0<\/span><span data-contrast=\"auto\">de\u00a0<\/span><span data-contrast=\"auto\">concentraci\u00f3n y a la rapidez de tu respuesta frente a situaciones inesperadas.\u00a0<\/span><span data-contrast=\"auto\">El lagrimeo, el picor en los ojos, las secreciones nasales y la somnolencia que provocan muchos de los f\u00e1rmacos destinados a tratar estos s\u00edntomas\u00a0<\/span><b><span data-contrast=\"auto\">incrementan el riesgo en carretera<\/span><\/b><span data-contrast=\"auto\">\u00a0y deben ser tenidos en cuenta\u00a0<\/span><span data-contrast=\"auto\">durante la conducci\u00f3n<\/span><span data-contrast=\"auto\">.\u00a0<\/span><span data-ccp-props=\"{&quot;201341983&quot;:0,&quot;335559739&quot;:160,&quot;335559740&quot;:240}\">\u00a0<\/span><\/p>\n<h2 aria-level=\"2\"><span data-contrast=\"none\">C<\/span><span data-contrast=\"none\">onducir con alergia: consejos de seguridad<\/span><span data-ccp-props=\"{&quot;134233117&quot;:true,&quot;134233118&quot;:true,&quot;201341983&quot;:0,&quot;335551550&quot;:6,&quot;335551620&quot;:6,&quot;335559739&quot;:300,&quot;335559740&quot;:276}\">\u00a0<\/span><\/h2>\n<p><span data-contrast=\"auto\">En presencia de s\u00edntomas de alergia exacerbada, lo m\u00e1s recomendable es no conducir. Si no puedes prescindir del coche durante\u00a0<\/span><span data-contrast=\"auto\">los episodios\u00a0<\/span><span data-contrast=\"auto\">m\u00e1s acentuados\u00a0<\/span><span data-contrast=\"auto\">o te\u00a0medicas\u00a0para tenerlos bajo control, ten en cuenta estos consejos para conducir con alergia de la forma\u00a0<\/span><span data-contrast=\"auto\">m\u00e1s\u00a0<\/span><span data-contrast=\"auto\">segura:<\/span><span data-ccp-props=\"{&quot;201341983&quot;:0,&quot;335559739&quot;:160,&quot;335559740&quot;:240}\">\u00a0<\/span><\/p>\n<ul>\n<li data-leveltext=\"\uf0b7\" data-font=\"Symbol\" data-listid=\"6\" aria-setsize=\"-1\" data-aria-posinset=\"1\" data-aria-level=\"1\"><b><span data-contrast=\"auto\">Viaja con las ventanillas cerradas<\/span><\/b><span data-contrast=\"auto\">\u00a0para limitar el acceso del polen al interior del veh\u00edculo.\u00a0<\/span><span data-contrast=\"auto\">En la medida de lo posible, ajusta tus viajes a las condiciones del aire, teniendo en cuenta que en las primeras horas del d\u00eda es cuando m\u00e1s polen se acumula en el ambiente.\u00a0<\/span><span data-ccp-props=\"{&quot;134233279&quot;:true,&quot;201341983&quot;:0,&quot;335559739&quot;:160,&quot;335559740&quot;:240}\">\u00a0<\/span><\/li>\n<\/ul>\n<ul>\n<li data-leveltext=\"\uf0b7\" data-font=\"Symbol\" data-listid=\"6\" aria-setsize=\"-1\" data-aria-posinset=\"2\" data-aria-level=\"1\"><b><span data-contrast=\"auto\">Consigue la\u00a0<\/span><\/b><a href=\"https:\/\/www.pelayo.com\/teloaseguro\/coche-y-moto\/calefaccion-vehiculo\/\"><b><span data-contrast=\"none\">temperatura\u00a0<\/span><\/b><b><span data-contrast=\"none\">adecuada<\/span><\/b><\/a><span data-contrast=\"auto\">\u00a0<\/span><span data-contrast=\"auto\">recurriendo al climatizador del coche y a la funci\u00f3n de recirculaci\u00f3n que bloquea la entrada\u00a0<\/span><span data-contrast=\"auto\">de aire desde el exterior.\u00a0<\/span><span data-ccp-props=\"{&quot;134233279&quot;:true,&quot;201341983&quot;:0,&quot;335559739&quot;:160,&quot;335559740&quot;:240}\">\u00a0<\/span><\/li>\n<\/ul>\n<ul>\n<li data-leveltext=\"\uf0b7\" data-font=\"Symbol\" data-listid=\"6\" aria-setsize=\"-1\" data-aria-posinset=\"1\" data-aria-level=\"1\"><span data-contrast=\"auto\">El sol incrementa algunos de los s\u00edntomas comunes de la alergia como el lagrimeo o el picor de los ojos.\u00a0<\/span><b><span data-contrast=\"auto\">Prot\u00e9gete con unas gafas de lentes homologadas\u00a0<\/span><\/b><span data-contrast=\"auto\">si tienes que conducir.\u00a0<\/span><span data-ccp-props=\"{&quot;134233279&quot;:true,&quot;201341983&quot;:0,&quot;335559739&quot;:160,&quot;335559740&quot;:240}\">\u00a0<\/span><\/li>\n<\/ul>\n<ul>\n<li data-leveltext=\"\uf0b7\" data-font=\"Symbol\" data-listid=\"6\" aria-setsize=\"-1\" data-aria-posinset=\"2\" data-aria-level=\"1\"><b><span data-contrast=\"auto\">Incrementa la limpieza del veh\u00edculo<\/span><\/b><span data-contrast=\"auto\">. A<\/span><span data-contrast=\"auto\">spira el suelo y los asientos con mayor asiduidad para evitar la acumulaci\u00f3n de polvo, polen y otros agentes al\u00e9rgenos. Esto tambi\u00e9n implica la limpieza\u00a0<\/span><span data-contrast=\"auto\">o\u00a0<\/span><span data-contrast=\"auto\">sustituci<\/span><span data-contrast=\"auto\">\u00f3n\u00a0<\/span><span data-contrast=\"auto\">del filtro del habit\u00e1culo.\u00a0<\/span><span data-ccp-props=\"{&quot;134233279&quot;:true,&quot;201341983&quot;:0,&quot;335559739&quot;:160,&quot;335559740&quot;:240}\">\u00a0<\/span><\/li>\n<\/ul>\n<ul>\n<li data-leveltext=\"\uf0b7\" data-font=\"Symbol\" data-listid=\"6\" aria-setsize=\"-1\" data-aria-posinset=\"1\" data-aria-level=\"1\"><span data-contrast=\"auto\">Considera cu\u00e1les son los efectos secundarios de la medicaci\u00f3n que tomas para controlar los s\u00edntomas de la alergia y valora<\/span><span data-contrast=\"auto\">r<\/span><span data-contrast=\"auto\">\u00a0c\u00f3mo te afectan. Los\u00a0<\/span><b><span data-contrast=\"auto\">antihistam\u00ednicos de primera generaci\u00f3n suelen provocar somnolencia<\/span><\/b><span data-contrast=\"auto\">, uno de los principales peligros de conducir con alergia.\u00a0<\/span><span data-ccp-props=\"{&quot;134233279&quot;:true,&quot;201341983&quot;:0,&quot;335559739&quot;:160,&quot;335559740&quot;:240}\">\u00a0<\/span><\/li>\n<\/ul>\n<p><span data-contrast=\"auto\">Si\u00a0a\u00fan\u00a0as\u00ed tienes alg\u00fan percance, en\u00a0<\/span><a href=\"https:\/\/www.pelayo.com\/seguros-coche\"><span data-contrast=\"none\">Pelayo te ayudamos<\/span><\/a><span data-contrast=\"auto\">\u00a0a solucionarlo sea lo que sea.<\/span><span data-ccp-props=\"{&quot;201341983&quot;:0,&quot;335559739&quot;:160,&quot;335559740&quot;:240}\">\u00a0<\/span><\/p>\n<p><img src=\"http:\/\/www.pelayo.com\/teloaseguro\/wp-content\/uploads\/2021\/05\/alergias-conducir.jpg\" \/><\/p>\n","protected":false},"excerpt":{"rendered":"<p>Hasta el 5 % de los accidentes de tr\u00e1fico con v\u00edctimas est\u00e1n relacionados con los s\u00edntomas de las alergias.\u00a0Entre los<\/p>\n","protected":false},"author":1,"featured_media":85116,"comment_status":"closed","ping_status":"open","sticky":false,"template":"","format":"standard","meta":[],"categories":[5],"tags":[],"yoast_head":"<!-- This site is optimized with the Yoast SEO plugin v17.5 - https:\/\/yoast.com\/wordpress\/plugins\/seo\/ -->\n<title>Cinco consejos de conducci\u00f3n si tienes alergia | Pelayo<\/title>\n<meta name=\"description\" content=\"Si tienes alergia, has de aumentar las precauciones al volante para evitar accidentes de coche. L\u00e9enos y toma algunas de estas medidas de seguridad.\" \/>\n<meta name=\"robots\" content=\"index, follow, max-snippet:-1, max-image-preview:large, max-video-preview:-1\" \/>\n<link rel=\"canonical\" href=\"https:\/\/www.pelayo.com\/teloaseguro\/coche-y-moto\/conducir-con-alergia\/\" \/>\n<meta property=\"og:locale\" content=\"es_ES\" \/>\n<meta property=\"og:type\" content=\"article\" \/>\n<meta property=\"og:title\" content=\"Cinco consejos de conducci\u00f3n si tienes alergia | Pelayo\" \/>\n<meta property=\"og:description\" content=\"Si tienes alergia, has de aumentar las precauciones al volante para evitar accidentes de coche. L\u00e9enos y toma algunas de estas medidas de seguridad.\" \/>\n<meta property=\"og:url\" content=\"https:\/\/www.pelayo.com\/teloaseguro\/coche-y-moto\/conducir-con-alergia\/\" \/>\n<meta property=\"og:site_name\" content=\"Pelayo\" \/>\n<meta property=\"article:published_time\" content=\"2021-05-06T08:05:07+00:00\" \/>\n<meta property=\"article:modified_time\" content=\"2022-05-17T08:59:11+00:00\" \/>\n<meta property=\"og:image\" content=\"https:\/\/www.pelayo.com\/teloaseguro\/wp-content\/uploads\/2021\/05\/alergias-conducir-scaled.jpg\" \/>\n\t<meta property=\"og:image:width\" content=\"2560\" \/>\n\t<meta property=\"og:image:height\" content=\"1072\" \/>\n<meta name=\"twitter:card\" content=\"summary_large_image\" \/>\n<meta name=\"twitter:label1\" content=\"Escrito por\" \/>\n\t<meta name=\"twitter:data1\" content=\"admin\" \/>\n\t<meta name=\"twitter:label2\" content=\"Tiempo de lectura\" \/>\n\t<meta name=\"twitter:data2\" content=\"2 minutos\" \/>\n<script type=\"application\/ld+json\" class=\"yoast-schema-graph\">{\"@context\":\"https:\/\/schema.org\",\"@graph\":[{\"@type\":\"WebSite\",\"@id\":\"https:\/\/www.pelayo.com\/teloaseguro\/#website\",\"url\":\"https:\/\/www.pelayo.com\/teloaseguro\/\",\"name\":\"Pelayo\",\"description\":\"\",\"potentialAction\":[{\"@type\":\"SearchAction\",\"target\":{\"@type\":\"EntryPoint\",\"urlTemplate\":\"https:\/\/www.pelayo.com\/teloaseguro\/?s={search_term_string}\"},\"query-input\":\"required name=search_term_string\"}],\"inLanguage\":\"es\"},{\"@type\":\"ImageObject\",\"@id\":\"https:\/\/www.pelayo.com\/teloaseguro\/coche-y-moto\/conducir-con-alergia\/#primaryimage\",\"inLanguage\":\"es\",\"url\":\"\/teloaseguro\/wp-content\/uploads\/2021\/05\/alergias-conducir-scaled.jpg\",\"contentUrl\":\"\/teloaseguro\/wp-content\/uploads\/2021\/05\/alergias-conducir-scaled.jpg\",\"width\":2560,\"height\":1072},{\"@type\":\"WebPage\",\"@id\":\"https:\/\/www.pelayo.com\/teloaseguro\/coche-y-moto\/conducir-con-alergia\/#webpage\",\"url\":\"https:\/\/www.pelayo.com\/teloaseguro\/coche-y-moto\/conducir-con-alergia\/\",\"name\":\"Cinco consejos de conducci\\u00f3n si tienes alergia | Pelayo\",\"isPartOf\":{\"@id\":\"https:\/\/www.pelayo.com\/teloaseguro\/#website\"},\"primaryImageOfPage\":{\"@id\":\"https:\/\/www.pelayo.com\/teloaseguro\/coche-y-moto\/conducir-con-alergia\/#primaryimage\"},\"datePublished\":\"2021-05-06T08:05:07+00:00\",\"dateModified\":\"2022-05-17T08:59:11+00:00\",\"author\":{\"@id\":\"https:\/\/www.pelayo.com\/teloaseguro\/#\/schema\/person\/ca798faf5ea81121a01acc00830fe934\"},\"description\":\"Si tienes alergia, has de aumentar las precauciones al volante para evitar accidentes de coche. L\\u00e9enos y toma algunas de estas medidas de seguridad.\",\"breadcrumb\":{\"@id\":\"https:\/\/www.pelayo.com\/teloaseguro\/coche-y-moto\/conducir-con-alergia\/#breadcrumb\"},\"inLanguage\":\"es\",\"potentialAction\":[{\"@type\":\"ReadAction\",\"target\":[\"https:\/\/www.pelayo.com\/teloaseguro\/coche-y-moto\/conducir-con-alergia\/\"]}]},{\"@type\":\"BreadcrumbList\",\"@id\":\"https:\/\/www.pelayo.com\/teloaseguro\/coche-y-moto\/conducir-con-alergia\/#breadcrumb\",\"itemListElement\":[{\"@type\":\"ListItem\",\"position\":1,\"name\":\"Portada\",\"item\":\"https:\/\/www.pelayo.com\/teloaseguro\/\"},{\"@type\":\"ListItem\",\"position\":2,\"name\":\"Peligros de conducir con alergia\"}]},{\"@type\":\"Person\",\"@id\":\"https:\/\/www.pelayo.com\/teloaseguro\/#\/schema\/person\/ca798faf5ea81121a01acc00830fe934\",\"name\":\"admin\",\"image\":{\"@type\":\"ImageObject\",\"@id\":\"https:\/\/www.pelayo.com\/teloaseguro\/#personlogo\",\"inLanguage\":\"es\",\"url\":\"https:\/\/secure.gravatar.com\/avatar\/ecd21a9d957191f1bd01d36a36c46b5d?s=96&d=mm&r=g\",\"contentUrl\":\"https:\/\/secure.gravatar.com\/avatar\/ecd21a9d957191f1bd01d36a36c46b5d?s=96&d=mm&r=g\",\"caption\":\"admin\"},\"sameAs\":[\"https:\/\/pelayo.bitesse.es\"],\"url\":\"https:\/\/www.pelayo.com\/teloaseguro\/author\/soporte_6y0qh8pm\/\"}]}<\/script>\n<!-- \/ Yoast SEO plugin. -->","yoast_head_json":{"title":"Cinco consejos de conducci\u00f3n si tienes alergia | Pelayo","description":"Si tienes alergia, has de aumentar las precauciones al volante para evitar accidentes de coche. L\u00e9enos y toma algunas de estas medidas de seguridad.","robots":{"index":"index","follow":"follow","max-snippet":"max-snippet:-1","max-image-preview":"max-image-preview:large","max-video-preview":"max-video-preview:-1"},"canonical":"https:\/\/www.pelayo.com\/teloaseguro\/coche-y-moto\/conducir-con-alergia\/","og_locale":"es_ES","og_type":"article","og_title":"Cinco consejos de conducci\u00f3n si tienes alergia | Pelayo","og_description":"Si tienes alergia, has de aumentar las precauciones al volante para evitar accidentes de coche. L\u00e9enos y toma algunas de estas medidas de seguridad.","og_url":"https:\/\/www.pelayo.com\/teloaseguro\/coche-y-moto\/conducir-con-alergia\/","og_site_name":"Pelayo","article_published_time":"2021-05-06T08:05:07+00:00","article_modified_time":"2022-05-17T08:59:11+00:00","og_image":[{"width":2560,"height":1072,"url":"https:\/\/www.pelayo.com\/teloaseguro\/wp-content\/uploads\/2021\/05\/alergias-conducir-scaled.jpg","type":"image\/jpeg"}],"twitter_card":"summary_large_image","twitter_misc":{"Escrito por":"admin","Tiempo de lectura":"2 minutos"},"schema":{"@context":"https:\/\/schema.org","@graph":[{"@type":"WebSite","@id":"https:\/\/www.pelayo.com\/teloaseguro\/#website","url":"https:\/\/www.pelayo.com\/teloaseguro\/","name":"Pelayo","description":"","potentialAction":[{"@type":"SearchAction","target":{"@type":"EntryPoint","urlTemplate":"https:\/\/www.pelayo.com\/teloaseguro\/?s={search_term_string}"},"query-input":"required name=search_term_string"}],"inLanguage":"es"},{"@type":"ImageObject","@id":"https:\/\/www.pelayo.com\/teloaseguro\/coche-y-moto\/conducir-con-alergia\/#primaryimage","inLanguage":"es","url":"\/teloaseguro\/wp-content\/uploads\/2021\/05\/alergias-conducir-scaled.jpg","contentUrl":"\/teloaseguro\/wp-content\/uploads\/2021\/05\/alergias-conducir-scaled.jpg","width":2560,"height":1072},{"@type":"WebPage","@id":"https:\/\/www.pelayo.com\/teloaseguro\/coche-y-moto\/conducir-con-alergia\/#webpage","url":"https:\/\/www.pelayo.com\/teloaseguro\/coche-y-moto\/conducir-con-alergia\/","name":"Cinco consejos de conducci\u00f3n si tienes alergia | Pelayo","isPartOf":{"@id":"https:\/\/www.pelayo.com\/teloaseguro\/#website"},"primaryImageOfPage":{"@id":"https:\/\/www.pelayo.com\/teloaseguro\/coche-y-moto\/conducir-con-alergia\/#primaryimage"},"datePublished":"2021-05-06T08:05:07+00:00","dateModified":"2022-05-17T08:59:11+00:00","author":{"@id":"https:\/\/www.pelayo.com\/teloaseguro\/#\/schema\/person\/ca798faf5ea81121a01acc00830fe934"},"description":"Si tienes alergia, has de aumentar las precauciones al volante para evitar accidentes de coche. L\u00e9enos y toma algunas de estas medidas de seguridad.","breadcrumb":{"@id":"https:\/\/www.pelayo.com\/teloaseguro\/coche-y-moto\/conducir-con-alergia\/#breadcrumb"},"inLanguage":"es","potentialAction":[{"@type":"ReadAction","target":["https:\/\/www.pelayo.com\/teloaseguro\/coche-y-moto\/conducir-con-alergia\/"]}]},{"@type":"BreadcrumbList","@id":"https:\/\/www.pelayo.com\/teloaseguro\/coche-y-moto\/conducir-con-alergia\/#breadcrumb","itemListElement":[{"@type":"ListItem","position":1,"name":"Portada","item":"https:\/\/www.pelayo.com\/teloaseguro\/"},{"@type":"ListItem","position":2,"name":"Peligros de conducir con alergia"}]},{"@type":"Person","@id":"https:\/\/www.pelayo.com\/teloaseguro\/#\/schema\/person\/ca798faf5ea81121a01acc00830fe934","name":"admin","image":{"@type":"ImageObject","@id":"https:\/\/www.pelayo.com\/teloaseguro\/#personlogo","inLanguage":"es","url":"https:\/\/secure.gravatar.com\/avatar\/ecd21a9d957191f1bd01d36a36c46b5d?s=96&d=mm&r=g","contentUrl":"https:\/\/secure.gravatar.com\/avatar\/ecd21a9d957191f1bd01d36a36c46b5d?s=96&d=mm&r=g","caption":"admin"},"sameAs":["https:\/\/pelayo.bitesse.es"],"url":"https:\/\/www.pelayo.com\/teloaseguro\/author\/soporte_6y0qh8pm\/"}]}},"_links":{"self":[{"href":"https:\/\/www.pelayo.com\/teloaseguro\/wp-json\/wp\/v2\/posts\/85115"}],"collection":[{"href":"https:\/\/www.pelayo.com\/teloaseguro\/wp-json\/wp\/v2\/posts"}],"about":[{"href":"https:\/\/www.pelayo.com\/teloaseguro\/wp-json\/wp\/v2\/types\/post"}],"author":[{"embeddable":true,"href":"https:\/\/www.pelayo.com\/teloaseguro\/wp-json\/wp\/v2\/users\/1"}],"replies":[{"embeddable":true,"href":"https:\/\/www.pelayo.com\/teloaseguro\/wp-json\/wp\/v2\/comments?post=85115"}],"version-history":[{"count":1,"href":"https:\/\/www.pelayo.com\/teloaseguro\/wp-json\/wp\/v2\/posts\/85115\/revisions"}],"predecessor-version":[{"id":85371,"href":"https:\/\/www.pelayo.com\/teloaseguro\/wp-json\/wp\/v2\/posts\/85115\/revisions\/85371"}],"wp:featuredmedia":[{"embeddable":true,"href":"https:\/\/www.pelayo.com\/teloaseguro\/wp-json\/wp\/v2\/media\/85116"}],"wp:attachment":[{"href":"https:\/\/www.pelayo.com\/teloaseguro\/wp-json\/wp\/v2\/media?parent=85115"}],"wp:term":[{"taxonomy":"category","embeddable":true,"href":"https:\/\/www.pelayo.com\/teloaseguro\/wp-json\/wp\/v2\/categories?post=85115"},{"taxonomy":"post_tag","embeddable":true,"href":"https:\/\/www.pelayo.com\/teloaseguro\/wp-json\/wp\/v2\/tags?post=85115"}],"curies":[{"name":"wp","href":"https:\/\/api.w.org\/{rel}","templated":true}]}}