{"id":84406,"date":"2021-03-23T17:19:09","date_gmt":"2021-03-23T17:19:09","guid":{"rendered":"http:\/\/www.pelayo.com\/teloaseguro\/?p=84406"},"modified":"2021-12-15T12:15:07","modified_gmt":"2021-12-15T12:15:07","slug":"incapacidad-laboral-tipos","status":"publish","type":"post","link":"https:\/\/www.pelayo.com\/teloaseguro\/vida-y-salud\/incapacidad-laboral-tipos\/","title":{"rendered":"\u00bfQu\u00e9 es la incapacidad laboral? Tipos y grados"},"content":{"rendered":"<p><span data-contrast=\"auto\">La incapacidad laboral es la situaci\u00f3n que se da cuando un trabajador\u00a0<\/span><span data-contrast=\"auto\">deja de ser capaz de desempe\u00f1ar las funciones habituales de su puesto de trabajo.\u00a0<\/span><span data-contrast=\"auto\">Con ello, la incapacidad laboral, m\u00e1s que con la gravedad de la enfermedad que la ha provocado, est\u00e1 m\u00e1s relacionada con en qu\u00e9 medida impide seguir realizando un determinado trabajo.\u00a0<\/span><span data-ccp-props=\"{&quot;201341983&quot;:0,&quot;335559739&quot;:160,&quot;335559740&quot;:259}\">\u00a0<\/span><\/p>\n<h2 aria-level=\"2\"><span data-contrast=\"none\">Tipos de incapacidad laboral<\/span><span data-ccp-props=\"{&quot;201341983&quot;:0,&quot;335559738&quot;:40,&quot;335559739&quot;:0,&quot;335559740&quot;:259}\">\u00a0<\/span><\/h2>\n<p><span data-contrast=\"auto\">Seg\u00fan el alcance de esta incapacidad, existen dos tipos de incapacidad laboral: incapacidad temporal o incapacidad permanente.\u00a0<\/span><span data-ccp-props=\"{&quot;201341983&quot;:0,&quot;335559739&quot;:160,&quot;335559740&quot;:259}\">\u00a0<\/span><\/p>\n<h3 aria-level=\"3\"><span data-contrast=\"none\">Incapacidad\u00a0<\/span><span data-contrast=\"none\">laboral\u00a0<\/span><span data-contrast=\"none\">temporal<\/span><span data-contrast=\"none\">\u00a0o transitoria<\/span><span data-ccp-props=\"{&quot;201341983&quot;:0,&quot;335559738&quot;:40,&quot;335559739&quot;:0,&quot;335559740&quot;:259}\">\u00a0<\/span><\/h3>\n<p><span data-contrast=\"auto\">La incapacidad laboral temporal es la habitualmente dada por una baja m\u00e9dica. La persona que la recibe no tiene capacidad para trabajar de forma puntual por necesitar atenci\u00f3n m<\/span><span data-contrast=\"auto\">\u00e9<\/span><span data-contrast=\"auto\">dica debido a diferentes causas como puede ser una enfermedad com\u00fan, una enfermedad profesional o un accidente -laboral o no laboral-.\u00a0<\/span><span data-ccp-props=\"{&quot;201341983&quot;:0,&quot;335559739&quot;:160,&quot;335559740&quot;:259}\">\u00a0<\/span><\/p>\n<p><span data-contrast=\"auto\">Este tipo de incapacidad suele durar como mucho doce meses, con posibilidad de prorrogarse durante seis meses m\u00e1s. Llegados a ese momento, la Seguridad Social suele valorar si la incapacidad debe convertirse en permanente o, en caso contrario, dar el alta m\u00e9dica al paciente. En el caso concreto de una incapacidad temporal por enfermedad profesional, el periodo de observaci\u00f3n de la dolencia suele ser de hasta seis meses, prorrogable por seis meses m\u00e1s.<\/span><span data-ccp-props=\"{&quot;201341983&quot;:0,&quot;335559739&quot;:160,&quot;335559740&quot;:259}\">\u00a0<\/span><\/p>\n<p><span data-contrast=\"auto\">Durante el tiempo que se prolongue la incapacidad temporal, el contrato laboral del trabajador se suspende, y este tiene derecho a asistencia sanitaria, as\u00ed como a percibir una prestaci\u00f3n econ\u00f3mica por parte de la Seguridad Social, que puede alcanzar hasta el 60%-75% de la base reguladora en el caso de contingencias profesionales.\u00a0<\/span><span data-ccp-props=\"{&quot;201341983&quot;:0,&quot;335559739&quot;:160,&quot;335559740&quot;:259}\">\u00a0<\/span><\/p>\n<h3 aria-level=\"3\"><span data-contrast=\"none\">Incapacidad laboral permanente\u00a0<\/span><span data-ccp-props=\"{&quot;201341983&quot;:0,&quot;335559738&quot;:40,&quot;335559739&quot;:0,&quot;335559740&quot;:259}\">\u00a0<\/span><\/h3>\n<p><span data-contrast=\"auto\">La incapacidad laboral permanente de un trabajador se produce cuando este, tras haber estado sometido al tratamiento m\u00e9dico, presenta un cuadro de reducciones anat\u00f3micas o funcionales graves, susceptibles de que sean determinadas como definitivas, que\u00a0<\/span><span data-contrast=\"auto\">disminuyan<\/span><b><span data-contrast=\"auto\">\u00a0<\/span><\/b><span data-contrast=\"auto\">o\u00a0<\/span><span data-contrast=\"auto\">anulen su capacidad laboral<\/span><span data-contrast=\"auto\">, y que puede causar derecho a una prestaci\u00f3n, de cuant\u00eda variable, en funci\u00f3n del <a href=\"https:\/\/www.pelayo.com\/teloaseguro\/curiosidades\/incapacidad-laboral\/\">grado de la incapacidad.<\/a><\/span><a href=\"https:\/\/www.pelayo.com\/teloaseguro\/curiosidades\/incapacidad-laboral\/\"><span data-ccp-props=\"{&quot;201341983&quot;:0,&quot;335559739&quot;:160,&quot;335559740&quot;:259}\">\u00a0<\/span><\/a><\/p>\n<p><span data-contrast=\"auto\">La\u00a0<\/span><a href=\"http:\/\/www.seg-social.es\/wps\/portal\/wss\/internet\/Inicio\"><span data-contrast=\"none\">Seguridad Social<\/span><\/a><span data-contrast=\"auto\">\u00a0ser\u00e1 quien determine si la dolencia es susceptible de afectar de forma permanente la capacidad de un trabajador para realizar las funciones de su puesto de trabajo. Igualmente, seg\u00fan la enfermedad o el accidente que haya ocasionado la incapacidad, la Seguridad Social\u00a0<\/span><span data-contrast=\"auto\">establece\u00a0<\/span><span data-contrast=\"auto\">distintos tipos y grados de incapacidad permanente.\u00a0<\/span><span data-ccp-props=\"{&quot;201341983&quot;:0,&quot;335559739&quot;:160,&quot;335559740&quot;:259}\">\u00a0<\/span><\/p>\n<ul>\n<li data-leveltext=\"\uf0a7\" data-font=\"Wingdings\" data-listid=\"3\" aria-setsize=\"-1\" data-aria-posinset=\"1\" data-aria-level=\"1\"><b><span data-contrast=\"auto\">Incapacidad Permanente Parcial (IPP).<\/span><\/b><b><i><span data-contrast=\"auto\">\u00a0<\/span><\/i><\/b><span data-contrast=\"auto\">Cuando las secuelas producen una disminuci\u00f3n en el rendimiento normal para su profesi\u00f3n habitual (la que ven\u00eda desempe\u00f1ando) que no sea inferior al 33% y al tiempo no le inhabilite completamente para realizarla<\/span><span data-contrast=\"auto\">, de modo que la persona no se ve impedida para realizar por completo las tareas fundamentales de su profesi\u00f3n. La prestaci\u00f3n conlleva el pago de 24 mensualidades de una sola vez.\u00a0<\/span><span data-ccp-props=\"{&quot;134233279&quot;:true,&quot;201341983&quot;:0,&quot;335559739&quot;:160,&quot;335559740&quot;:259}\">\u00a0<\/span><\/li>\n<li data-leveltext=\"\uf0a7\" data-font=\"Wingdings\" data-listid=\"3\" aria-setsize=\"-1\" data-aria-posinset=\"2\" data-aria-level=\"1\"><b><span data-contrast=\"auto\">Incapacidad Permanente Total (IPT).<\/span><\/b><b><i><span data-contrast=\"auto\">\u00a0<\/span><\/i><\/b><span data-contrast=\"auto\">Inhabilita al trabajador para la realizaci\u00f3n de todas o d<\/span><span data-contrast=\"auto\">e las principales tareas\u00a0<\/span><span data-contrast=\"auto\">su profesi\u00f3n habitual, siempre que pueda dedicarse a\u00a0<\/span><span data-contrast=\"auto\">otra<\/span><span data-contrast=\"auto\">\u00a0profesi\u00f3n<\/span><span data-contrast=\"auto\">\u00a0distinta.\u00a0<\/span><span data-contrast=\"auto\">En este caso, el trabajador incapacitado, si cumple todos los requisitos, cobrar\u00e1 una prestaci\u00f3n de por vida del 55% de la base reguladora, pudiendo cobrar adem\u00e1s el salario proveniente de otro trabajo.<\/span><span data-ccp-props=\"{&quot;134233279&quot;:true,&quot;201341983&quot;:0,&quot;335559739&quot;:160,&quot;335559740&quot;:259}\">\u00a0<\/span><\/li>\n<li data-leveltext=\"\uf0a7\" data-font=\"Wingdings\" data-listid=\"3\" aria-setsize=\"-1\" data-aria-posinset=\"3\" data-aria-level=\"1\"><b><span data-contrast=\"auto\">Incapacidad Permanente Absoluta (IPA).<\/span><\/b><i><span data-contrast=\"auto\">\u00a0<\/span><\/i><span data-contrast=\"auto\">Este tipo de incapacidad i<\/span><span data-contrast=\"auto\">nhabilita por completo al trabajador para\u00a0<\/span><span data-contrast=\"auto\">desempe\u00f1ar\u00a0<\/span><span data-contrast=\"auto\">toda profesi\u00f3n u oficio<\/span><span data-contrast=\"auto\">. La prestaci\u00f3n ante este tipo de incapacidad consiste en una pensi\u00f3n vitalicia del 100% del salario bruto. Es importante matizar que esta incapacidad no impide el desempe\u00f1o de ciertas actividades compatibles con el estado de la persona incapacitada<\/span><span data-contrast=\"auto\">, por lo que lo que perciben por esa actividad<\/span><span data-contrast=\"auto\">\u00a0es compatible con la pensi\u00f3n de incapacidad.<\/span><span data-ccp-props=\"{&quot;134233279&quot;:true,&quot;201341983&quot;:0,&quot;335559739&quot;:160,&quot;335559740&quot;:259}\">\u00a0<\/span><\/li>\n<\/ul>\n<ul>\n<li data-leveltext=\"\uf0a7\" data-font=\"Wingdings\" data-listid=\"3\" aria-setsize=\"-1\" data-aria-posinset=\"1\" data-aria-level=\"1\"><b><span data-contrast=\"auto\">Gran Invalidez (GI).<\/span><\/b><b><i><span data-contrast=\"auto\">\u00a0<\/span><\/i><\/b><span data-contrast=\"auto\">El trabajador afectado por una incapacidad permanente y que necesite la asistencia de otra persona para los actos m\u00e1s esenciales de la vida. Esta situaci\u00f3n a\u00f1ade un complemento econ\u00f3mico a la prestaci\u00f3n por incapacidad<\/span><span data-contrast=\"auto\">\u00a0que supone un 45% del salario m\u00ednimo interprofesional.<\/span><span data-ccp-props=\"{&quot;134233279&quot;:true,&quot;201341983&quot;:0,&quot;335559739&quot;:160,&quot;335559740&quot;:259}\">\u00a0<\/span><\/li>\n<\/ul>\n<p><span data-contrast=\"auto\">Se debe tener en consideraci\u00f3n que\u00a0<\/span><span data-contrast=\"auto\">cada uno de estos\u00a0<\/span><b><span data-contrast=\"auto\">grados<\/span><\/b><b><span data-contrast=\"auto\">\u00a0de incapacidad puede ser revisable<\/span><\/b><span data-contrast=\"auto\">\u00a0y puede cambiar el grado de incapacidad dependiendo de lo que se valore tras esa revisi\u00f3n.<\/span><span data-ccp-props=\"{&quot;201341983&quot;:0,&quot;335559739&quot;:160,&quot;335559740&quot;:259}\">\u00a0<\/span><\/p>\n<p><span data-contrast=\"auto\">La revisi\u00f3n de la declaraci\u00f3n de incapacidad puede ser promovida de oficio o a instancia de parte. En los casos\u00a0<\/span><b><span data-contrast=\"auto\">de oficio<\/span><\/b><span data-contrast=\"auto\">, es la propia Seguridad Social quien puede establecer cu\u00e1ndo se ha de realizar la revisi\u00f3n de la declaraci\u00f3n. En los casos\u00a0<\/span><b><span data-contrast=\"auto\">a instancia de parte<\/span><\/b><span data-contrast=\"auto\">, es la propia persona incapacitada quien puede instar la revisi\u00f3n de la declaraci\u00f3n conforme a los supuestos que establece la ley.\u00a0<\/span><span data-ccp-props=\"{&quot;201341983&quot;:0,&quot;335559739&quot;:160,&quot;335559740&quot;:259}\">\u00a0<\/span><\/p>\n<p><span data-contrast=\"auto\">Desde\u00a0<\/span><a href=\"https:\/\/www.pelayo.com\/seguros-vida\"><b><span data-contrast=\"none\">Pelayo Vida<\/span><\/b><\/a><span data-contrast=\"auto\">, como especialistas en proteger tu seguridad financiera y la de los tuyos, ante la posibilidad de sufrir una incapacidad por enfermedad o por accidente, nuestros asesores recomiendan siempre valorar la contrataci\u00f3n de un seguro de vida que cubra con un capital asegurado el riesgo de incapacidad. Tal es el caso de nuestro\u00a0<\/span><a href=\"https:\/\/www.pelayo.com\/seguros-vida\/integral\"><span data-contrast=\"none\">seguro de vida integral<\/span><\/a><span data-contrast=\"auto\">, que en sus diferentes modalidades da cobertura a las situaciones de incapacidad permanente absoluta con diferentes capitales asegurados seg\u00fan la modalidad del seguro.\u00a0<\/span><span data-ccp-props=\"{&quot;201341983&quot;:0,&quot;335559739&quot;:160,&quot;335559740&quot;:259}\">\u00a0<\/span><\/p>\n<p><img src=\"http:\/\/www.pelayo.com\/teloaseguro\/wp-content\/uploads\/2021\/03\/incapacidad-laboral.jpg\" \/><\/p>\n","protected":false},"excerpt":{"rendered":"<p>La incapacidad laboral es la situaci\u00f3n que se da cuando un trabajador\u00a0deja de ser capaz de desempe\u00f1ar las funciones habituales<\/p>\n","protected":false},"author":4,"featured_media":84460,"comment_status":"closed","ping_status":"open","sticky":false,"template":"","format":"standard","meta":[],"categories":[2],"tags":[],"yoast_head":"<!-- This site is optimized with the Yoast SEO plugin v17.5 - https:\/\/yoast.com\/wordpress\/plugins\/seo\/ -->\n<title>\u00bfQu\u00e9 es la incapacidad laboral? Tipos y grados - Pelayo<\/title>\n<meta name=\"description\" content=\"Conoce toda la informaci\u00f3n sobre la incapacidad laboral. \u00bfSabes los diferentes tipos y grados que existen? Te lo explicamos en nuestra p\u00e1gina web, \u00a1entra!\" \/>\n<meta name=\"robots\" content=\"index, follow, max-snippet:-1, max-image-preview:large, max-video-preview:-1\" \/>\n<link rel=\"canonical\" href=\"https:\/\/www.pelayo.com\/teloaseguro\/vida-y-salud\/incapacidad-laboral-tipos\/\" \/>\n<meta property=\"og:locale\" content=\"es_ES\" \/>\n<meta property=\"og:type\" content=\"article\" \/>\n<meta property=\"og:title\" content=\"\u00bfQu\u00e9 es la incapacidad laboral? Tipos y grados - Pelayo\" \/>\n<meta property=\"og:description\" content=\"Conoce toda la informaci\u00f3n sobre la incapacidad laboral. \u00bfSabes los diferentes tipos y grados que existen? Te lo explicamos en nuestra p\u00e1gina web, \u00a1entra!\" \/>\n<meta property=\"og:url\" content=\"https:\/\/www.pelayo.com\/teloaseguro\/vida-y-salud\/incapacidad-laboral-tipos\/\" \/>\n<meta property=\"og:site_name\" content=\"Pelayo\" \/>\n<meta property=\"article:published_time\" content=\"2021-03-23T17:19:09+00:00\" \/>\n<meta property=\"article:modified_time\" content=\"2021-12-15T12:15:07+00:00\" \/>\n<meta property=\"og:image\" content=\"https:\/\/www.pelayo.com\/teloaseguro\/wp-content\/uploads\/2021\/03\/incapacidad-laboral-scaled.jpg\" \/>\n\t<meta property=\"og:image:width\" content=\"2560\" \/>\n\t<meta property=\"og:image:height\" content=\"1072\" \/>\n<meta name=\"twitter:card\" content=\"summary_large_image\" \/>\n<meta name=\"twitter:label1\" content=\"Escrito por\" \/>\n\t<meta name=\"twitter:data1\" content=\"Seguros Pelayo\" \/>\n\t<meta name=\"twitter:label2\" content=\"Tiempo de lectura\" \/>\n\t<meta name=\"twitter:data2\" content=\"4 minutos\" \/>\n<script type=\"application\/ld+json\" class=\"yoast-schema-graph\">{\"@context\":\"https:\/\/schema.org\",\"@graph\":[{\"@type\":\"WebSite\",\"@id\":\"https:\/\/www.pelayo.com\/teloaseguro\/#website\",\"url\":\"https:\/\/www.pelayo.com\/teloaseguro\/\",\"name\":\"Pelayo\",\"description\":\"\",\"potentialAction\":[{\"@type\":\"SearchAction\",\"target\":{\"@type\":\"EntryPoint\",\"urlTemplate\":\"https:\/\/www.pelayo.com\/teloaseguro\/?s={search_term_string}\"},\"query-input\":\"required name=search_term_string\"}],\"inLanguage\":\"es\"},{\"@type\":\"ImageObject\",\"@id\":\"https:\/\/www.pelayo.com\/teloaseguro\/vida-y-salud\/incapacidad-laboral-tipos\/#primaryimage\",\"inLanguage\":\"es\",\"url\":\"\/teloaseguro\/wp-content\/uploads\/2021\/03\/incapacidad-laboral-scaled.jpg\",\"contentUrl\":\"\/teloaseguro\/wp-content\/uploads\/2021\/03\/incapacidad-laboral-scaled.jpg\",\"width\":2560,\"height\":1072},{\"@type\":\"WebPage\",\"@id\":\"https:\/\/www.pelayo.com\/teloaseguro\/vida-y-salud\/incapacidad-laboral-tipos\/#webpage\",\"url\":\"https:\/\/www.pelayo.com\/teloaseguro\/vida-y-salud\/incapacidad-laboral-tipos\/\",\"name\":\"\\u00bfQu\\u00e9 es la incapacidad laboral? Tipos y grados - Pelayo\",\"isPartOf\":{\"@id\":\"https:\/\/www.pelayo.com\/teloaseguro\/#website\"},\"primaryImageOfPage\":{\"@id\":\"https:\/\/www.pelayo.com\/teloaseguro\/vida-y-salud\/incapacidad-laboral-tipos\/#primaryimage\"},\"datePublished\":\"2021-03-23T17:19:09+00:00\",\"dateModified\":\"2021-12-15T12:15:07+00:00\",\"author\":{\"@id\":\"https:\/\/www.pelayo.com\/teloaseguro\/#\/schema\/person\/c151acbe513a22e0ef7099b2134faee9\"},\"description\":\"Conoce toda la informaci\\u00f3n sobre la incapacidad laboral. \\u00bfSabes los diferentes tipos y grados que existen? Te lo explicamos en nuestra p\\u00e1gina web, \\u00a1entra!\",\"breadcrumb\":{\"@id\":\"https:\/\/www.pelayo.com\/teloaseguro\/vida-y-salud\/incapacidad-laboral-tipos\/#breadcrumb\"},\"inLanguage\":\"es\",\"potentialAction\":[{\"@type\":\"ReadAction\",\"target\":[\"https:\/\/www.pelayo.com\/teloaseguro\/vida-y-salud\/incapacidad-laboral-tipos\/\"]}]},{\"@type\":\"BreadcrumbList\",\"@id\":\"https:\/\/www.pelayo.com\/teloaseguro\/vida-y-salud\/incapacidad-laboral-tipos\/#breadcrumb\",\"itemListElement\":[{\"@type\":\"ListItem\",\"position\":1,\"name\":\"Portada\",\"item\":\"https:\/\/www.pelayo.com\/teloaseguro\/\"},{\"@type\":\"ListItem\",\"position\":2,\"name\":\"\\u00bfQu\\u00e9 es la incapacidad laboral? Tipos y grados\"}]},{\"@type\":\"Person\",\"@id\":\"https:\/\/www.pelayo.com\/teloaseguro\/#\/schema\/person\/c151acbe513a22e0ef7099b2134faee9\",\"name\":\"Seguros Pelayo\",\"image\":{\"@type\":\"ImageObject\",\"@id\":\"https:\/\/www.pelayo.com\/teloaseguro\/#personlogo\",\"inLanguage\":\"es\",\"url\":\"https:\/\/secure.gravatar.com\/avatar\/?s=96&d=mm&r=g\",\"contentUrl\":\"https:\/\/secure.gravatar.com\/avatar\/?s=96&d=mm&r=g\",\"caption\":\"Seguros Pelayo\"},\"url\":\"https:\/\/www.pelayo.com\/teloaseguro\/author\/seguros-pelayo\/\"}]}<\/script>\n<!-- \/ Yoast SEO plugin. -->","yoast_head_json":{"title":"\u00bfQu\u00e9 es la incapacidad laboral? Tipos y grados - Pelayo","description":"Conoce toda la informaci\u00f3n sobre la incapacidad laboral. \u00bfSabes los diferentes tipos y grados que existen? Te lo explicamos en nuestra p\u00e1gina web, \u00a1entra!","robots":{"index":"index","follow":"follow","max-snippet":"max-snippet:-1","max-image-preview":"max-image-preview:large","max-video-preview":"max-video-preview:-1"},"canonical":"https:\/\/www.pelayo.com\/teloaseguro\/vida-y-salud\/incapacidad-laboral-tipos\/","og_locale":"es_ES","og_type":"article","og_title":"\u00bfQu\u00e9 es la incapacidad laboral? Tipos y grados - Pelayo","og_description":"Conoce toda la informaci\u00f3n sobre la incapacidad laboral. \u00bfSabes los diferentes tipos y grados que existen? Te lo explicamos en nuestra p\u00e1gina web, \u00a1entra!","og_url":"https:\/\/www.pelayo.com\/teloaseguro\/vida-y-salud\/incapacidad-laboral-tipos\/","og_site_name":"Pelayo","article_published_time":"2021-03-23T17:19:09+00:00","article_modified_time":"2021-12-15T12:15:07+00:00","og_image":[{"width":2560,"height":1072,"url":"https:\/\/www.pelayo.com\/teloaseguro\/wp-content\/uploads\/2021\/03\/incapacidad-laboral-scaled.jpg","type":"image\/jpeg"}],"twitter_card":"summary_large_image","twitter_misc":{"Escrito por":"Seguros Pelayo","Tiempo de lectura":"4 minutos"},"schema":{"@context":"https:\/\/schema.org","@graph":[{"@type":"WebSite","@id":"https:\/\/www.pelayo.com\/teloaseguro\/#website","url":"https:\/\/www.pelayo.com\/teloaseguro\/","name":"Pelayo","description":"","potentialAction":[{"@type":"SearchAction","target":{"@type":"EntryPoint","urlTemplate":"https:\/\/www.pelayo.com\/teloaseguro\/?s={search_term_string}"},"query-input":"required name=search_term_string"}],"inLanguage":"es"},{"@type":"ImageObject","@id":"https:\/\/www.pelayo.com\/teloaseguro\/vida-y-salud\/incapacidad-laboral-tipos\/#primaryimage","inLanguage":"es","url":"\/teloaseguro\/wp-content\/uploads\/2021\/03\/incapacidad-laboral-scaled.jpg","contentUrl":"\/teloaseguro\/wp-content\/uploads\/2021\/03\/incapacidad-laboral-scaled.jpg","width":2560,"height":1072},{"@type":"WebPage","@id":"https:\/\/www.pelayo.com\/teloaseguro\/vida-y-salud\/incapacidad-laboral-tipos\/#webpage","url":"https:\/\/www.pelayo.com\/teloaseguro\/vida-y-salud\/incapacidad-laboral-tipos\/","name":"\u00bfQu\u00e9 es la incapacidad laboral? Tipos y grados - Pelayo","isPartOf":{"@id":"https:\/\/www.pelayo.com\/teloaseguro\/#website"},"primaryImageOfPage":{"@id":"https:\/\/www.pelayo.com\/teloaseguro\/vida-y-salud\/incapacidad-laboral-tipos\/#primaryimage"},"datePublished":"2021-03-23T17:19:09+00:00","dateModified":"2021-12-15T12:15:07+00:00","author":{"@id":"https:\/\/www.pelayo.com\/teloaseguro\/#\/schema\/person\/c151acbe513a22e0ef7099b2134faee9"},"description":"Conoce toda la informaci\u00f3n sobre la incapacidad laboral. \u00bfSabes los diferentes tipos y grados que existen? Te lo explicamos en nuestra p\u00e1gina web, \u00a1entra!","breadcrumb":{"@id":"https:\/\/www.pelayo.com\/teloaseguro\/vida-y-salud\/incapacidad-laboral-tipos\/#breadcrumb"},"inLanguage":"es","potentialAction":[{"@type":"ReadAction","target":["https:\/\/www.pelayo.com\/teloaseguro\/vida-y-salud\/incapacidad-laboral-tipos\/"]}]},{"@type":"BreadcrumbList","@id":"https:\/\/www.pelayo.com\/teloaseguro\/vida-y-salud\/incapacidad-laboral-tipos\/#breadcrumb","itemListElement":[{"@type":"ListItem","position":1,"name":"Portada","item":"https:\/\/www.pelayo.com\/teloaseguro\/"},{"@type":"ListItem","position":2,"name":"\u00bfQu\u00e9 es la incapacidad laboral? Tipos y grados"}]},{"@type":"Person","@id":"https:\/\/www.pelayo.com\/teloaseguro\/#\/schema\/person\/c151acbe513a22e0ef7099b2134faee9","name":"Seguros Pelayo","image":{"@type":"ImageObject","@id":"https:\/\/www.pelayo.com\/teloaseguro\/#personlogo","inLanguage":"es","url":"https:\/\/secure.gravatar.com\/avatar\/?s=96&d=mm&r=g","contentUrl":"https:\/\/secure.gravatar.com\/avatar\/?s=96&d=mm&r=g","caption":"Seguros Pelayo"},"url":"https:\/\/www.pelayo.com\/teloaseguro\/author\/seguros-pelayo\/"}]}},"_links":{"self":[{"href":"https:\/\/www.pelayo.com\/teloaseguro\/wp-json\/wp\/v2\/posts\/84406"}],"collection":[{"href":"https:\/\/www.pelayo.com\/teloaseguro\/wp-json\/wp\/v2\/posts"}],"about":[{"href":"https:\/\/www.pelayo.com\/teloaseguro\/wp-json\/wp\/v2\/types\/post"}],"author":[{"embeddable":true,"href":"https:\/\/www.pelayo.com\/teloaseguro\/wp-json\/wp\/v2\/users\/4"}],"replies":[{"embeddable":true,"href":"https:\/\/www.pelayo.com\/teloaseguro\/wp-json\/wp\/v2\/comments?post=84406"}],"version-history":[{"count":2,"href":"https:\/\/www.pelayo.com\/teloaseguro\/wp-json\/wp\/v2\/posts\/84406\/revisions"}],"predecessor-version":[{"id":85317,"href":"https:\/\/www.pelayo.com\/teloaseguro\/wp-json\/wp\/v2\/posts\/84406\/revisions\/85317"}],"wp:featuredmedia":[{"embeddable":true,"href":"https:\/\/www.pelayo.com\/teloaseguro\/wp-json\/wp\/v2\/media\/84460"}],"wp:attachment":[{"href":"https:\/\/www.pelayo.com\/teloaseguro\/wp-json\/wp\/v2\/media?parent=84406"}],"wp:term":[{"taxonomy":"category","embeddable":true,"href":"https:\/\/www.pelayo.com\/teloaseguro\/wp-json\/wp\/v2\/categories?post=84406"},{"taxonomy":"post_tag","embeddable":true,"href":"https:\/\/www.pelayo.com\/teloaseguro\/wp-json\/wp\/v2\/tags?post=84406"}],"curies":[{"name":"wp","href":"https:\/\/api.w.org\/{rel}","templated":true}]}}