{"id":84103,"date":"2020-09-16T16:14:36","date_gmt":"2020-09-16T16:14:36","guid":{"rendered":"http:\/\/www.pelayo.com\/teloaseguro\/?p=84103"},"modified":"2022-05-17T10:15:14","modified_gmt":"2022-05-17T10:15:14","slug":"vuelta-colegio","status":"publish","type":"post","link":"https:\/\/www.pelayo.com\/teloaseguro\/curiosidades\/vuelta-colegio\/","title":{"rendered":"La vuelta a las aulas y sus medidas para prevenir la COVID-19"},"content":{"rendered":"<p><b><span data-contrast=\"none\">La pandemia del coronavirus ha provocado que se viva la vuelta\u00a0<\/span><\/b><b><span data-contrast=\"none\">al colegio, institutos y universidades<\/span><\/b><b><span data-contrast=\"none\">\u00a0m\u00e1s at\u00edpica que se recuerda.\u00a0<\/span><\/b><span data-contrast=\"none\">La incertidumbre y el miedo envuelven a los padres por un regreso a las aulas con muchos interrogantes y marcado por unas estrictas medidas de higiene y seguridad. El uso de la mascarilla, el distanciamiento f\u00edsico, los controles de temperatura, el lavado de manos o la limpieza y desinfecci\u00f3n continua de las zonas comunes, son los pilares sobre los que se asienta\u00a0<\/span><span data-contrast=\"none\">el curso escolar. Los\u00a0<\/span><span data-contrast=\"none\">expertos<\/span><span data-contrast=\"none\">\u00a0insisten en la importancia de que los centros educativos sean\u00a0<\/span><span data-contrast=\"none\">rigurosos y no bajen la guardia<\/span><span data-contrast=\"none\">\u00a0y<\/span><span data-contrast=\"none\">,<\/span><span data-contrast=\"none\">\u00a0al mismo tiempo<\/span><span data-contrast=\"none\">, que<\/span><span data-contrast=\"none\">\u00a0los padres reh\u00fasen de llevar a sus hijos a clase en cuanto aparezca un s\u00edntoma compatible con la COVID-19 por muy leve que sea.\u00a0<\/span><span data-ccp-props=\"{&quot;335551550&quot;:6,&quot;335551620&quot;:6,&quot;335559740&quot;:360}\">\u00a0<\/span><\/p>\n<p><span data-contrast=\"none\">Despu\u00e9s de seis meses de par\u00f3n\u00a0<\/span><span data-contrast=\"none\">presencial\u00a0<\/span><span data-contrast=\"none\">obligado, el curso escolar ha echado a andar con numerosos protocolos, pero sin olvidar de que el riesgo cero no existe. Ha sido medio a\u00f1o complicado para padres e hijos. Los primeros han tenido que\u00a0<\/span><a href=\"https:\/\/www.pelayo.com\/teloaseguro\/hogar\/beneficio-seguros-hogar-teletrabajo\/\"><span data-contrast=\"none\">compatibilizar el teletrabajo<\/span><\/a><span data-contrast=\"none\">\u00a0con el cuidado de los ni\u00f1os y el seguimiento de sus actividades telem\u00e1ticas. Y los peque\u00f1os de la casa han perdido ese contacto tan\u00a0<\/span><span data-contrast=\"none\">necesario con la escuela, los docentes y los compa\u00f1eros de clase. Es momento de iniciar una nueva etapa con muchas preguntas\u00a0<\/span><span data-contrast=\"none\">y la esperanza de que todo pueda volver a poco a poco a la normalidad.\u00a0<\/span><span data-ccp-props=\"{&quot;335551550&quot;:6,&quot;335551620&quot;:6,&quot;335559740&quot;:360}\">\u00a0<\/span><\/p>\n<h2><span data-contrast=\"none\">Recomendaciones para una vuelta\u00a0<\/span><span data-contrast=\"none\">al cole\u00a0<\/span><span data-contrast=\"none\">segura<\/span><span data-ccp-props=\"{&quot;335551550&quot;:6,&quot;335551620&quot;:6,&quot;335559740&quot;:360}\">\u00a0<\/span><\/h2>\n<p><b><span data-contrast=\"none\">Uso de la mascarilla.<\/span><\/b><span data-contrast=\"none\">\u00a0Se ha convertido en un complemento imprescindible no solo para los adultos, tambi\u00e9n para los ni\u00f1os. Los mayores de 6 a\u00f1os deber\u00e1n llevarla de forma obligatoria, pero es aconsejable\u00a0<\/span><span data-contrast=\"none\">a partir de los 3. Siempre debe<\/span><span data-contrast=\"none\">\u00a0cubrir la nar<\/span><span data-contrast=\"none\">iz y la boca y no se<\/span><span data-contrast=\"none\">r\u00e1 necesario usarla cuando permanezcan<\/span><span data-contrast=\"none\">\u00a0sentados, guarden la distancia de seguridad y est\u00e9n dentro de la misma \u2018burbuja\u2019.<\/span><span data-ccp-props=\"{&quot;335551550&quot;:6,&quot;335551620&quot;:6,&quot;335559740&quot;:360}\">\u00a0<\/span><span data-ccp-props=\"{&quot;335551550&quot;:6,&quot;335551620&quot;:6,&quot;335559740&quot;:360}\">\u00a0<\/span><\/p>\n<p><b><span data-contrast=\"none\">Lavado de manos.<\/span><\/b><span data-contrast=\"none\">\u00a0La experiencia de otros pa\u00edses nos dice que en los centros escolares donde hay una buena higiene de manos, las posibilidades de contagio se reducen de forma exponencial. Es fundamental\u00a0<\/span><span data-contrast=\"none\">que lo hagan continuamente<\/span><span data-contrast=\"none\">\u00a0tanto\u00a0<\/span><span data-contrast=\"none\">alumnos como<\/span><span data-contrast=\"none\">\u00a0profesores.<\/span><span data-ccp-props=\"{&quot;335551550&quot;:6,&quot;335551620&quot;:6,&quot;335559740&quot;:360}\">\u00a0<\/span><\/p>\n<p><b><span data-contrast=\"none\">Distancia social.<\/span><\/b><span data-contrast=\"none\">\u00a0La separaci\u00f3n de dos metros siempre que sea posible entre alumnos, docentes, otros trabajadores del centro y padres es\u00a0<\/span><span data-contrast=\"none\">primordial<\/span><span data-contrast=\"none\">. Los pupitres deber\u00e1n estar separados 1,5 metros y el escenario id\u00f3neo es que la ratio profesor-alumno sea la m\u00e1s baja posible.<\/span><span data-ccp-props=\"{&quot;335551550&quot;:6,&quot;335551620&quot;:6,&quot;335559740&quot;:360}\">\u00a0<\/span><\/p>\n<p><b><span data-contrast=\"none\">Limpieza\u00a0 del centro.<\/span><\/b><span data-contrast=\"none\">\u00a0La desinfecci\u00f3n y limpieza de las zonas comunes del centro debe ser una prioridad. Asimismo, es necesaria una buena ventilaci\u00f3n y que siempre sea el docente el que cambie de aula para dar una determinada clase y no los alumnos.<\/span><span data-ccp-props=\"{&quot;335551550&quot;:6,&quot;335551620&quot;:6,&quot;335559740&quot;:360}\">\u00a0<\/span><\/p>\n<p><b><span data-contrast=\"none\">Control de temperatura.<\/span><\/b><span data-contrast=\"none\">\u00a0Aunque no sea una medida efectiva por el alto n\u00famero de ni\u00f1os asintom\u00e1ticos, es conveniente que, primero\u00a0<\/span><span data-contrast=\"none\">los padres en casa, y despu\u00e9s los\u00a0<\/span><span data-contrast=\"none\">educadores en el centro<\/span><span data-contrast=\"none\">,<\/span><span data-contrast=\"none\">\u00a0hagan ese control. Seg\u00fan la Gu\u00eda de la Sociedad Espa\u00f1ola de Pediatr\u00eda de Atenci\u00f3n Primaria, si el menor tiene una temperatura igual o superior a 37,5 grados, debe quedarse en casa.\u00a0<\/span><span data-ccp-props=\"{&quot;335551550&quot;:6,&quot;335551620&quot;:6,&quot;335559740&quot;:360}\">\u00a0<\/span><\/p>\n<p><b><span data-contrast=\"none\">Ni\u00f1os exentos de acudir a clase.<\/span><\/b><span data-contrast=\"none\">\u00a0Los ni\u00f1os con inmunodeficiencias primarias (IDP), los que sufran cardiopat\u00edas, los que presenten patolog\u00edas respiratorias o los que est\u00e9n sometidos a di\u00e1lisis, est\u00e1n exentos de acudir a clase al considerarse poblaci\u00f3n de riesgo.<\/span><span data-ccp-props=\"{&quot;335551550&quot;:6,&quot;335551620&quot;:6,&quot;335559740&quot;:360}\">\u00a0<\/span><\/p>\n<p><img loading=\"lazy\" class=\"alignnone wp-image-83282 size-full\" src=\"http:\/\/www.pelayo.com\/teloaseguro\/wp-content\/uploads\/2020\/09\/vuelta-al-cole-.jpg\" width=\"2892\" height=\"1211\" \/><\/p>\n","protected":false},"excerpt":{"rendered":"<p>La pandemia del coronavirus ha provocado que se viva la vuelta\u00a0al colegio, institutos y universidades\u00a0m\u00e1s at\u00edpica que se recuerda.\u00a0La incertidumbre<\/p>\n","protected":false},"author":4,"featured_media":84536,"comment_status":"closed","ping_status":"open","sticky":false,"template":"","format":"standard","meta":[],"categories":[3],"tags":[],"yoast_head":"<!-- This site is optimized with the Yoast SEO plugin v17.5 - https:\/\/yoast.com\/wordpress\/plugins\/seo\/ -->\n<title>Vuelta al cole: Medidas para prevenir la COVID | Pelayo<\/title>\n<meta name=\"description\" content=\"La vuelta al cole genera dudas y una serie de medidas de higiene y seguridad que son fundamentales para prevenir la propagaci\u00f3n del COVID-19.\" \/>\n<meta name=\"robots\" content=\"index, follow, max-snippet:-1, max-image-preview:large, max-video-preview:-1\" \/>\n<link rel=\"canonical\" href=\"https:\/\/www.pelayo.com\/teloaseguro\/curiosidades\/vuelta-colegio\/\" \/>\n<meta property=\"og:locale\" content=\"es_ES\" \/>\n<meta property=\"og:type\" content=\"article\" \/>\n<meta property=\"og:title\" content=\"Vuelta al cole: Medidas para prevenir la COVID | Pelayo\" \/>\n<meta property=\"og:description\" content=\"La vuelta al cole genera dudas y una serie de medidas de higiene y seguridad que son fundamentales para prevenir la propagaci\u00f3n del COVID-19.\" \/>\n<meta property=\"og:url\" content=\"https:\/\/www.pelayo.com\/teloaseguro\/curiosidades\/vuelta-colegio\/\" \/>\n<meta property=\"og:site_name\" content=\"Pelayo\" \/>\n<meta property=\"article:published_time\" content=\"2020-09-16T16:14:36+00:00\" \/>\n<meta property=\"article:modified_time\" content=\"2022-05-17T10:15:14+00:00\" \/>\n<meta property=\"og:image\" content=\"https:\/\/www.pelayo.com\/teloaseguro\/wp-content\/uploads\/2020\/09\/vuelta-al-cole--scaled.jpg\" \/>\n\t<meta property=\"og:image:width\" content=\"2560\" \/>\n\t<meta property=\"og:image:height\" content=\"1072\" \/>\n<meta name=\"twitter:card\" content=\"summary_large_image\" \/>\n<meta name=\"twitter:label1\" content=\"Escrito por\" \/>\n\t<meta name=\"twitter:data1\" content=\"Seguros Pelayo\" \/>\n\t<meta name=\"twitter:label2\" content=\"Tiempo de lectura\" \/>\n\t<meta name=\"twitter:data2\" content=\"3 minutos\" \/>\n<script type=\"application\/ld+json\" class=\"yoast-schema-graph\">{\"@context\":\"https:\/\/schema.org\",\"@graph\":[{\"@type\":\"WebSite\",\"@id\":\"https:\/\/www.pelayo.com\/teloaseguro\/#website\",\"url\":\"https:\/\/www.pelayo.com\/teloaseguro\/\",\"name\":\"Pelayo\",\"description\":\"\",\"potentialAction\":[{\"@type\":\"SearchAction\",\"target\":{\"@type\":\"EntryPoint\",\"urlTemplate\":\"https:\/\/www.pelayo.com\/teloaseguro\/?s={search_term_string}\"},\"query-input\":\"required name=search_term_string\"}],\"inLanguage\":\"es\"},{\"@type\":\"ImageObject\",\"@id\":\"https:\/\/www.pelayo.com\/teloaseguro\/curiosidades\/vuelta-colegio\/#primaryimage\",\"inLanguage\":\"es\",\"url\":\"\/teloaseguro\/wp-content\/uploads\/2020\/09\/vuelta-al-cole--scaled.jpg\",\"contentUrl\":\"\/teloaseguro\/wp-content\/uploads\/2020\/09\/vuelta-al-cole--scaled.jpg\",\"width\":2560,\"height\":1072},{\"@type\":\"WebPage\",\"@id\":\"https:\/\/www.pelayo.com\/teloaseguro\/curiosidades\/vuelta-colegio\/#webpage\",\"url\":\"https:\/\/www.pelayo.com\/teloaseguro\/curiosidades\/vuelta-colegio\/\",\"name\":\"Vuelta al cole: Medidas para prevenir la COVID | Pelayo\",\"isPartOf\":{\"@id\":\"https:\/\/www.pelayo.com\/teloaseguro\/#website\"},\"primaryImageOfPage\":{\"@id\":\"https:\/\/www.pelayo.com\/teloaseguro\/curiosidades\/vuelta-colegio\/#primaryimage\"},\"datePublished\":\"2020-09-16T16:14:36+00:00\",\"dateModified\":\"2022-05-17T10:15:14+00:00\",\"author\":{\"@id\":\"https:\/\/www.pelayo.com\/teloaseguro\/#\/schema\/person\/c151acbe513a22e0ef7099b2134faee9\"},\"description\":\"La vuelta al cole genera dudas y una serie de medidas de higiene y seguridad que son fundamentales para prevenir la propagaci\\u00f3n del COVID-19.\",\"breadcrumb\":{\"@id\":\"https:\/\/www.pelayo.com\/teloaseguro\/curiosidades\/vuelta-colegio\/#breadcrumb\"},\"inLanguage\":\"es\",\"potentialAction\":[{\"@type\":\"ReadAction\",\"target\":[\"https:\/\/www.pelayo.com\/teloaseguro\/curiosidades\/vuelta-colegio\/\"]}]},{\"@type\":\"BreadcrumbList\",\"@id\":\"https:\/\/www.pelayo.com\/teloaseguro\/curiosidades\/vuelta-colegio\/#breadcrumb\",\"itemListElement\":[{\"@type\":\"ListItem\",\"position\":1,\"name\":\"Portada\",\"item\":\"https:\/\/www.pelayo.com\/teloaseguro\/\"},{\"@type\":\"ListItem\",\"position\":2,\"name\":\"La vuelta a las aulas y sus medidas para prevenir la COVID-19\"}]},{\"@type\":\"Person\",\"@id\":\"https:\/\/www.pelayo.com\/teloaseguro\/#\/schema\/person\/c151acbe513a22e0ef7099b2134faee9\",\"name\":\"Seguros Pelayo\",\"image\":{\"@type\":\"ImageObject\",\"@id\":\"https:\/\/www.pelayo.com\/teloaseguro\/#personlogo\",\"inLanguage\":\"es\",\"url\":\"https:\/\/secure.gravatar.com\/avatar\/?s=96&d=mm&r=g\",\"contentUrl\":\"https:\/\/secure.gravatar.com\/avatar\/?s=96&d=mm&r=g\",\"caption\":\"Seguros Pelayo\"},\"url\":\"https:\/\/www.pelayo.com\/teloaseguro\/author\/seguros-pelayo\/\"}]}<\/script>\n<!-- \/ Yoast SEO plugin. -->","yoast_head_json":{"title":"Vuelta al cole: Medidas para prevenir la COVID | Pelayo","description":"La vuelta al cole genera dudas y una serie de medidas de higiene y seguridad que son fundamentales para prevenir la propagaci\u00f3n del COVID-19.","robots":{"index":"index","follow":"follow","max-snippet":"max-snippet:-1","max-image-preview":"max-image-preview:large","max-video-preview":"max-video-preview:-1"},"canonical":"https:\/\/www.pelayo.com\/teloaseguro\/curiosidades\/vuelta-colegio\/","og_locale":"es_ES","og_type":"article","og_title":"Vuelta al cole: Medidas para prevenir la COVID | Pelayo","og_description":"La vuelta al cole genera dudas y una serie de medidas de higiene y seguridad que son fundamentales para prevenir la propagaci\u00f3n del COVID-19.","og_url":"https:\/\/www.pelayo.com\/teloaseguro\/curiosidades\/vuelta-colegio\/","og_site_name":"Pelayo","article_published_time":"2020-09-16T16:14:36+00:00","article_modified_time":"2022-05-17T10:15:14+00:00","og_image":[{"width":2560,"height":1072,"url":"https:\/\/www.pelayo.com\/teloaseguro\/wp-content\/uploads\/2020\/09\/vuelta-al-cole--scaled.jpg","type":"image\/jpeg"}],"twitter_card":"summary_large_image","twitter_misc":{"Escrito por":"Seguros Pelayo","Tiempo de lectura":"3 minutos"},"schema":{"@context":"https:\/\/schema.org","@graph":[{"@type":"WebSite","@id":"https:\/\/www.pelayo.com\/teloaseguro\/#website","url":"https:\/\/www.pelayo.com\/teloaseguro\/","name":"Pelayo","description":"","potentialAction":[{"@type":"SearchAction","target":{"@type":"EntryPoint","urlTemplate":"https:\/\/www.pelayo.com\/teloaseguro\/?s={search_term_string}"},"query-input":"required name=search_term_string"}],"inLanguage":"es"},{"@type":"ImageObject","@id":"https:\/\/www.pelayo.com\/teloaseguro\/curiosidades\/vuelta-colegio\/#primaryimage","inLanguage":"es","url":"\/teloaseguro\/wp-content\/uploads\/2020\/09\/vuelta-al-cole--scaled.jpg","contentUrl":"\/teloaseguro\/wp-content\/uploads\/2020\/09\/vuelta-al-cole--scaled.jpg","width":2560,"height":1072},{"@type":"WebPage","@id":"https:\/\/www.pelayo.com\/teloaseguro\/curiosidades\/vuelta-colegio\/#webpage","url":"https:\/\/www.pelayo.com\/teloaseguro\/curiosidades\/vuelta-colegio\/","name":"Vuelta al cole: Medidas para prevenir la COVID | Pelayo","isPartOf":{"@id":"https:\/\/www.pelayo.com\/teloaseguro\/#website"},"primaryImageOfPage":{"@id":"https:\/\/www.pelayo.com\/teloaseguro\/curiosidades\/vuelta-colegio\/#primaryimage"},"datePublished":"2020-09-16T16:14:36+00:00","dateModified":"2022-05-17T10:15:14+00:00","author":{"@id":"https:\/\/www.pelayo.com\/teloaseguro\/#\/schema\/person\/c151acbe513a22e0ef7099b2134faee9"},"description":"La vuelta al cole genera dudas y una serie de medidas de higiene y seguridad que son fundamentales para prevenir la propagaci\u00f3n del COVID-19.","breadcrumb":{"@id":"https:\/\/www.pelayo.com\/teloaseguro\/curiosidades\/vuelta-colegio\/#breadcrumb"},"inLanguage":"es","potentialAction":[{"@type":"ReadAction","target":["https:\/\/www.pelayo.com\/teloaseguro\/curiosidades\/vuelta-colegio\/"]}]},{"@type":"BreadcrumbList","@id":"https:\/\/www.pelayo.com\/teloaseguro\/curiosidades\/vuelta-colegio\/#breadcrumb","itemListElement":[{"@type":"ListItem","position":1,"name":"Portada","item":"https:\/\/www.pelayo.com\/teloaseguro\/"},{"@type":"ListItem","position":2,"name":"La vuelta a las aulas y sus medidas para prevenir la COVID-19"}]},{"@type":"Person","@id":"https:\/\/www.pelayo.com\/teloaseguro\/#\/schema\/person\/c151acbe513a22e0ef7099b2134faee9","name":"Seguros Pelayo","image":{"@type":"ImageObject","@id":"https:\/\/www.pelayo.com\/teloaseguro\/#personlogo","inLanguage":"es","url":"https:\/\/secure.gravatar.com\/avatar\/?s=96&d=mm&r=g","contentUrl":"https:\/\/secure.gravatar.com\/avatar\/?s=96&d=mm&r=g","caption":"Seguros Pelayo"},"url":"https:\/\/www.pelayo.com\/teloaseguro\/author\/seguros-pelayo\/"}]}},"_links":{"self":[{"href":"https:\/\/www.pelayo.com\/teloaseguro\/wp-json\/wp\/v2\/posts\/84103"}],"collection":[{"href":"https:\/\/www.pelayo.com\/teloaseguro\/wp-json\/wp\/v2\/posts"}],"about":[{"href":"https:\/\/www.pelayo.com\/teloaseguro\/wp-json\/wp\/v2\/types\/post"}],"author":[{"embeddable":true,"href":"https:\/\/www.pelayo.com\/teloaseguro\/wp-json\/wp\/v2\/users\/4"}],"replies":[{"embeddable":true,"href":"https:\/\/www.pelayo.com\/teloaseguro\/wp-json\/wp\/v2\/comments?post=84103"}],"version-history":[{"count":2,"href":"https:\/\/www.pelayo.com\/teloaseguro\/wp-json\/wp\/v2\/posts\/84103\/revisions"}],"predecessor-version":[{"id":85507,"href":"https:\/\/www.pelayo.com\/teloaseguro\/wp-json\/wp\/v2\/posts\/84103\/revisions\/85507"}],"wp:featuredmedia":[{"embeddable":true,"href":"https:\/\/www.pelayo.com\/teloaseguro\/wp-json\/wp\/v2\/media\/84536"}],"wp:attachment":[{"href":"https:\/\/www.pelayo.com\/teloaseguro\/wp-json\/wp\/v2\/media?parent=84103"}],"wp:term":[{"taxonomy":"category","embeddable":true,"href":"https:\/\/www.pelayo.com\/teloaseguro\/wp-json\/wp\/v2\/categories?post=84103"},{"taxonomy":"post_tag","embeddable":true,"href":"https:\/\/www.pelayo.com\/teloaseguro\/wp-json\/wp\/v2\/tags?post=84103"}],"curies":[{"name":"wp","href":"https:\/\/api.w.org\/{rel}","templated":true}]}}