{"id":83456,"date":"2020-05-13T13:51:34","date_gmt":"2020-05-13T13:51:34","guid":{"rendered":"http:\/\/www.pelayo.com\/teloaseguro\/?p=83456"},"modified":"2021-12-23T10:00:43","modified_gmt":"2021-12-23T10:00:43","slug":"coches-fases-desescalada","status":"publish","type":"post","link":"https:\/\/www.pelayo.com\/teloaseguro\/coche-y-moto\/coches-fases-desescalada\/","title":{"rendered":"C\u00f3mo usar el coche en cada fase de la desescalada"},"content":{"rendered":"<p><strong>Poco a poco estamos venciendo al virus, aunque no se puede bajar la guardia. Es el momento de ser m\u00e1s responsables que nunca para recuperar la normalidad, te contamos c\u00f3mo usar el coche en cada fase de la desescalada.<\/strong><\/p>\n<p>Los coches ser\u00e1n <a href=\"https:\/\/www.pelayo.com\/teloaseguro\/coche-y-moto\/coche-tras-confinamiento\/\">la elecci\u00f3n m\u00e1s com\u00fan para realizar cualquier tipo de desplazamiento<\/a>, por eso su presencia en las calles ser\u00e1 cada vez mayor. Sin embargo, el plan de desescalada elaborado por el Gobierno <strong>establece unas pautas concretas relacionadas con los veh\u00edculos.<\/strong> \u00bfC\u00f3mo usar el coche en cada fase? \u00bfCu\u00e1ntas personas pueden viajar en \u00e9l? \u00bfEn qu\u00e9 \u00e1mbito territorial me puedo mover? Vamos a responder a todas estas preguntas para salir de dudas.<\/p>\n<p>No podemos olvidar que venimos de una cuarentena donde estaba permitido el uso del veh\u00edculo para desplazarse al trabajo; acudir al supermercado, a la farmacia o al banco; ir al m\u00e9dico; o por una causa de fuerza mayor. La desescalada trae ahora un nuevo escenario cuya evoluci\u00f3n estar\u00e1 condicionada a que no se produzca ning\u00fan rebrote de la enfermedad.<\/p>\n<h2>As\u00ed ser\u00e1 el uso del veh\u00edculo en las cuatro fases de la desescalada<\/h2>\n<p>El Gobierno de Espa\u00f1a ha establecido cuatro fases de desescalada en las que se podr\u00e1 hacer un uso espec\u00edfico del veh\u00edculo en base a una serie de patrones. En ning\u00fan momento tenemos que olvidar que nuestro coche debe estar a punto y con el seguro en vigor.<\/p>\n<p><strong>Fase 0<\/strong>. Arranc\u00f3 el 4 de mayo en todo el pa\u00eds. Durante este periodo es posible utilizar el veh\u00edculo en todos los casos que ya estaban permitidos en la cuarentena. Adem\u00e1s se le suma la posibilidad de acudir a los negocios que han abierto sus puertas bajo cita previa: peluquer\u00edas, restaurantes que sirven comida para llevar, cl\u00ednicas dentales\u2026 Asimismo se abre la puerta a emplearlo para desplazarse a un huerto familiar. Aunque en esta fase el confinamiento se relaja gracias a la oportunidad de hacer deporte y dar paseos, en ning\u00fan caso se puede disponer del coche para este fin. En cuanto a <strong>n\u00famero de personas que pueden viajar en un mismo coche<\/strong>, \u00e9ste podr\u00e1 ir lleno siempre que lo ocupantes residan en el mismo domicilio. Si no es as\u00ed, solo se ocupar\u00e1 una plaza por fila siempre que est\u00e9n cruzados y usen mascarilla de forma obligatoria.<\/p>\n<p><strong>Fase 1.<\/strong> Las provincias que cumplan los requisitos epidemiol\u00f3gicos, econ\u00f3micos, sociales y de movilidad establecidos por el Gobierno <strong>podr\u00e1n entrar en esta fase a partir del 11 de mayo<\/strong>. Aunque los usos concretos del coche en esta y las siguientes fases deber\u00e1n ser matizados por diferentes \u00f3rdenes ministeriales, hay algunas cosas que ya tenemos claras. Abrir\u00e1n negocios como algunos alojamientos tur\u00edsticos, peque\u00f1os comercios, algunos mercadillos y lugares de culto. Tambi\u00e9n volver\u00e1 la celebraci\u00f3n de peque\u00f1os congresos y seminarios y actos culturales al aire libre. Todo hace indicar que el uso del coche se ampliar\u00e1 para acudir a estos puntos. En cuanto a la ocupaci\u00f3n de los veh\u00edculos, se mantendr\u00e1n las condiciones de la fase 0.<\/p>\n<p><strong>Fase 2.<\/strong> El uso del veh\u00edculo se amplia de la misma forma que se eliminan algunas restricciones impuestas en las fases anteriores. Por ejemplo, ser\u00e1 posible reunirnos con familiares y amigos, e incluso acudir a segundas residencias siempre que est\u00e9n en la misma provincia que la primera. Tambi\u00e9n se abrir\u00e1n algunos centros educativos, \u00e1reas comerciales, adem\u00e1s de cines y teatros. El coche se usar\u00e1 por tanto de una forma m\u00e1s abierta para acudir a estos lugares, adem\u00e1s de para realizar caza y pesca deportiva. Eso s\u00ed, el l\u00edmite ser\u00e1 la provincia en la que residamos.<\/p>\n<p><strong>Fase 3.<\/strong> Ser\u00e1 el \u00faltimo paso antes de alcanzar la \u2018nueva normalidad\u2019. Las empresas que ten\u00edan a sus empleados trabajando desde casa podr\u00e1n recuperar la actividad normal y ser\u00e1 posible realizar actividades de ocio como, por ejemplo, ir a la playa. De esta forma, el coche ya se podr\u00e1 usar casi sin restricciones e incluso ser\u00e1 posible desplazarse a otras provincias que tambi\u00e9n hayan alcanzado la fase 3.<\/p>\n<p>En Pelayo trabajamos para tu tranquilidad, conoce todas las ventajas y coberturas de nuestros <a href=\"https:\/\/www.pelayo.com\/seguros-coche\">seguros de coche<\/a>.<\/p>\n","protected":false},"excerpt":{"rendered":"<p>Poco a poco estamos venciendo al virus, aunque no se puede bajar la guardia. Es el momento de ser m\u00e1s<\/p>\n","protected":false},"author":4,"featured_media":84605,"comment_status":"closed","ping_status":"open","sticky":false,"template":"","format":"standard","meta":[],"categories":[5],"tags":[],"yoast_head":"<!-- This site is optimized with the Yoast SEO plugin v17.5 - https:\/\/yoast.com\/wordpress\/plugins\/seo\/ -->\n<title>El coche en las fases de desescalada - Te lo aseguro - Pelayo<\/title>\n<meta name=\"description\" content=\"Conoce toda la informaci\u00f3n sobre el uso del coche en cada una de las cuatro fases para regresar a una \u2018nueva normalidad\u2019, te lo contamos en nuestro blog.\" \/>\n<meta name=\"robots\" content=\"index, follow, max-snippet:-1, max-image-preview:large, max-video-preview:-1\" \/>\n<link rel=\"canonical\" href=\"https:\/\/www.pelayo.com\/teloaseguro\/coche-y-moto\/coches-fases-desescalada\/\" \/>\n<meta property=\"og:locale\" content=\"es_ES\" \/>\n<meta property=\"og:type\" content=\"article\" \/>\n<meta property=\"og:title\" content=\"El coche en las fases de desescalada - Te lo aseguro - Pelayo\" \/>\n<meta property=\"og:description\" content=\"Conoce toda la informaci\u00f3n sobre el uso del coche en cada una de las cuatro fases para regresar a una \u2018nueva normalidad\u2019, te lo contamos en nuestro blog.\" \/>\n<meta property=\"og:url\" content=\"https:\/\/www.pelayo.com\/teloaseguro\/coche-y-moto\/coches-fases-desescalada\/\" \/>\n<meta property=\"og:site_name\" content=\"Pelayo\" \/>\n<meta property=\"article:published_time\" content=\"2020-05-13T13:51:34+00:00\" \/>\n<meta property=\"article:modified_time\" content=\"2021-12-23T10:00:43+00:00\" \/>\n<meta property=\"og:image\" content=\"https:\/\/www.pelayo.com\/teloaseguro\/wp-content\/uploads\/2020\/05\/desescalada-coche-scaled.jpg\" \/>\n\t<meta property=\"og:image:width\" content=\"2560\" \/>\n\t<meta property=\"og:image:height\" content=\"1072\" \/>\n<meta name=\"twitter:card\" content=\"summary_large_image\" \/>\n<meta name=\"twitter:label1\" content=\"Escrito por\" \/>\n\t<meta name=\"twitter:data1\" content=\"Seguros Pelayo\" \/>\n\t<meta name=\"twitter:label2\" content=\"Tiempo de lectura\" \/>\n\t<meta name=\"twitter:data2\" content=\"4 minutos\" \/>\n<script type=\"application\/ld+json\" class=\"yoast-schema-graph\">{\"@context\":\"https:\/\/schema.org\",\"@graph\":[{\"@type\":\"WebSite\",\"@id\":\"https:\/\/www.pelayo.com\/teloaseguro\/#website\",\"url\":\"https:\/\/www.pelayo.com\/teloaseguro\/\",\"name\":\"Pelayo\",\"description\":\"\",\"potentialAction\":[{\"@type\":\"SearchAction\",\"target\":{\"@type\":\"EntryPoint\",\"urlTemplate\":\"https:\/\/www.pelayo.com\/teloaseguro\/?s={search_term_string}\"},\"query-input\":\"required name=search_term_string\"}],\"inLanguage\":\"es\"},{\"@type\":\"ImageObject\",\"@id\":\"https:\/\/www.pelayo.com\/teloaseguro\/coche-y-moto\/coches-fases-desescalada\/#primaryimage\",\"inLanguage\":\"es\",\"url\":\"\/teloaseguro\/wp-content\/uploads\/2020\/05\/desescalada-coche-scaled.jpg\",\"contentUrl\":\"\/teloaseguro\/wp-content\/uploads\/2020\/05\/desescalada-coche-scaled.jpg\",\"width\":2560,\"height\":1072},{\"@type\":\"WebPage\",\"@id\":\"https:\/\/www.pelayo.com\/teloaseguro\/coche-y-moto\/coches-fases-desescalada\/#webpage\",\"url\":\"https:\/\/www.pelayo.com\/teloaseguro\/coche-y-moto\/coches-fases-desescalada\/\",\"name\":\"El coche en las fases de desescalada - Te lo aseguro - Pelayo\",\"isPartOf\":{\"@id\":\"https:\/\/www.pelayo.com\/teloaseguro\/#website\"},\"primaryImageOfPage\":{\"@id\":\"https:\/\/www.pelayo.com\/teloaseguro\/coche-y-moto\/coches-fases-desescalada\/#primaryimage\"},\"datePublished\":\"2020-05-13T13:51:34+00:00\",\"dateModified\":\"2021-12-23T10:00:43+00:00\",\"author\":{\"@id\":\"https:\/\/www.pelayo.com\/teloaseguro\/#\/schema\/person\/c151acbe513a22e0ef7099b2134faee9\"},\"description\":\"Conoce toda la informaci\\u00f3n sobre el uso del coche en cada una de las cuatro fases para regresar a una \\u2018nueva normalidad\\u2019, te lo contamos en nuestro blog.\",\"breadcrumb\":{\"@id\":\"https:\/\/www.pelayo.com\/teloaseguro\/coche-y-moto\/coches-fases-desescalada\/#breadcrumb\"},\"inLanguage\":\"es\",\"potentialAction\":[{\"@type\":\"ReadAction\",\"target\":[\"https:\/\/www.pelayo.com\/teloaseguro\/coche-y-moto\/coches-fases-desescalada\/\"]}]},{\"@type\":\"BreadcrumbList\",\"@id\":\"https:\/\/www.pelayo.com\/teloaseguro\/coche-y-moto\/coches-fases-desescalada\/#breadcrumb\",\"itemListElement\":[{\"@type\":\"ListItem\",\"position\":1,\"name\":\"Portada\",\"item\":\"https:\/\/www.pelayo.com\/teloaseguro\/\"},{\"@type\":\"ListItem\",\"position\":2,\"name\":\"C\\u00f3mo usar el coche en cada fase de la desescalada\"}]},{\"@type\":\"Person\",\"@id\":\"https:\/\/www.pelayo.com\/teloaseguro\/#\/schema\/person\/c151acbe513a22e0ef7099b2134faee9\",\"name\":\"Seguros Pelayo\",\"image\":{\"@type\":\"ImageObject\",\"@id\":\"https:\/\/www.pelayo.com\/teloaseguro\/#personlogo\",\"inLanguage\":\"es\",\"url\":\"https:\/\/secure.gravatar.com\/avatar\/?s=96&d=mm&r=g\",\"contentUrl\":\"https:\/\/secure.gravatar.com\/avatar\/?s=96&d=mm&r=g\",\"caption\":\"Seguros Pelayo\"},\"url\":\"https:\/\/www.pelayo.com\/teloaseguro\/author\/seguros-pelayo\/\"}]}<\/script>\n<!-- \/ Yoast SEO plugin. -->","yoast_head_json":{"title":"El coche en las fases de desescalada - Te lo aseguro - Pelayo","description":"Conoce toda la informaci\u00f3n sobre el uso del coche en cada una de las cuatro fases para regresar a una \u2018nueva normalidad\u2019, te lo contamos en nuestro blog.","robots":{"index":"index","follow":"follow","max-snippet":"max-snippet:-1","max-image-preview":"max-image-preview:large","max-video-preview":"max-video-preview:-1"},"canonical":"https:\/\/www.pelayo.com\/teloaseguro\/coche-y-moto\/coches-fases-desescalada\/","og_locale":"es_ES","og_type":"article","og_title":"El coche en las fases de desescalada - Te lo aseguro - Pelayo","og_description":"Conoce toda la informaci\u00f3n sobre el uso del coche en cada una de las cuatro fases para regresar a una \u2018nueva normalidad\u2019, te lo contamos en nuestro blog.","og_url":"https:\/\/www.pelayo.com\/teloaseguro\/coche-y-moto\/coches-fases-desescalada\/","og_site_name":"Pelayo","article_published_time":"2020-05-13T13:51:34+00:00","article_modified_time":"2021-12-23T10:00:43+00:00","og_image":[{"width":2560,"height":1072,"url":"https:\/\/www.pelayo.com\/teloaseguro\/wp-content\/uploads\/2020\/05\/desescalada-coche-scaled.jpg","type":"image\/jpeg"}],"twitter_card":"summary_large_image","twitter_misc":{"Escrito por":"Seguros Pelayo","Tiempo de lectura":"4 minutos"},"schema":{"@context":"https:\/\/schema.org","@graph":[{"@type":"WebSite","@id":"https:\/\/www.pelayo.com\/teloaseguro\/#website","url":"https:\/\/www.pelayo.com\/teloaseguro\/","name":"Pelayo","description":"","potentialAction":[{"@type":"SearchAction","target":{"@type":"EntryPoint","urlTemplate":"https:\/\/www.pelayo.com\/teloaseguro\/?s={search_term_string}"},"query-input":"required name=search_term_string"}],"inLanguage":"es"},{"@type":"ImageObject","@id":"https:\/\/www.pelayo.com\/teloaseguro\/coche-y-moto\/coches-fases-desescalada\/#primaryimage","inLanguage":"es","url":"\/teloaseguro\/wp-content\/uploads\/2020\/05\/desescalada-coche-scaled.jpg","contentUrl":"\/teloaseguro\/wp-content\/uploads\/2020\/05\/desescalada-coche-scaled.jpg","width":2560,"height":1072},{"@type":"WebPage","@id":"https:\/\/www.pelayo.com\/teloaseguro\/coche-y-moto\/coches-fases-desescalada\/#webpage","url":"https:\/\/www.pelayo.com\/teloaseguro\/coche-y-moto\/coches-fases-desescalada\/","name":"El coche en las fases de desescalada - Te lo aseguro - Pelayo","isPartOf":{"@id":"https:\/\/www.pelayo.com\/teloaseguro\/#website"},"primaryImageOfPage":{"@id":"https:\/\/www.pelayo.com\/teloaseguro\/coche-y-moto\/coches-fases-desescalada\/#primaryimage"},"datePublished":"2020-05-13T13:51:34+00:00","dateModified":"2021-12-23T10:00:43+00:00","author":{"@id":"https:\/\/www.pelayo.com\/teloaseguro\/#\/schema\/person\/c151acbe513a22e0ef7099b2134faee9"},"description":"Conoce toda la informaci\u00f3n sobre el uso del coche en cada una de las cuatro fases para regresar a una \u2018nueva normalidad\u2019, te lo contamos en nuestro blog.","breadcrumb":{"@id":"https:\/\/www.pelayo.com\/teloaseguro\/coche-y-moto\/coches-fases-desescalada\/#breadcrumb"},"inLanguage":"es","potentialAction":[{"@type":"ReadAction","target":["https:\/\/www.pelayo.com\/teloaseguro\/coche-y-moto\/coches-fases-desescalada\/"]}]},{"@type":"BreadcrumbList","@id":"https:\/\/www.pelayo.com\/teloaseguro\/coche-y-moto\/coches-fases-desescalada\/#breadcrumb","itemListElement":[{"@type":"ListItem","position":1,"name":"Portada","item":"https:\/\/www.pelayo.com\/teloaseguro\/"},{"@type":"ListItem","position":2,"name":"C\u00f3mo usar el coche en cada fase de la desescalada"}]},{"@type":"Person","@id":"https:\/\/www.pelayo.com\/teloaseguro\/#\/schema\/person\/c151acbe513a22e0ef7099b2134faee9","name":"Seguros Pelayo","image":{"@type":"ImageObject","@id":"https:\/\/www.pelayo.com\/teloaseguro\/#personlogo","inLanguage":"es","url":"https:\/\/secure.gravatar.com\/avatar\/?s=96&d=mm&r=g","contentUrl":"https:\/\/secure.gravatar.com\/avatar\/?s=96&d=mm&r=g","caption":"Seguros Pelayo"},"url":"https:\/\/www.pelayo.com\/teloaseguro\/author\/seguros-pelayo\/"}]}},"_links":{"self":[{"href":"https:\/\/www.pelayo.com\/teloaseguro\/wp-json\/wp\/v2\/posts\/83456"}],"collection":[{"href":"https:\/\/www.pelayo.com\/teloaseguro\/wp-json\/wp\/v2\/posts"}],"about":[{"href":"https:\/\/www.pelayo.com\/teloaseguro\/wp-json\/wp\/v2\/types\/post"}],"author":[{"embeddable":true,"href":"https:\/\/www.pelayo.com\/teloaseguro\/wp-json\/wp\/v2\/users\/4"}],"replies":[{"embeddable":true,"href":"https:\/\/www.pelayo.com\/teloaseguro\/wp-json\/wp\/v2\/comments?post=83456"}],"version-history":[{"count":2,"href":"https:\/\/www.pelayo.com\/teloaseguro\/wp-json\/wp\/v2\/posts\/83456\/revisions"}],"predecessor-version":[{"id":85537,"href":"https:\/\/www.pelayo.com\/teloaseguro\/wp-json\/wp\/v2\/posts\/83456\/revisions\/85537"}],"wp:featuredmedia":[{"embeddable":true,"href":"https:\/\/www.pelayo.com\/teloaseguro\/wp-json\/wp\/v2\/media\/84605"}],"wp:attachment":[{"href":"https:\/\/www.pelayo.com\/teloaseguro\/wp-json\/wp\/v2\/media?parent=83456"}],"wp:term":[{"taxonomy":"category","embeddable":true,"href":"https:\/\/www.pelayo.com\/teloaseguro\/wp-json\/wp\/v2\/categories?post=83456"},{"taxonomy":"post_tag","embeddable":true,"href":"https:\/\/www.pelayo.com\/teloaseguro\/wp-json\/wp\/v2\/tags?post=83456"}],"curies":[{"name":"wp","href":"https:\/\/api.w.org\/{rel}","templated":true}]}}