{"id":82940,"date":"2019-08-11T11:50:55","date_gmt":"2019-08-11T11:50:55","guid":{"rendered":"http:\/\/www.pelayo.com\/teloaseguro\/?p=82940"},"modified":"2022-05-17T08:41:01","modified_gmt":"2022-05-17T08:41:01","slug":"entrevista-reto-pelayo-vida","status":"publish","type":"post","link":"https:\/\/www.pelayo.com\/teloaseguro\/mujer\/entrevista-reto-pelayo-vida\/","title":{"rendered":"Entrevista a las integrantes del Reto Pelayo Vida 2019 (I)"},"content":{"rendered":"<p>Bego\u00f1a, Felisa, Vicky. Tres mujeres distintas, con trabajos diferentes, y que viven en lugares distintos de Espa\u00f1a. Pero hay una cosa que les une: las tres han padecido y han podido superar un <a href=\"https:\/\/www.pelayo.com\/teloaseguro\/patrocinios\/kata-en-dia-mundial-cancer-mama\/\">c\u00e1ncer<\/a>. <strong>Esta entrevista nos permite ahondar m\u00e1s en la historia de estas tres luchadoras que con coraje y trabajo duro podr\u00e1n llegar a coronar el nuevo Reto Pelayo Vida en Bolivia ya que, el mayor reto, se ha superado.<\/strong><\/p>\n<p>Por ellas, por todas.<\/p>\n<p>&nbsp;<\/p>\n<ol>\n<li>Primera llamada que hiciste cuando te enteraste de que ibas a Bolivia.<\/li>\n<\/ol>\n<p style=\"padding-left: 40px;\"><strong>Bego\u00f1a<\/strong>: A mi marido y a mi hermana.<\/p>\n<p style=\"padding-left: 40px;\"><strong>Vicky<\/strong>: A mi madre.<\/p>\n<p style=\"padding-left: 40px;\"><strong>Felisa<\/strong>: A mi marido.<\/p>\n<p>&nbsp;<\/p>\n<ol start=\"2\">\n<li>\u00bfCu\u00e1l es el libro que te acompa\u00f1ar\u00e1 siempre?<\/li>\n<\/ol>\n<p style=\"padding-left: 40px;\"><strong>Bego\u00f1a<\/strong>: \u201cIT\u201d de Stephen King.<\/p>\n<p style=\"padding-left: 40px;\"><strong>Vicky<\/strong>: \u201cMil soles espl\u00e9ndidos\u201d de Khaled Hosseini.<\/p>\n<p style=\"padding-left: 40px;\"><strong>Felisa<\/strong>: \u201cEl Mundo Azul\u201d de Albert Espinosa.<\/p>\n<p>&nbsp;<\/p>\n<ol start=\"3\">\n<li>En los momentos m\u00e1s duros de enfermedad la canci\u00f3n que te animaba era\u2026<\/li>\n<\/ol>\n<p style=\"padding-left: 40px;\"><strong>Bego\u00f1a<\/strong>: \u201cDon\u00b4t stop me now\u201d de Queen.<\/p>\n<p style=\"padding-left: 40px;\"><strong>Vicky<\/strong>: La canci\u00f3n Rozal\u00e9n y Estopa llamada \u201cVivir\u201d.<\/p>\n<p style=\"padding-left: 40px;\"><strong>Felisa<\/strong>: Todas, bailaba constantemente con mi hijo, nos pon\u00edamos m\u00fasica y cant\u00e1bamos y bail\u00e1bamos juntos, era terap\u00e9utico para ambos y nos re\u00edamos mucho.<\/p>\n<p>&nbsp;<\/p>\n<ol start=\"4\">\n<li>\u00bfC\u00f3mo te has preparado para este reto?<\/li>\n<\/ol>\n<p style=\"padding-left: 40px;\"><strong>Bego\u00f1a<\/strong>: Entreno 3 horas al d\u00eda, todos los d\u00edas, descanso uno y el s\u00e1bado salgo a la monta\u00f1a, combino en el gimnasio la bici con la el\u00edptica, el remo y ejercicios que fortalezcan tobillos, cu\u00e1driceps, brazos. En exterior, durante la semana, hago marcha n\u00f3rdica.<\/p>\n<p style=\"padding-left: 40px;\"><strong>Vicky<\/strong>: Estoy entrenado en monta\u00f1a los fines de semana. Hago rutas con bastante desnivel por la Sierra de Madrid para ir fortaleciendo piernas y fondo f\u00edsico. Entre semana hago running, bicicleta, el\u00edptica y otros ejercicios de fuerza.\u00a0 Sin olvidar los estiramientos, la buena alimentaci\u00f3n y el descanso que son muy importantes.<\/p>\n<p style=\"padding-left: 40px;\"><strong>Felisa<\/strong>: Entreno 6 d\u00edas de 7. Un d\u00eda carrera, tres d\u00edas monta\u00f1a y dos d\u00edas MTB, m\u00e1s circuito de fuerza en el gimnasio.<\/p>\n<p>&nbsp;<\/p>\n<ol start=\"5\">\n<li>Un \u00fanico ingrediente para ayudar a vencer el c\u00e1ncer (positivismo, energ\u00eda, coraje, valent\u00eda, etc.)<\/li>\n<\/ol>\n<p style=\"padding-left: 40px;\"><strong>Bego\u00f1a<\/strong>: Aceptaci\u00f3n.<\/p>\n<p style=\"padding-left: 40px;\"><strong>Vicky<\/strong>: La valent\u00eda.<\/p>\n<p style=\"padding-left: 40px;\"><strong>Felisa<\/strong>: Actitud positiva.<\/p>\n<p>&nbsp;<\/p>\n<ol start=\"6\">\n<li>\u00bfQu\u00e9 crees que va a ser lo m\u00e1s duro del reto?<\/li>\n<\/ol>\n<p style=\"padding-left: 40px;\"><strong>Bego\u00f1a<\/strong>: No desfallecer an\u00edmicamente.<\/p>\n<p style=\"padding-left: 40px;\"><strong>Vicky<\/strong>: Enfrentarme a la altitud. No s\u00e9 si me va a afectar el mal de altura.<\/p>\n<p style=\"padding-left: 40px;\"><strong>Felisa<\/strong>: Actitud.<\/p>\n<p>&nbsp;<\/p>\n<ol start=\"7\">\n<li>\u00bfQui\u00e9n estar\u00e1 en tu mente cuando llegues a la cima del Nevado?<\/li>\n<\/ol>\n<p style=\"padding-left: 40px;\"><strong>Bego\u00f1a<\/strong>: Sin duda estar\u00e1n conmigo mi abuelo, mi amiga Chelo, mi t\u00edo, Marua y tantas, tantas personas que est\u00e1n y las que desgraciadamente no est\u00e1n porque esta enfermedad se las llev\u00f3.<\/p>\n<p style=\"padding-left: 40px;\"><strong>Vicky<\/strong>: Todas las mujeres que est\u00e1n pasando o han pasado c\u00e1ncer de mama.<\/p>\n<p style=\"padding-left: 40px;\"><strong>Felisa<\/strong>: Mis dos hijos y todas las mujeres a las que represento.<\/p>\n<p>&nbsp;<\/p>\n<ol start=\"8\">\n<li>Ahora es tu turno de hablar con la persona que est\u00e1 leyendo este art\u00edculo. \u00bfQu\u00e9 es lo que le dir\u00edas si ha recibido la noticia que ha sido diagnosticado con c\u00e1ncer?<\/li>\n<\/ol>\n<p style=\"padding-left: 40px;\"><strong>Bego\u00f1a<\/strong>: S\u00e9 que ahora est\u00e1s asustada\/o, tienes miedo, que est\u00e1s triste, desorientada\/o y que no entiendes nada.<\/p>\n<p style=\"padding-left: 40px;\">Seg\u00fan mi experiencia fue muy importante parar, pensar y aceptar lo que me estaba pasando. \u00a1No te rindas! Nunca dejes de creer, la adversidad te hace m\u00e1s fuerte y ten siempre presente, que no est\u00e1s sola\/o.<\/p>\n<p style=\"padding-left: 40px;\"><strong>Vicky<\/strong>: Yo les dir\u00eda que luchen, que se enfrenten a la enfermedad con coraje, valent\u00eda y sin miedo como unas verdaderas guerreras que jam\u00e1s se rinden. S\u00e9 que va a ser muy duro, \u00a1pero al final de camino os dar\u00e9is cuenta de que pod\u00e9is con todo!<\/p>\n<p style=\"padding-left: 40px;\"><strong>Felisa<\/strong>: Si has sido diagnosticado de c\u00e1ncer te animo a que lo enfrentes con fuerza, una actitud positiva y con esperanza. No te preguntes: \u201c\u00bfpor qu\u00e9 a mi?\u201d; preg\u00fantate: \u201c\u00bfpara qu\u00e9?\u201d Porque te aseguro que esta etapa de tu vida te ense\u00f1ar\u00e1 muchas cosas, entre ellas y la m\u00e1s importante: a vivir. Estas vivo, \u00a1as\u00ed que vive!<\/p>\n<p><img loading=\"lazy\" class=\"alignnone wp-image-82941 size-full\" src=\"https:\/\/www.pelayo.com\/teloaseguro\/wp-content\/uploads\/2019\/08\/coverblog-Lettering-VFB.jpg\" alt=\"\" width=\"2892\" height=\"1211\" \/><\/p>\n","protected":false},"excerpt":{"rendered":"<p>Bego\u00f1a, Felisa, Vicky. Tres mujeres distintas, con trabajos diferentes, y que viven en lugares distintos de Espa\u00f1a. Pero hay una<\/p>\n","protected":false},"author":2,"featured_media":84733,"comment_status":"closed","ping_status":"open","sticky":false,"template":"","format":"standard","meta":[],"categories":[6,7],"tags":[],"yoast_head":"<!-- This site is optimized with the Yoast SEO plugin v17.5 - https:\/\/yoast.com\/wordpress\/plugins\/seo\/ -->\n<title>Entrevista a integrantes del Reto Pelayo Vida 2019 | Pelayo<\/title>\n<meta name=\"description\" content=\"Las integrantes del Reto Pelayo Vida nos ofrecen una visi\u00f3n diferente a la lucha contra el c\u00e1ncer y c\u00f3mo ven el pr\u00f3ximo reto en Bolivia. \u00a1Conozc\u00e1moslas!\" \/>\n<meta name=\"robots\" content=\"index, follow, max-snippet:-1, max-image-preview:large, max-video-preview:-1\" \/>\n<link rel=\"canonical\" href=\"https:\/\/www.pelayo.com\/teloaseguro\/mujer\/entrevista-reto-pelayo-vida\/\" \/>\n<meta property=\"og:locale\" content=\"es_ES\" \/>\n<meta property=\"og:type\" content=\"article\" \/>\n<meta property=\"og:title\" content=\"Entrevista a integrantes del Reto Pelayo Vida 2019 | Pelayo\" \/>\n<meta property=\"og:description\" content=\"Las integrantes del Reto Pelayo Vida nos ofrecen una visi\u00f3n diferente a la lucha contra el c\u00e1ncer y c\u00f3mo ven el pr\u00f3ximo reto en Bolivia. \u00a1Conozc\u00e1moslas!\" \/>\n<meta property=\"og:url\" content=\"https:\/\/www.pelayo.com\/teloaseguro\/mujer\/entrevista-reto-pelayo-vida\/\" \/>\n<meta property=\"og:site_name\" content=\"Pelayo\" \/>\n<meta property=\"article:published_time\" content=\"2019-08-11T11:50:55+00:00\" \/>\n<meta property=\"article:modified_time\" content=\"2022-05-17T08:41:01+00:00\" \/>\n<meta property=\"og:image\" content=\"https:\/\/www.pelayo.com\/teloaseguro\/wp-content\/uploads\/2019\/08\/coverblog-Lettering-VFB-scaled.jpg\" \/>\n\t<meta property=\"og:image:width\" content=\"2560\" \/>\n\t<meta property=\"og:image:height\" content=\"1072\" \/>\n<meta name=\"twitter:card\" content=\"summary_large_image\" \/>\n<meta name=\"twitter:label1\" content=\"Escrito por\" \/>\n\t<meta name=\"twitter:data1\" content=\"Pelayo Seguros\" \/>\n\t<meta name=\"twitter:label2\" content=\"Tiempo de lectura\" \/>\n\t<meta name=\"twitter:data2\" content=\"4 minutos\" \/>\n<script type=\"application\/ld+json\" class=\"yoast-schema-graph\">{\"@context\":\"https:\/\/schema.org\",\"@graph\":[{\"@type\":\"WebSite\",\"@id\":\"https:\/\/www.pelayo.com\/teloaseguro\/#website\",\"url\":\"https:\/\/www.pelayo.com\/teloaseguro\/\",\"name\":\"Pelayo\",\"description\":\"\",\"potentialAction\":[{\"@type\":\"SearchAction\",\"target\":{\"@type\":\"EntryPoint\",\"urlTemplate\":\"https:\/\/www.pelayo.com\/teloaseguro\/?s={search_term_string}\"},\"query-input\":\"required name=search_term_string\"}],\"inLanguage\":\"es\"},{\"@type\":\"ImageObject\",\"@id\":\"https:\/\/www.pelayo.com\/teloaseguro\/mujer\/entrevista-reto-pelayo-vida\/#primaryimage\",\"inLanguage\":\"es\",\"url\":\"\/teloaseguro\/wp-content\/uploads\/2019\/08\/coverblog-Lettering-VFB-scaled.jpg\",\"contentUrl\":\"\/teloaseguro\/wp-content\/uploads\/2019\/08\/coverblog-Lettering-VFB-scaled.jpg\",\"width\":2560,\"height\":1072},{\"@type\":\"WebPage\",\"@id\":\"https:\/\/www.pelayo.com\/teloaseguro\/mujer\/entrevista-reto-pelayo-vida\/#webpage\",\"url\":\"https:\/\/www.pelayo.com\/teloaseguro\/mujer\/entrevista-reto-pelayo-vida\/\",\"name\":\"Entrevista a integrantes del Reto Pelayo Vida 2019 | Pelayo\",\"isPartOf\":{\"@id\":\"https:\/\/www.pelayo.com\/teloaseguro\/#website\"},\"primaryImageOfPage\":{\"@id\":\"https:\/\/www.pelayo.com\/teloaseguro\/mujer\/entrevista-reto-pelayo-vida\/#primaryimage\"},\"datePublished\":\"2019-08-11T11:50:55+00:00\",\"dateModified\":\"2022-05-17T08:41:01+00:00\",\"author\":{\"@id\":\"https:\/\/www.pelayo.com\/teloaseguro\/#\/schema\/person\/1d0583946d44cebe958d5fbd356490e8\"},\"description\":\"Las integrantes del Reto Pelayo Vida nos ofrecen una visi\\u00f3n diferente a la lucha contra el c\\u00e1ncer y c\\u00f3mo ven el pr\\u00f3ximo reto en Bolivia. \\u00a1Conozc\\u00e1moslas!\",\"breadcrumb\":{\"@id\":\"https:\/\/www.pelayo.com\/teloaseguro\/mujer\/entrevista-reto-pelayo-vida\/#breadcrumb\"},\"inLanguage\":\"es\",\"potentialAction\":[{\"@type\":\"ReadAction\",\"target\":[\"https:\/\/www.pelayo.com\/teloaseguro\/mujer\/entrevista-reto-pelayo-vida\/\"]}]},{\"@type\":\"BreadcrumbList\",\"@id\":\"https:\/\/www.pelayo.com\/teloaseguro\/mujer\/entrevista-reto-pelayo-vida\/#breadcrumb\",\"itemListElement\":[{\"@type\":\"ListItem\",\"position\":1,\"name\":\"Portada\",\"item\":\"https:\/\/www.pelayo.com\/teloaseguro\/\"},{\"@type\":\"ListItem\",\"position\":2,\"name\":\"Entrevista a las integrantes del Reto Pelayo Vida 2019 (I)\"}]},{\"@type\":\"Person\",\"@id\":\"https:\/\/www.pelayo.com\/teloaseguro\/#\/schema\/person\/1d0583946d44cebe958d5fbd356490e8\",\"name\":\"Pelayo Seguros\",\"image\":{\"@type\":\"ImageObject\",\"@id\":\"https:\/\/www.pelayo.com\/teloaseguro\/#personlogo\",\"inLanguage\":\"es\",\"url\":\"https:\/\/secure.gravatar.com\/avatar\/?s=96&d=mm&r=g\",\"contentUrl\":\"https:\/\/secure.gravatar.com\/avatar\/?s=96&d=mm&r=g\",\"caption\":\"Pelayo Seguros\"},\"url\":\"https:\/\/www.pelayo.com\/teloaseguro\/author\/pelayo-seguros\/\"}]}<\/script>\n<!-- \/ Yoast SEO plugin. -->","yoast_head_json":{"title":"Entrevista a integrantes del Reto Pelayo Vida 2019 | Pelayo","description":"Las integrantes del Reto Pelayo Vida nos ofrecen una visi\u00f3n diferente a la lucha contra el c\u00e1ncer y c\u00f3mo ven el pr\u00f3ximo reto en Bolivia. \u00a1Conozc\u00e1moslas!","robots":{"index":"index","follow":"follow","max-snippet":"max-snippet:-1","max-image-preview":"max-image-preview:large","max-video-preview":"max-video-preview:-1"},"canonical":"https:\/\/www.pelayo.com\/teloaseguro\/mujer\/entrevista-reto-pelayo-vida\/","og_locale":"es_ES","og_type":"article","og_title":"Entrevista a integrantes del Reto Pelayo Vida 2019 | Pelayo","og_description":"Las integrantes del Reto Pelayo Vida nos ofrecen una visi\u00f3n diferente a la lucha contra el c\u00e1ncer y c\u00f3mo ven el pr\u00f3ximo reto en Bolivia. \u00a1Conozc\u00e1moslas!","og_url":"https:\/\/www.pelayo.com\/teloaseguro\/mujer\/entrevista-reto-pelayo-vida\/","og_site_name":"Pelayo","article_published_time":"2019-08-11T11:50:55+00:00","article_modified_time":"2022-05-17T08:41:01+00:00","og_image":[{"width":2560,"height":1072,"url":"https:\/\/www.pelayo.com\/teloaseguro\/wp-content\/uploads\/2019\/08\/coverblog-Lettering-VFB-scaled.jpg","type":"image\/jpeg"}],"twitter_card":"summary_large_image","twitter_misc":{"Escrito por":"Pelayo Seguros","Tiempo de lectura":"4 minutos"},"schema":{"@context":"https:\/\/schema.org","@graph":[{"@type":"WebSite","@id":"https:\/\/www.pelayo.com\/teloaseguro\/#website","url":"https:\/\/www.pelayo.com\/teloaseguro\/","name":"Pelayo","description":"","potentialAction":[{"@type":"SearchAction","target":{"@type":"EntryPoint","urlTemplate":"https:\/\/www.pelayo.com\/teloaseguro\/?s={search_term_string}"},"query-input":"required name=search_term_string"}],"inLanguage":"es"},{"@type":"ImageObject","@id":"https:\/\/www.pelayo.com\/teloaseguro\/mujer\/entrevista-reto-pelayo-vida\/#primaryimage","inLanguage":"es","url":"\/teloaseguro\/wp-content\/uploads\/2019\/08\/coverblog-Lettering-VFB-scaled.jpg","contentUrl":"\/teloaseguro\/wp-content\/uploads\/2019\/08\/coverblog-Lettering-VFB-scaled.jpg","width":2560,"height":1072},{"@type":"WebPage","@id":"https:\/\/www.pelayo.com\/teloaseguro\/mujer\/entrevista-reto-pelayo-vida\/#webpage","url":"https:\/\/www.pelayo.com\/teloaseguro\/mujer\/entrevista-reto-pelayo-vida\/","name":"Entrevista a integrantes del Reto Pelayo Vida 2019 | Pelayo","isPartOf":{"@id":"https:\/\/www.pelayo.com\/teloaseguro\/#website"},"primaryImageOfPage":{"@id":"https:\/\/www.pelayo.com\/teloaseguro\/mujer\/entrevista-reto-pelayo-vida\/#primaryimage"},"datePublished":"2019-08-11T11:50:55+00:00","dateModified":"2022-05-17T08:41:01+00:00","author":{"@id":"https:\/\/www.pelayo.com\/teloaseguro\/#\/schema\/person\/1d0583946d44cebe958d5fbd356490e8"},"description":"Las integrantes del Reto Pelayo Vida nos ofrecen una visi\u00f3n diferente a la lucha contra el c\u00e1ncer y c\u00f3mo ven el pr\u00f3ximo reto en Bolivia. \u00a1Conozc\u00e1moslas!","breadcrumb":{"@id":"https:\/\/www.pelayo.com\/teloaseguro\/mujer\/entrevista-reto-pelayo-vida\/#breadcrumb"},"inLanguage":"es","potentialAction":[{"@type":"ReadAction","target":["https:\/\/www.pelayo.com\/teloaseguro\/mujer\/entrevista-reto-pelayo-vida\/"]}]},{"@type":"BreadcrumbList","@id":"https:\/\/www.pelayo.com\/teloaseguro\/mujer\/entrevista-reto-pelayo-vida\/#breadcrumb","itemListElement":[{"@type":"ListItem","position":1,"name":"Portada","item":"https:\/\/www.pelayo.com\/teloaseguro\/"},{"@type":"ListItem","position":2,"name":"Entrevista a las integrantes del Reto Pelayo Vida 2019 (I)"}]},{"@type":"Person","@id":"https:\/\/www.pelayo.com\/teloaseguro\/#\/schema\/person\/1d0583946d44cebe958d5fbd356490e8","name":"Pelayo Seguros","image":{"@type":"ImageObject","@id":"https:\/\/www.pelayo.com\/teloaseguro\/#personlogo","inLanguage":"es","url":"https:\/\/secure.gravatar.com\/avatar\/?s=96&d=mm&r=g","contentUrl":"https:\/\/secure.gravatar.com\/avatar\/?s=96&d=mm&r=g","caption":"Pelayo Seguros"},"url":"https:\/\/www.pelayo.com\/teloaseguro\/author\/pelayo-seguros\/"}]}},"_links":{"self":[{"href":"https:\/\/www.pelayo.com\/teloaseguro\/wp-json\/wp\/v2\/posts\/82940"}],"collection":[{"href":"https:\/\/www.pelayo.com\/teloaseguro\/wp-json\/wp\/v2\/posts"}],"about":[{"href":"https:\/\/www.pelayo.com\/teloaseguro\/wp-json\/wp\/v2\/types\/post"}],"author":[{"embeddable":true,"href":"https:\/\/www.pelayo.com\/teloaseguro\/wp-json\/wp\/v2\/users\/2"}],"replies":[{"embeddable":true,"href":"https:\/\/www.pelayo.com\/teloaseguro\/wp-json\/wp\/v2\/comments?post=82940"}],"version-history":[{"count":3,"href":"https:\/\/www.pelayo.com\/teloaseguro\/wp-json\/wp\/v2\/posts\/82940\/revisions"}],"predecessor-version":[{"id":85385,"href":"https:\/\/www.pelayo.com\/teloaseguro\/wp-json\/wp\/v2\/posts\/82940\/revisions\/85385"}],"wp:featuredmedia":[{"embeddable":true,"href":"https:\/\/www.pelayo.com\/teloaseguro\/wp-json\/wp\/v2\/media\/84733"}],"wp:attachment":[{"href":"https:\/\/www.pelayo.com\/teloaseguro\/wp-json\/wp\/v2\/media?parent=82940"}],"wp:term":[{"taxonomy":"category","embeddable":true,"href":"https:\/\/www.pelayo.com\/teloaseguro\/wp-json\/wp\/v2\/categories?post=82940"},{"taxonomy":"post_tag","embeddable":true,"href":"https:\/\/www.pelayo.com\/teloaseguro\/wp-json\/wp\/v2\/tags?post=82940"}],"curies":[{"name":"wp","href":"https:\/\/api.w.org\/{rel}","templated":true}]}}