{"id":635,"date":"2015-12-02T09:00:43","date_gmt":"2015-12-02T09:00:43","guid":{"rendered":"http:\/\/www.pelayo.com\/teloaseguro\/?p=635"},"modified":"2021-12-23T10:24:07","modified_gmt":"2021-12-23T10:24:07","slug":"incapacidad-laboral","status":"publish","type":"post","link":"https:\/\/www.pelayo.com\/teloaseguro\/curiosidades\/incapacidad-laboral\/","title":{"rendered":"Qu\u00e9 incapacita a una persona para trabajar"},"content":{"rendered":"<p>Incapacidad laboral, \u00bfqu\u00e9 es? En Pelayo hemos explicado t\u00e9rminos relativos a\u00a0<a title=\"Infraseguros: qu\u00e9 son y c\u00f3mo se resuelven en caso de siniestro\" href=\"https:\/\/www.pelayo.com\/teloaseguro\/hogar\/infraseguros-que-son-y-como-se-resuelven-en-caso-de-siniestro\/\" target=\"_blank\" rel=\"noopener noreferrer\">seguros del hogar<\/a>, o <a title=\"Bonus: ser buen conductor tiene premio\" href=\"https:\/\/www.pelayo.com\/teloaseguro\/curiosidades\/bonus-ser-buen-conductor-tiene-premio\/\" target=\"_blank\" rel=\"noopener noreferrer\">del coche<\/a>. Ahora le toca el turno al mundo laboral: c\u00f3mo se definen, y qu\u00e9 grados tienen, aquellas situaciones que, ya sea por accidente o por enfermedad, impiden a un trabajador desempe\u00f1ar su labor.<\/p>\n<p><img loading=\"lazy\" class=\"alignnone size-full wp-image-636\" src=\"https:\/\/www.pelayo.com\/teloaseguro\/wp-content\/uploads\/2015\/12\/incapacidad-laboral-pelayo.png\" alt=\"\" width=\"900\" height=\"1051\" \/><\/p>\n","protected":false},"excerpt":{"rendered":"<p>Incapacidad laboral, \u00bfqu\u00e9 es? En Pelayo hemos explicado t\u00e9rminos relativos a\u00a0seguros del hogar, o del coche. Ahora le toca el<\/p>\n","protected":false},"author":2,"featured_media":84853,"comment_status":"open","ping_status":"open","sticky":false,"template":"","format":"image","meta":[],"categories":[3],"tags":[],"yoast_head":"<!-- This site is optimized with the Yoast SEO plugin v17.5 - https:\/\/yoast.com\/wordpress\/plugins\/seo\/ -->\n<title>Incapacidad Laboral \u2013 Seguros Pelayo \u2013 Te lo aseguro<\/title>\n<meta name=\"description\" content=\"Incapacidad laboral: qu\u00e9 es, y cu\u00e1ntos grados tiene. Te explicamos las circunstancias (enfermedad o accidente) que impiden trabajar a una persona.\" \/>\n<meta name=\"robots\" content=\"index, follow, max-snippet:-1, max-image-preview:large, max-video-preview:-1\" \/>\n<link rel=\"canonical\" href=\"https:\/\/www.pelayo.com\/teloaseguro\/curiosidades\/incapacidad-laboral\/\" \/>\n<meta property=\"og:locale\" content=\"es_ES\" \/>\n<meta property=\"og:type\" content=\"article\" \/>\n<meta property=\"og:title\" content=\"Incapacidad Laboral \u2013 Seguros Pelayo \u2013 Te lo aseguro\" \/>\n<meta property=\"og:description\" content=\"Incapacidad laboral: qu\u00e9 es, y cu\u00e1ntos grados tiene. Te explicamos las circunstancias (enfermedad o accidente) que impiden trabajar a una persona.\" \/>\n<meta property=\"og:url\" content=\"https:\/\/www.pelayo.com\/teloaseguro\/curiosidades\/incapacidad-laboral\/\" \/>\n<meta property=\"og:site_name\" content=\"Pelayo\" \/>\n<meta property=\"article:published_time\" content=\"2015-12-02T09:00:43+00:00\" \/>\n<meta property=\"article:modified_time\" content=\"2021-12-23T10:24:07+00:00\" \/>\n<meta property=\"og:image\" content=\"https:\/\/www.pelayo.com\/teloaseguro\/wp-content\/uploads\/2015\/12\/incapacidad-laboral-pelayo.png\" \/>\n\t<meta property=\"og:image:width\" content=\"900\" \/>\n\t<meta property=\"og:image:height\" content=\"1051\" \/>\n<meta name=\"twitter:card\" content=\"summary_large_image\" \/>\n<meta name=\"twitter:label1\" content=\"Escrito por\" \/>\n\t<meta name=\"twitter:data1\" content=\"Pelayo Seguros\" \/>\n<script type=\"application\/ld+json\" class=\"yoast-schema-graph\">{\"@context\":\"https:\/\/schema.org\",\"@graph\":[{\"@type\":\"WebSite\",\"@id\":\"https:\/\/www.pelayo.com\/teloaseguro\/#website\",\"url\":\"https:\/\/www.pelayo.com\/teloaseguro\/\",\"name\":\"Pelayo\",\"description\":\"\",\"potentialAction\":[{\"@type\":\"SearchAction\",\"target\":{\"@type\":\"EntryPoint\",\"urlTemplate\":\"https:\/\/www.pelayo.com\/teloaseguro\/?s={search_term_string}\"},\"query-input\":\"required name=search_term_string\"}],\"inLanguage\":\"es\"},{\"@type\":\"ImageObject\",\"@id\":\"https:\/\/www.pelayo.com\/teloaseguro\/curiosidades\/incapacidad-laboral\/#primaryimage\",\"inLanguage\":\"es\",\"url\":\"\/teloaseguro\/wp-content\/uploads\/2015\/12\/incapacidad-laboral-pelayo.png\",\"contentUrl\":\"\/teloaseguro\/wp-content\/uploads\/2015\/12\/incapacidad-laboral-pelayo.png\",\"width\":900,\"height\":1051},{\"@type\":\"WebPage\",\"@id\":\"https:\/\/www.pelayo.com\/teloaseguro\/curiosidades\/incapacidad-laboral\/#webpage\",\"url\":\"https:\/\/www.pelayo.com\/teloaseguro\/curiosidades\/incapacidad-laboral\/\",\"name\":\"Incapacidad Laboral \\u2013 Seguros Pelayo \\u2013 Te lo aseguro\",\"isPartOf\":{\"@id\":\"https:\/\/www.pelayo.com\/teloaseguro\/#website\"},\"primaryImageOfPage\":{\"@id\":\"https:\/\/www.pelayo.com\/teloaseguro\/curiosidades\/incapacidad-laboral\/#primaryimage\"},\"datePublished\":\"2015-12-02T09:00:43+00:00\",\"dateModified\":\"2021-12-23T10:24:07+00:00\",\"author\":{\"@id\":\"https:\/\/www.pelayo.com\/teloaseguro\/#\/schema\/person\/1d0583946d44cebe958d5fbd356490e8\"},\"description\":\"Incapacidad laboral: qu\\u00e9 es, y cu\\u00e1ntos grados tiene. Te explicamos las circunstancias (enfermedad o accidente) que impiden trabajar a una persona.\",\"breadcrumb\":{\"@id\":\"https:\/\/www.pelayo.com\/teloaseguro\/curiosidades\/incapacidad-laboral\/#breadcrumb\"},\"inLanguage\":\"es\",\"potentialAction\":[{\"@type\":\"ReadAction\",\"target\":[\"https:\/\/www.pelayo.com\/teloaseguro\/curiosidades\/incapacidad-laboral\/\"]}]},{\"@type\":\"BreadcrumbList\",\"@id\":\"https:\/\/www.pelayo.com\/teloaseguro\/curiosidades\/incapacidad-laboral\/#breadcrumb\",\"itemListElement\":[{\"@type\":\"ListItem\",\"position\":1,\"name\":\"Portada\",\"item\":\"https:\/\/www.pelayo.com\/teloaseguro\/\"},{\"@type\":\"ListItem\",\"position\":2,\"name\":\"Qu\\u00e9 incapacita a una persona para trabajar\"}]},{\"@type\":\"Person\",\"@id\":\"https:\/\/www.pelayo.com\/teloaseguro\/#\/schema\/person\/1d0583946d44cebe958d5fbd356490e8\",\"name\":\"Pelayo Seguros\",\"image\":{\"@type\":\"ImageObject\",\"@id\":\"https:\/\/www.pelayo.com\/teloaseguro\/#personlogo\",\"inLanguage\":\"es\",\"url\":\"https:\/\/secure.gravatar.com\/avatar\/?s=96&d=mm&r=g\",\"contentUrl\":\"https:\/\/secure.gravatar.com\/avatar\/?s=96&d=mm&r=g\",\"caption\":\"Pelayo Seguros\"},\"url\":\"https:\/\/www.pelayo.com\/teloaseguro\/author\/pelayo-seguros\/\"}]}<\/script>\n<!-- \/ Yoast SEO plugin. -->","yoast_head_json":{"title":"Incapacidad Laboral \u2013 Seguros Pelayo \u2013 Te lo aseguro","description":"Incapacidad laboral: qu\u00e9 es, y cu\u00e1ntos grados tiene. Te explicamos las circunstancias (enfermedad o accidente) que impiden trabajar a una persona.","robots":{"index":"index","follow":"follow","max-snippet":"max-snippet:-1","max-image-preview":"max-image-preview:large","max-video-preview":"max-video-preview:-1"},"canonical":"https:\/\/www.pelayo.com\/teloaseguro\/curiosidades\/incapacidad-laboral\/","og_locale":"es_ES","og_type":"article","og_title":"Incapacidad Laboral \u2013 Seguros Pelayo \u2013 Te lo aseguro","og_description":"Incapacidad laboral: qu\u00e9 es, y cu\u00e1ntos grados tiene. Te explicamos las circunstancias (enfermedad o accidente) que impiden trabajar a una persona.","og_url":"https:\/\/www.pelayo.com\/teloaseguro\/curiosidades\/incapacidad-laboral\/","og_site_name":"Pelayo","article_published_time":"2015-12-02T09:00:43+00:00","article_modified_time":"2021-12-23T10:24:07+00:00","og_image":[{"width":900,"height":1051,"url":"https:\/\/www.pelayo.com\/teloaseguro\/wp-content\/uploads\/2015\/12\/incapacidad-laboral-pelayo.png","type":"image\/png"}],"twitter_card":"summary_large_image","twitter_misc":{"Escrito por":"Pelayo Seguros"},"schema":{"@context":"https:\/\/schema.org","@graph":[{"@type":"WebSite","@id":"https:\/\/www.pelayo.com\/teloaseguro\/#website","url":"https:\/\/www.pelayo.com\/teloaseguro\/","name":"Pelayo","description":"","potentialAction":[{"@type":"SearchAction","target":{"@type":"EntryPoint","urlTemplate":"https:\/\/www.pelayo.com\/teloaseguro\/?s={search_term_string}"},"query-input":"required name=search_term_string"}],"inLanguage":"es"},{"@type":"ImageObject","@id":"https:\/\/www.pelayo.com\/teloaseguro\/curiosidades\/incapacidad-laboral\/#primaryimage","inLanguage":"es","url":"\/teloaseguro\/wp-content\/uploads\/2015\/12\/incapacidad-laboral-pelayo.png","contentUrl":"\/teloaseguro\/wp-content\/uploads\/2015\/12\/incapacidad-laboral-pelayo.png","width":900,"height":1051},{"@type":"WebPage","@id":"https:\/\/www.pelayo.com\/teloaseguro\/curiosidades\/incapacidad-laboral\/#webpage","url":"https:\/\/www.pelayo.com\/teloaseguro\/curiosidades\/incapacidad-laboral\/","name":"Incapacidad Laboral \u2013 Seguros Pelayo \u2013 Te lo aseguro","isPartOf":{"@id":"https:\/\/www.pelayo.com\/teloaseguro\/#website"},"primaryImageOfPage":{"@id":"https:\/\/www.pelayo.com\/teloaseguro\/curiosidades\/incapacidad-laboral\/#primaryimage"},"datePublished":"2015-12-02T09:00:43+00:00","dateModified":"2021-12-23T10:24:07+00:00","author":{"@id":"https:\/\/www.pelayo.com\/teloaseguro\/#\/schema\/person\/1d0583946d44cebe958d5fbd356490e8"},"description":"Incapacidad laboral: qu\u00e9 es, y cu\u00e1ntos grados tiene. Te explicamos las circunstancias (enfermedad o accidente) que impiden trabajar a una persona.","breadcrumb":{"@id":"https:\/\/www.pelayo.com\/teloaseguro\/curiosidades\/incapacidad-laboral\/#breadcrumb"},"inLanguage":"es","potentialAction":[{"@type":"ReadAction","target":["https:\/\/www.pelayo.com\/teloaseguro\/curiosidades\/incapacidad-laboral\/"]}]},{"@type":"BreadcrumbList","@id":"https:\/\/www.pelayo.com\/teloaseguro\/curiosidades\/incapacidad-laboral\/#breadcrumb","itemListElement":[{"@type":"ListItem","position":1,"name":"Portada","item":"https:\/\/www.pelayo.com\/teloaseguro\/"},{"@type":"ListItem","position":2,"name":"Qu\u00e9 incapacita a una persona para trabajar"}]},{"@type":"Person","@id":"https:\/\/www.pelayo.com\/teloaseguro\/#\/schema\/person\/1d0583946d44cebe958d5fbd356490e8","name":"Pelayo Seguros","image":{"@type":"ImageObject","@id":"https:\/\/www.pelayo.com\/teloaseguro\/#personlogo","inLanguage":"es","url":"https:\/\/secure.gravatar.com\/avatar\/?s=96&d=mm&r=g","contentUrl":"https:\/\/secure.gravatar.com\/avatar\/?s=96&d=mm&r=g","caption":"Pelayo Seguros"},"url":"https:\/\/www.pelayo.com\/teloaseguro\/author\/pelayo-seguros\/"}]}},"_links":{"self":[{"href":"https:\/\/www.pelayo.com\/teloaseguro\/wp-json\/wp\/v2\/posts\/635"}],"collection":[{"href":"https:\/\/www.pelayo.com\/teloaseguro\/wp-json\/wp\/v2\/posts"}],"about":[{"href":"https:\/\/www.pelayo.com\/teloaseguro\/wp-json\/wp\/v2\/types\/post"}],"author":[{"embeddable":true,"href":"https:\/\/www.pelayo.com\/teloaseguro\/wp-json\/wp\/v2\/users\/2"}],"replies":[{"embeddable":true,"href":"https:\/\/www.pelayo.com\/teloaseguro\/wp-json\/wp\/v2\/comments?post=635"}],"version-history":[{"count":2,"href":"https:\/\/www.pelayo.com\/teloaseguro\/wp-json\/wp\/v2\/posts\/635\/revisions"}],"predecessor-version":[{"id":85570,"href":"https:\/\/www.pelayo.com\/teloaseguro\/wp-json\/wp\/v2\/posts\/635\/revisions\/85570"}],"wp:featuredmedia":[{"embeddable":true,"href":"https:\/\/www.pelayo.com\/teloaseguro\/wp-json\/wp\/v2\/media\/84853"}],"wp:attachment":[{"href":"https:\/\/www.pelayo.com\/teloaseguro\/wp-json\/wp\/v2\/media?parent=635"}],"wp:term":[{"taxonomy":"category","embeddable":true,"href":"https:\/\/www.pelayo.com\/teloaseguro\/wp-json\/wp\/v2\/categories?post=635"},{"taxonomy":"post_tag","embeddable":true,"href":"https:\/\/www.pelayo.com\/teloaseguro\/wp-json\/wp\/v2\/tags?post=635"}],"curies":[{"name":"wp","href":"https:\/\/api.w.org\/{rel}","templated":true}]}}