{"id":1099,"date":"2017-05-18T11:59:14","date_gmt":"2017-05-18T09:59:14","guid":{"rendered":"http:\/\/www.pelayo.com\/teloaseguro\/?p=1099"},"modified":"2021-12-15T15:12:04","modified_gmt":"2021-12-15T15:12:04","slug":"la-xunta-tambien-lo-tiene-claro-ante-las-heladas-lo-que-es-asegurable-no-es-subvencionable","status":"publish","type":"post","link":"https:\/\/www.pelayo.com\/teloaseguro\/curiosidades\/la-xunta-tambien-lo-tiene-claro-ante-las-heladas-lo-que-es-asegurable-no-es-subvencionable\/","title":{"rendered":"La Xunta tambi\u00e9n lo tiene claro ante las heladas: \u201cLo que es asegurable, no es subvencionable\u201d"},"content":{"rendered":"<p>La titular de la Conseller\u00eda de Medio Rural, \u00c1ngeles V\u00e1zquez, confirm\u00f3 que la Xunta de Galicia ha habilitado una serie de ayudas para paliar parte de las p\u00e9rdidas provocadas por las <a href=\"https:\/\/www.pelayo.com\/teloaseguro\/curiosidades\/las-bajas-temperaturas-ya-han-generado-partes-de-siniestro-por-helada-en-casi-18-000-hectareas-de-uva-de-vinificacion\/\">heladas<\/a> en vides y casta\u00f1os, aunque record\u00f3 que \u201caquello que es asegurable, no es subvencionable\u201d.<\/p>\n<p>\u201cSe habilitaron una serie de ayudas y otras se est\u00e1n encauzando\u201d, dijo la conselleira, quien record\u00f3 que en \u00faltimo \u201cConsello da Xunta de Galicia han sido movilizados diez millones de euros\u201d para ayudar a viticultores y bodegueros, fundamentalmente para \u201crefinanciar cr\u00e9ditos si es que los hay\u201d, para que \u201cel inter\u00e9s sea cero\u201d, pero tambi\u00e9n para \u201creplantar\u201d vides o casta\u00f1os que se hayan visto afectados por las heladas.<\/p>\n<p>\u201cSi me pregunt\u00e1is por ayudas directas, creo que soy muy clara. Lo dije desde el primer d\u00eda, aquello que es asegurable, no es subvencionable\u201d, precis\u00f3 la conselleira.<\/p>\n","protected":false},"excerpt":{"rendered":"<p>La titular de la Conseller\u00eda de Medio Rural, \u00c1ngeles V\u00e1zquez, confirm\u00f3 que la Xunta de Galicia ha habilitado una serie<\/p>\n","protected":false},"author":2,"featured_media":84790,"comment_status":"open","ping_status":"open","sticky":false,"template":"","format":"standard","meta":[],"categories":[3],"tags":[],"yoast_head":"<!-- This site is optimized with the Yoast SEO plugin v17.5 - https:\/\/yoast.com\/wordpress\/plugins\/seo\/ -->\n<title>\u201cLo que es asegurable, no es subvencionable\u201d - Pelayo<\/title>\n<meta name=\"description\" content=\"\u201cSi me pregunt\u00e1is por ayudas directas, creo que soy muy clara. Lo dije desde el primer d\u00eda, lo asegurable, no es subvencionable\u201d, precis\u00f3 la conselleira.\" \/>\n<meta name=\"robots\" content=\"index, follow, max-snippet:-1, max-image-preview:large, max-video-preview:-1\" \/>\n<link rel=\"canonical\" href=\"https:\/\/www.pelayo.com\/teloaseguro\/curiosidades\/la-xunta-tambien-lo-tiene-claro-ante-las-heladas-lo-que-es-asegurable-no-es-subvencionable\/\" \/>\n<meta property=\"og:locale\" content=\"es_ES\" \/>\n<meta property=\"og:type\" content=\"article\" \/>\n<meta property=\"og:title\" content=\"\u201cLo que es asegurable, no es subvencionable\u201d - Pelayo\" \/>\n<meta property=\"og:description\" content=\"\u201cSi me pregunt\u00e1is por ayudas directas, creo que soy muy clara. Lo dije desde el primer d\u00eda, lo asegurable, no es subvencionable\u201d, precis\u00f3 la conselleira.\" \/>\n<meta property=\"og:url\" content=\"https:\/\/www.pelayo.com\/teloaseguro\/curiosidades\/la-xunta-tambien-lo-tiene-claro-ante-las-heladas-lo-que-es-asegurable-no-es-subvencionable\/\" \/>\n<meta property=\"og:site_name\" content=\"Pelayo\" \/>\n<meta property=\"article:published_time\" content=\"2017-05-18T09:59:14+00:00\" \/>\n<meta property=\"article:modified_time\" content=\"2021-12-15T15:12:04+00:00\" \/>\n<meta property=\"og:image\" content=\"https:\/\/www.pelayo.com\/teloaseguro\/wp-content\/uploads\/2017\/05\/heladas1.jpg\" \/>\n\t<meta property=\"og:image:width\" content=\"928\" \/>\n\t<meta property=\"og:image:height\" content=\"572\" \/>\n<meta name=\"twitter:card\" content=\"summary_large_image\" \/>\n<meta name=\"twitter:label1\" content=\"Escrito por\" \/>\n\t<meta name=\"twitter:data1\" content=\"Pelayo Seguros\" \/>\n\t<meta name=\"twitter:label2\" content=\"Tiempo de lectura\" \/>\n\t<meta name=\"twitter:data2\" content=\"1 minuto\" \/>\n<script type=\"application\/ld+json\" class=\"yoast-schema-graph\">{\"@context\":\"https:\/\/schema.org\",\"@graph\":[{\"@type\":\"WebSite\",\"@id\":\"https:\/\/www.pelayo.com\/teloaseguro\/#website\",\"url\":\"https:\/\/www.pelayo.com\/teloaseguro\/\",\"name\":\"Pelayo\",\"description\":\"\",\"potentialAction\":[{\"@type\":\"SearchAction\",\"target\":{\"@type\":\"EntryPoint\",\"urlTemplate\":\"https:\/\/www.pelayo.com\/teloaseguro\/?s={search_term_string}\"},\"query-input\":\"required name=search_term_string\"}],\"inLanguage\":\"es\"},{\"@type\":\"ImageObject\",\"@id\":\"https:\/\/www.pelayo.com\/teloaseguro\/curiosidades\/la-xunta-tambien-lo-tiene-claro-ante-las-heladas-lo-que-es-asegurable-no-es-subvencionable\/#primaryimage\",\"inLanguage\":\"es\",\"url\":\"\/teloaseguro\/wp-content\/uploads\/2017\/05\/heladas1.jpg\",\"contentUrl\":\"\/teloaseguro\/wp-content\/uploads\/2017\/05\/heladas1.jpg\",\"width\":928,\"height\":572},{\"@type\":\"WebPage\",\"@id\":\"https:\/\/www.pelayo.com\/teloaseguro\/curiosidades\/la-xunta-tambien-lo-tiene-claro-ante-las-heladas-lo-que-es-asegurable-no-es-subvencionable\/#webpage\",\"url\":\"https:\/\/www.pelayo.com\/teloaseguro\/curiosidades\/la-xunta-tambien-lo-tiene-claro-ante-las-heladas-lo-que-es-asegurable-no-es-subvencionable\/\",\"name\":\"\\u201cLo que es asegurable, no es subvencionable\\u201d - Pelayo\",\"isPartOf\":{\"@id\":\"https:\/\/www.pelayo.com\/teloaseguro\/#website\"},\"primaryImageOfPage\":{\"@id\":\"https:\/\/www.pelayo.com\/teloaseguro\/curiosidades\/la-xunta-tambien-lo-tiene-claro-ante-las-heladas-lo-que-es-asegurable-no-es-subvencionable\/#primaryimage\"},\"datePublished\":\"2017-05-18T09:59:14+00:00\",\"dateModified\":\"2021-12-15T15:12:04+00:00\",\"author\":{\"@id\":\"https:\/\/www.pelayo.com\/teloaseguro\/#\/schema\/person\/1d0583946d44cebe958d5fbd356490e8\"},\"description\":\"\\u201cSi me pregunt\\u00e1is por ayudas directas, creo que soy muy clara. Lo dije desde el primer d\\u00eda, lo asegurable, no es subvencionable\\u201d, precis\\u00f3 la conselleira.\",\"breadcrumb\":{\"@id\":\"https:\/\/www.pelayo.com\/teloaseguro\/curiosidades\/la-xunta-tambien-lo-tiene-claro-ante-las-heladas-lo-que-es-asegurable-no-es-subvencionable\/#breadcrumb\"},\"inLanguage\":\"es\",\"potentialAction\":[{\"@type\":\"ReadAction\",\"target\":[\"https:\/\/www.pelayo.com\/teloaseguro\/curiosidades\/la-xunta-tambien-lo-tiene-claro-ante-las-heladas-lo-que-es-asegurable-no-es-subvencionable\/\"]}]},{\"@type\":\"BreadcrumbList\",\"@id\":\"https:\/\/www.pelayo.com\/teloaseguro\/curiosidades\/la-xunta-tambien-lo-tiene-claro-ante-las-heladas-lo-que-es-asegurable-no-es-subvencionable\/#breadcrumb\",\"itemListElement\":[{\"@type\":\"ListItem\",\"position\":1,\"name\":\"Portada\",\"item\":\"https:\/\/www.pelayo.com\/teloaseguro\/\"},{\"@type\":\"ListItem\",\"position\":2,\"name\":\"La Xunta tambi\\u00e9n lo tiene claro ante las heladas: \\u201cLo que es asegurable, no es subvencionable\\u201d\"}]},{\"@type\":\"Person\",\"@id\":\"https:\/\/www.pelayo.com\/teloaseguro\/#\/schema\/person\/1d0583946d44cebe958d5fbd356490e8\",\"name\":\"Pelayo Seguros\",\"image\":{\"@type\":\"ImageObject\",\"@id\":\"https:\/\/www.pelayo.com\/teloaseguro\/#personlogo\",\"inLanguage\":\"es\",\"url\":\"https:\/\/secure.gravatar.com\/avatar\/?s=96&d=mm&r=g\",\"contentUrl\":\"https:\/\/secure.gravatar.com\/avatar\/?s=96&d=mm&r=g\",\"caption\":\"Pelayo Seguros\"},\"url\":\"https:\/\/www.pelayo.com\/teloaseguro\/author\/pelayo-seguros\/\"}]}<\/script>\n<!-- \/ Yoast SEO plugin. -->","yoast_head_json":{"title":"\u201cLo que es asegurable, no es subvencionable\u201d - Pelayo","description":"\u201cSi me pregunt\u00e1is por ayudas directas, creo que soy muy clara. Lo dije desde el primer d\u00eda, lo asegurable, no es subvencionable\u201d, precis\u00f3 la conselleira.","robots":{"index":"index","follow":"follow","max-snippet":"max-snippet:-1","max-image-preview":"max-image-preview:large","max-video-preview":"max-video-preview:-1"},"canonical":"https:\/\/www.pelayo.com\/teloaseguro\/curiosidades\/la-xunta-tambien-lo-tiene-claro-ante-las-heladas-lo-que-es-asegurable-no-es-subvencionable\/","og_locale":"es_ES","og_type":"article","og_title":"\u201cLo que es asegurable, no es subvencionable\u201d - Pelayo","og_description":"\u201cSi me pregunt\u00e1is por ayudas directas, creo que soy muy clara. Lo dije desde el primer d\u00eda, lo asegurable, no es subvencionable\u201d, precis\u00f3 la conselleira.","og_url":"https:\/\/www.pelayo.com\/teloaseguro\/curiosidades\/la-xunta-tambien-lo-tiene-claro-ante-las-heladas-lo-que-es-asegurable-no-es-subvencionable\/","og_site_name":"Pelayo","article_published_time":"2017-05-18T09:59:14+00:00","article_modified_time":"2021-12-15T15:12:04+00:00","og_image":[{"width":928,"height":572,"url":"https:\/\/www.pelayo.com\/teloaseguro\/wp-content\/uploads\/2017\/05\/heladas1.jpg","type":"image\/jpeg"}],"twitter_card":"summary_large_image","twitter_misc":{"Escrito por":"Pelayo Seguros","Tiempo de lectura":"1 minuto"},"schema":{"@context":"https:\/\/schema.org","@graph":[{"@type":"WebSite","@id":"https:\/\/www.pelayo.com\/teloaseguro\/#website","url":"https:\/\/www.pelayo.com\/teloaseguro\/","name":"Pelayo","description":"","potentialAction":[{"@type":"SearchAction","target":{"@type":"EntryPoint","urlTemplate":"https:\/\/www.pelayo.com\/teloaseguro\/?s={search_term_string}"},"query-input":"required name=search_term_string"}],"inLanguage":"es"},{"@type":"ImageObject","@id":"https:\/\/www.pelayo.com\/teloaseguro\/curiosidades\/la-xunta-tambien-lo-tiene-claro-ante-las-heladas-lo-que-es-asegurable-no-es-subvencionable\/#primaryimage","inLanguage":"es","url":"\/teloaseguro\/wp-content\/uploads\/2017\/05\/heladas1.jpg","contentUrl":"\/teloaseguro\/wp-content\/uploads\/2017\/05\/heladas1.jpg","width":928,"height":572},{"@type":"WebPage","@id":"https:\/\/www.pelayo.com\/teloaseguro\/curiosidades\/la-xunta-tambien-lo-tiene-claro-ante-las-heladas-lo-que-es-asegurable-no-es-subvencionable\/#webpage","url":"https:\/\/www.pelayo.com\/teloaseguro\/curiosidades\/la-xunta-tambien-lo-tiene-claro-ante-las-heladas-lo-que-es-asegurable-no-es-subvencionable\/","name":"\u201cLo que es asegurable, no es subvencionable\u201d - Pelayo","isPartOf":{"@id":"https:\/\/www.pelayo.com\/teloaseguro\/#website"},"primaryImageOfPage":{"@id":"https:\/\/www.pelayo.com\/teloaseguro\/curiosidades\/la-xunta-tambien-lo-tiene-claro-ante-las-heladas-lo-que-es-asegurable-no-es-subvencionable\/#primaryimage"},"datePublished":"2017-05-18T09:59:14+00:00","dateModified":"2021-12-15T15:12:04+00:00","author":{"@id":"https:\/\/www.pelayo.com\/teloaseguro\/#\/schema\/person\/1d0583946d44cebe958d5fbd356490e8"},"description":"\u201cSi me pregunt\u00e1is por ayudas directas, creo que soy muy clara. Lo dije desde el primer d\u00eda, lo asegurable, no es subvencionable\u201d, precis\u00f3 la conselleira.","breadcrumb":{"@id":"https:\/\/www.pelayo.com\/teloaseguro\/curiosidades\/la-xunta-tambien-lo-tiene-claro-ante-las-heladas-lo-que-es-asegurable-no-es-subvencionable\/#breadcrumb"},"inLanguage":"es","potentialAction":[{"@type":"ReadAction","target":["https:\/\/www.pelayo.com\/teloaseguro\/curiosidades\/la-xunta-tambien-lo-tiene-claro-ante-las-heladas-lo-que-es-asegurable-no-es-subvencionable\/"]}]},{"@type":"BreadcrumbList","@id":"https:\/\/www.pelayo.com\/teloaseguro\/curiosidades\/la-xunta-tambien-lo-tiene-claro-ante-las-heladas-lo-que-es-asegurable-no-es-subvencionable\/#breadcrumb","itemListElement":[{"@type":"ListItem","position":1,"name":"Portada","item":"https:\/\/www.pelayo.com\/teloaseguro\/"},{"@type":"ListItem","position":2,"name":"La Xunta tambi\u00e9n lo tiene claro ante las heladas: \u201cLo que es asegurable, no es subvencionable\u201d"}]},{"@type":"Person","@id":"https:\/\/www.pelayo.com\/teloaseguro\/#\/schema\/person\/1d0583946d44cebe958d5fbd356490e8","name":"Pelayo Seguros","image":{"@type":"ImageObject","@id":"https:\/\/www.pelayo.com\/teloaseguro\/#personlogo","inLanguage":"es","url":"https:\/\/secure.gravatar.com\/avatar\/?s=96&d=mm&r=g","contentUrl":"https:\/\/secure.gravatar.com\/avatar\/?s=96&d=mm&r=g","caption":"Pelayo Seguros"},"url":"https:\/\/www.pelayo.com\/teloaseguro\/author\/pelayo-seguros\/"}]}},"_links":{"self":[{"href":"https:\/\/www.pelayo.com\/teloaseguro\/wp-json\/wp\/v2\/posts\/1099"}],"collection":[{"href":"https:\/\/www.pelayo.com\/teloaseguro\/wp-json\/wp\/v2\/posts"}],"about":[{"href":"https:\/\/www.pelayo.com\/teloaseguro\/wp-json\/wp\/v2\/types\/post"}],"author":[{"embeddable":true,"href":"https:\/\/www.pelayo.com\/teloaseguro\/wp-json\/wp\/v2\/users\/2"}],"replies":[{"embeddable":true,"href":"https:\/\/www.pelayo.com\/teloaseguro\/wp-json\/wp\/v2\/comments?post=1099"}],"version-history":[{"count":2,"href":"https:\/\/www.pelayo.com\/teloaseguro\/wp-json\/wp\/v2\/posts\/1099\/revisions"}],"predecessor-version":[{"id":85404,"href":"https:\/\/www.pelayo.com\/teloaseguro\/wp-json\/wp\/v2\/posts\/1099\/revisions\/85404"}],"wp:featuredmedia":[{"embeddable":true,"href":"https:\/\/www.pelayo.com\/teloaseguro\/wp-json\/wp\/v2\/media\/84790"}],"wp:attachment":[{"href":"https:\/\/www.pelayo.com\/teloaseguro\/wp-json\/wp\/v2\/media?parent=1099"}],"wp:term":[{"taxonomy":"category","embeddable":true,"href":"https:\/\/www.pelayo.com\/teloaseguro\/wp-json\/wp\/v2\/categories?post=1099"},{"taxonomy":"post_tag","embeddable":true,"href":"https:\/\/www.pelayo.com\/teloaseguro\/wp-json\/wp\/v2\/tags?post=1099"}],"curies":[{"name":"wp","href":"https:\/\/api.w.org\/{rel}","templated":true}]}}